{"id":1190,"date":"2020-10-19T16:57:51","date_gmt":"2020-10-19T14:57:51","guid":{"rendered":"https:\/\/www.micro-mobility.fr\/blog\/?p=1190"},"modified":"2020-11-17T14:39:59","modified_gmt":"2020-11-17T13:39:59","slug":"passage-a-lheure-dhiver-bien-etre-vu","status":"publish","type":"post","link":"https:\/\/www.micro-mobility.fr\/blog\/passage-a-lheure-dhiver-bien-etre-vu\/","title":{"rendered":"Passage \u00e0 l&rsquo;heure d&rsquo;hiver, comment bien \u00eatre vu \u00e0 trottinette ?"},"content":{"rendered":"<h2>Un point sur l&rsquo;origine de ces changements&#8230;<\/h2>\n<p>Depuis<a href=\"https:\/\/en.wikipedia.org\/wiki\/William_Willett\" target=\"_blank\" rel=\"nofollow noopener noreferrer\"><img decoding=\"async\" loading=\"lazy\" class=\"wp-image-1194 alignleft\" title=\"William Willet - Changement d'heure \" src=\"https:\/\/www.micro-mobility.fr\/blog\/wp-content\/uploads\/2020\/10\/mw103312.jpg\" alt=\"William Willet - Changement d'heure \" width=\"138\" height=\"190\" srcset=\"https:\/\/www.micro-mobility.fr\/blog\/wp-content\/uploads\/2020\/10\/mw103312.jpg 583w, https:\/\/www.micro-mobility.fr\/blog\/wp-content\/uploads\/2020\/10\/mw103312-219x300.jpg 219w\" sizes=\"(max-width: 138px) 100vw, 138px\" \/><\/a> plus de 40 ans, nos horloges vacillent deux fois par an, lors du passage \u00e0 l&rsquo;heure d&rsquo;hiver ou d&rsquo;\u00e9t\u00e9.<\/p>\n<p>D\u00e9sormais, plus de 70 pays dans le monde appliquent le changement d&rsquo;heure chaque ann\u00e9e. Mais \u00e0 quoi sert-il exactement ?<\/p>\n<p>Il s&rsquo;agit juste d&rsquo;ajuster l&rsquo;heure locale officielle pour profiter de l&rsquo;ensoleillement suppl\u00e9mentaire du printemps jusqu&rsquo;\u00e0 la mi-automne. Ce principe a \u00e9t\u00e9 mis en place en 1907 par l&rsquo;inventeur et entrepreneur britannique,<span style=\"color: #0000ff;\"><a style=\"color: #0000ff;\" href=\"https:\/\/en.wikipedia.org\/wiki\/William_Willett\" target=\"_blank\" rel=\"nofollow noopener noreferrer\"><em><strong> William Willet<\/strong><\/em><\/a><\/span>, pour pouvoir \u00e9conomiser de l&rsquo;\u00e9nergie.<\/p>\n<h2><\/h2>\n<p>&nbsp;<\/p>\n<h2><\/h2>\n<h2><\/h2>\n<h2><\/h2>\n<h2><\/h2>\n<h2>Passage \u00e0 l&rsquo;heure d&rsquo;hiver 2020, \u00eatre bien vu \u00e0 trottinette<\/h2>\n<p>Dans la nuit du 24 au 25 octobre, nous allons gagner une heure de sommeil et perdre une heure de soleil. Il faudra donc reculer les horloges d\u2019une heure.<\/p>\n<p>Ainsi, dans les jours qui suivent, la luminosit\u00e9 va diminuer, les journ\u00e9es vont raccourcir et les \u00e9clairages des v\u00e9hicules et lampadaires ne sont pas toujours suffisants pour rester visible. Il faudra donc redoubler de vigilance pour \u00eatre vu par les autres en ville, surtout \u00e0 trottinette.<\/p>\n<p>Et pour vous d\u00e9placer sans risque, il faut penser \u00e0 v\u00e9rifier l&rsquo;\u00e9quipement de votre trottinette.<\/p>\n<p>Alors comment faire pour \u00eatre visible par les autres usagers de la route apr\u00e8s le passage \u00e0 l&rsquo;heure d&rsquo;hiver ?<\/p>\n<p>&nbsp;<\/p>\n<h2>Les accessoires lumineux pour \u00eatre visible la nuit<\/h2>\n<h3>Les Lumi\u00e8res Deluxe<\/h3>\n<p>Les lumi\u00e8res Micro vous permettront d&rsquo;assurer votre s\u00e9curit\u00e9 et celle de vos enfants en trottinette. Cet accessoire se clipse facilement sur le guidon de la trottinette.<\/p>\n<p><a href=\"https:\/\/www.micro-mobility.fr\/1239-lumiere-deluxe-rose.html\" target=\"_blank\" rel=\"nofollow noopener noreferrer\"><img decoding=\"async\" loading=\"lazy\" class=\"wp-image-1250 alignleft\" src=\"https:\/\/www.micro-mobility.fr\/blog\/wp-content\/uploads\/2020\/10\/Sans-titre-2.jpg\" alt=\"\" width=\"515\" height=\"290\" \/><\/a><\/p>\n<p>&nbsp;<\/p>\n<p>Les lumi\u00e8res Micro sont des accessoires qui s\u2019installent facilement sur le guidon de la trottinette et permettent d\u2019\u00eatre vu par les autres usagers de trottinette, par les pi\u00e9tons, mais \u00e9galement par les voitures.<\/p>\n<p>&nbsp;<\/p>\n<p>&nbsp;<\/p>\n<p>&nbsp;<\/p>\n<p><a href=\"https:\/\/www.micro-mobility.fr\/1239-lumiere-deluxe-rose.html\" target=\"_blank\" rel=\"nofollow noopener noreferrer\"><strong><img decoding=\"async\" loading=\"lazy\" class=\"alignleft wp-image-1206\" title=\"Image lumi\u00e8re trottinette - Passage \u00e0 l'heure d'hiver \" src=\"https:\/\/www.micro-mobility.fr\/blog\/wp-content\/uploads\/2020\/10\/medium-Light-Delexe-Pink.jpg\" alt=\"Image lumi\u00e8re trottinette - Passage \u00e0 l'heure d'hiver \" width=\"222\" height=\"232\" srcset=\"https:\/\/www.micro-mobility.fr\/blog\/wp-content\/uploads\/2020\/10\/medium-Light-Delexe-Pink.jpg 736w, https:\/\/www.micro-mobility.fr\/blog\/wp-content\/uploads\/2020\/10\/medium-Light-Delexe-Pink-288x300.jpg 288w\" sizes=\"(max-width: 222px) 100vw, 222px\" \/><\/strong><\/a><\/p>\n<p>&nbsp;<\/p>\n<p><strong><span style=\"text-decoration: underline;\"><em>Les plus :\u00a0<\/em><\/span><\/strong><\/p>\n<ul>\n<li>3 modes d&rsquo;\u00e9clairage : <strong>lumi\u00e8re constante, flash et flash rapide\u00a0<\/strong><\/li>\n<li>Piles fournies<\/li>\n<li>2 ampoules LED blanche (5 fois plus lumineuse que les LED classiques)<\/li>\n<li>Corps en silicone souple et r\u00e9sistant \u00e0 l&rsquo;eau<\/li>\n<li>4 coloris diff\u00e9rents (violet, noir, rose et bleu)<\/li>\n<\/ul>\n<p>&nbsp;<\/p>\n<p>&nbsp;<\/p>\n<p>&nbsp;<\/p>\n<p>&nbsp;<\/p>\n<h3>Le Magnet Light<\/h3>\n<p>La lumi\u00e8re magnet est l&rsquo;accessoire malin parfait pour \u00eatre vu dans la nuit ! Il se clipse facilement sur les v\u00eatements et sur les sacs gr\u00e2ce \u00e0 un aimant int\u00e9gr\u00e9. Avec \u00e7a, il deviendra vite indispensable lors de vos trajets \u00e0 trottinette de nuit !<\/p>\n<p><a href=\"https:\/\/www.micro-mobility.fr\/1099-lumiere-led-clip-magnet.html\" target=\"_blank\" rel=\"nofollow noopener noreferrer\"><img decoding=\"async\" loading=\"lazy\" class=\"alignleft wp-image-1207\" title=\"Imagemagnet - Passage \u00e0 l'heure d'hiver \" src=\"https:\/\/www.micro-mobility.fr\/blog\/wp-content\/uploads\/2020\/10\/large-Magnet-Light.jpg\" alt=\"Image magnet - Passage \u00e0 l'heure d'hiver \" width=\"265\" height=\"214\" \/><\/a><\/p>\n<p>&nbsp;<\/p>\n<p><span style=\"text-decoration: underline;\"><em><strong>Les plus : <\/strong><\/em><\/span><\/p>\n<ul>\n<li>2 modes d\u2019\u00e9clairage sont possible : un mode <strong>fixe<\/strong> et un mode <strong>clignotant.<\/strong><\/li>\n<li>Pile plate CR2032 fournie<\/li>\n<li>Se clipse facilement sur les v\u00eatements et les sacs (aimant int\u00e9gr\u00e9)<\/li>\n<\/ul>\n<h4><\/h4>\n<p>&nbsp;<\/p>\n<p>&nbsp;<\/p>\n<p>&nbsp;<\/p>\n<p>&nbsp;<\/p>\n<h3>Le Safety Light<\/h3>\n<p>Cet accessoire lumineux est tr\u00e8s pratique pour \u00eatre vu par les autres si vous vous d\u00e9placez le soir. Les bandes auto-aggripantes vous permettent de fixer le Safety Light tr\u00e8s simplement sur le guidon de votre trottinette.<\/p>\n<p><a href=\"https:\/\/www.micro-mobility.fr\/1137-safety-light.html\" target=\"_blank\" rel=\"nofollow noopener noreferrer\"><img decoding=\"async\" loading=\"lazy\" class=\"alignleft wp-image-1208\" title=\"Image safety light trottinette - Passage \u00e0 l'heure d'hiver \" src=\"https:\/\/www.micro-mobility.fr\/blog\/wp-content\/uploads\/2020\/10\/large-Safety-Light1.jpg\" alt=\"Image safety light trottinette - Passage \u00e0 l'heure d'hiver \" width=\"130\" height=\"199\" srcset=\"https:\/\/www.micro-mobility.fr\/blog\/wp-content\/uploads\/2020\/10\/large-Safety-Light1.jpg 781w, https:\/\/www.micro-mobility.fr\/blog\/wp-content\/uploads\/2020\/10\/large-Safety-Light1-195x300.jpg 195w, https:\/\/www.micro-mobility.fr\/blog\/wp-content\/uploads\/2020\/10\/large-Safety-Light1-666x1024.jpg 666w, https:\/\/www.micro-mobility.fr\/blog\/wp-content\/uploads\/2020\/10\/large-Safety-Light1-768x1180.jpg 768w\" sizes=\"(max-width: 130px) 100vw, 130px\" \/><\/a> <a href=\"https:\/\/www.micro-mobility.fr\/1137-safety-light.html\" target=\"_blank\" rel=\"nofollow noopener noreferrer\"><img decoding=\"async\" loading=\"lazy\" class=\"alignleft wp-image-1209\" title=\"Image Rainbow light trottinette - Passage \u00e0 l'heure d'hiver \" src=\"https:\/\/www.micro-mobility.fr\/blog\/wp-content\/uploads\/2020\/10\/large-Safety-Light.jpg\" alt=\"Image Rainbow light trottinette - Passage \u00e0 l'heure d'hiver \" width=\"103\" height=\"190\" srcset=\"https:\/\/www.micro-mobility.fr\/blog\/wp-content\/uploads\/2020\/10\/large-Safety-Light.jpg 652w, https:\/\/www.micro-mobility.fr\/blog\/wp-content\/uploads\/2020\/10\/large-Safety-Light-163x300.jpg 163w, https:\/\/www.micro-mobility.fr\/blog\/wp-content\/uploads\/2020\/10\/large-Safety-Light-556x1024.jpg 556w\" sizes=\"(max-width: 103px) 100vw, 103px\" \/><\/a><\/p>\n<h4><\/h4>\n<p>&nbsp;<\/p>\n<p><strong><em><span style=\"text-decoration: underline;\">Les plus :<\/span><\/em><\/strong><\/p>\n<ul>\n<li>3 modes d&rsquo;\u00e9clairage diff\u00e9rents : \u00c9clair\u00e9, Clignotant ou \u00c9teint<\/li>\n<li>Les rubans Velcro permettent de l&rsquo;attacher facilement sur la tige de votre trottinette.<\/li>\n<\/ul>\n<h4><\/h4>\n<h4><\/h4>\n<h4><\/h4>\n<p>&nbsp;<\/p>\n<p>&nbsp;<\/p>\n<p>&nbsp;<\/p>\n<p>&nbsp;<\/p>\n<h3>Le Micro Rainbow Light<\/h3>\n<p>&nbsp;<\/p>\n<p><a href=\"https:\/\/www.micro-mobility.fr\/1450-micro-rainbow-light.html\" target=\"_blank\" rel=\"nofollow noopener noreferrer\"><img decoding=\"async\" loading=\"lazy\" class=\"wp-image-1212 alignleft\" title=\"Image Rainbow light trottinette - Passage \u00e0 l'heure d'hiver \" src=\"https:\/\/www.micro-mobility.fr\/blog\/wp-content\/uploads\/2020\/10\/large-Mixed-Maxi-Micro-Deluxe-Foldable-Mini-Micro-Deluxe-LED-Micro-Rainbow-Light-1.jpg\" alt=\"Image Rainbow light trottinette - Passage \u00e0 l'heure d'hiver \" width=\"443\" height=\"294\" srcset=\"https:\/\/www.micro-mobility.fr\/blog\/wp-content\/uploads\/2020\/10\/large-Mixed-Maxi-Micro-Deluxe-Foldable-Mini-Micro-Deluxe-LED-Micro-Rainbow-Light-1.jpg 800w, https:\/\/www.micro-mobility.fr\/blog\/wp-content\/uploads\/2020\/10\/large-Mixed-Maxi-Micro-Deluxe-Foldable-Mini-Micro-Deluxe-LED-Micro-Rainbow-Light-1-300x199.jpg 300w, https:\/\/www.micro-mobility.fr\/blog\/wp-content\/uploads\/2020\/10\/large-Mixed-Maxi-Micro-Deluxe-Foldable-Mini-Micro-Deluxe-LED-Micro-Rainbow-Light-1-768x510.jpg 768w\" sizes=\"(max-width: 443px) 100vw, 443px\" \/><\/a><\/p>\n<p>&nbsp;<\/p>\n<p>Gr\u00e2ce au tube lumineux vos enfants seront d\u00e9sormais visibles en toutes circonstances ! Avec ses couleurs de l&rsquo;arc-en-ciel, il illumine la colonne de direction de la trottinette.<\/p>\n<p>Le tube lumineux Rainbow a \u00e9t\u00e9 sp\u00e9cialement con\u00e7u pour les trottinettes Mini et Maxi Micro mais s\u2019adapte aussi sur les Micro Sprite et les autres trottinettes. Un must have pour tous les petits utilisateurs de trottinettes Micro !<\/p>\n<p>&nbsp;<\/p>\n<p>&nbsp;<\/p>\n<p><a href=\"https:\/\/www.micro-mobility.fr\/1450-micro-rainbow-light.html\" target=\"_blank\" rel=\"nofollow noopener noreferrer\"><img decoding=\"async\" loading=\"lazy\" class=\"alignleft wp-image-1211\" title=\"Image Rainbow light trottinette - Passage \u00e0 l'heure d'hiver \" src=\"https:\/\/www.micro-mobility.fr\/blog\/wp-content\/uploads\/2020\/10\/png-Micro-Rainbow-Light.png\" alt=\"Image Rainbow light trottinette - Passage \u00e0 l'heure d'hiver \" width=\"246\" height=\"305\" srcset=\"https:\/\/www.micro-mobility.fr\/blog\/wp-content\/uploads\/2020\/10\/png-Micro-Rainbow-Light.png 3762w, https:\/\/www.micro-mobility.fr\/blog\/wp-content\/uploads\/2020\/10\/png-Micro-Rainbow-Light-242x300.png 242w, https:\/\/www.micro-mobility.fr\/blog\/wp-content\/uploads\/2020\/10\/png-Micro-Rainbow-Light-825x1024.png 825w, https:\/\/www.micro-mobility.fr\/blog\/wp-content\/uploads\/2020\/10\/png-Micro-Rainbow-Light-768x954.png 768w, https:\/\/www.micro-mobility.fr\/blog\/wp-content\/uploads\/2020\/10\/png-Micro-Rainbow-Light-1237x1536.png 1237w, https:\/\/www.micro-mobility.fr\/blog\/wp-content\/uploads\/2020\/10\/png-Micro-Rainbow-Light-1649x2048.png 1649w\" sizes=\"(max-width: 246px) 100vw, 246px\" \/><\/a><\/p>\n<p>&nbsp;<\/p>\n<p><span style=\"text-decoration: underline;\"><em><strong>Les plus :<\/strong><\/em><\/span><\/p>\n<ul>\n<li>Facile \u00e0 fixer sur le guidon avec une bande velcro<\/li>\n<li>Rechargeable et aliment\u00e9 par une batterie au Lithium<\/li>\n<li>2 modes disponibles : Constant ou clignotant<\/li>\n<li>Fait en polym\u00e8re<\/li>\n<\/ul>\n<p>&nbsp;<\/p>\n<p>&nbsp;<\/p>\n<p>&nbsp;<\/p>\n<p>&nbsp;<\/p>\n<h4><\/h4>\n<p>&nbsp;<\/p>\n<p>&nbsp;<\/p>\n<h3>Le frein lumineux<\/h3>\n<p><a href=\"https:\/\/www.micro-mobility.fr\/1451-frein-lumineux.html\" target=\"_blank\" rel=\"nofollow noopener noreferrer\"><img decoding=\"async\" loading=\"lazy\" class=\"aligncenter wp-image-1214\" title=\"Image frein lumineux trottinette - Passage \u00e0 l'heure d'hiver \" src=\"https:\/\/www.micro-mobility.fr\/blog\/wp-content\/uploads\/2020\/10\/large-Mini-Micro-Brake-Light.jpg\" alt=\"Image frein lumineux trottinette - Passage \u00e0 l'heure d'hiver \" width=\"220\" height=\"174\" srcset=\"https:\/\/www.micro-mobility.fr\/blog\/wp-content\/uploads\/2020\/10\/large-Mini-Micro-Brake-Light.jpg 1514w, https:\/\/www.micro-mobility.fr\/blog\/wp-content\/uploads\/2020\/10\/large-Mini-Micro-Brake-Light-300x238.jpg 300w, https:\/\/www.micro-mobility.fr\/blog\/wp-content\/uploads\/2020\/10\/large-Mini-Micro-Brake-Light-1024x812.jpg 1024w, https:\/\/www.micro-mobility.fr\/blog\/wp-content\/uploads\/2020\/10\/large-Mini-Micro-Brake-Light-768x609.jpg 768w\" sizes=\"(max-width: 220px) 100vw, 220px\" \/><\/a><\/p>\n<p>Avec ce frein lumineux, vos enfants seront encore plus en s\u00e9curit\u00e9 lors de leurs d\u00e9placements \u00e0 trottinette. D\u00e8s que le frein est actionn\u00e9, le t\u00e9moin de freinage &#8211; compos\u00e9 d&rsquo;une LED rouge et jaune &#8211; s&rsquo;allume pendant 90 secondes avant de s&rsquo;\u00e9teindre automatiquement.<\/p>\n<p><a href=\"https:\/\/www.micro-mobility.fr\/105-trottinettes-des-2-ans\" target=\"_blank\" rel=\"nofollow noopener noreferrer\"><img decoding=\"async\" loading=\"lazy\" class=\"alignleft wp-image-1213\" title=\"Image frein lumineux trottinette - Passage \u00e0 l'heure d'hiver \" src=\"https:\/\/www.micro-mobility.fr\/blog\/wp-content\/uploads\/2020\/10\/large-Mini-Micro-Brake-Light1.jpg\" alt=\"Image frein lumineux trottinette - Passage \u00e0 l'heure d'hiver \" width=\"244\" height=\"299\" srcset=\"https:\/\/www.micro-mobility.fr\/blog\/wp-content\/uploads\/2020\/10\/large-Mini-Micro-Brake-Light1.jpg 979w, https:\/\/www.micro-mobility.fr\/blog\/wp-content\/uploads\/2020\/10\/large-Mini-Micro-Brake-Light1-245x300.jpg 245w, https:\/\/www.micro-mobility.fr\/blog\/wp-content\/uploads\/2020\/10\/large-Mini-Micro-Brake-Light1-835x1024.jpg 835w, https:\/\/www.micro-mobility.fr\/blog\/wp-content\/uploads\/2020\/10\/large-Mini-Micro-Brake-Light1-768x941.jpg 768w\" sizes=\"(max-width: 244px) 100vw, 244px\" \/><\/a><\/p>\n<p>&nbsp;<\/p>\n<p><span style=\"text-decoration: underline;\"><em><strong>Les plus :<\/strong> <\/em><\/span><\/p>\n<ul>\n<li>S&rsquo;adapte sur les gammes Mini Micro Classique, Mini Micro Deluxe et Mini Micro 3-en-1<\/li>\n<li>Fournie avec une pile<\/li>\n<li>Compos\u00e9 d&rsquo;une LED rouge et jaune<\/li>\n<\/ul>\n<p>&nbsp;<\/p>\n<p>&nbsp;<\/p>\n<p>&nbsp;<\/p>\n<p>&nbsp;<\/p>\n<p>&nbsp;<\/p>\n<p>&nbsp;<\/p>\n<h2>Rappel sur les lumi\u00e8res des trottinettes \u00e9lectriques<\/h2>\n<p><a href=\"https:\/\/www.micro-mobility.fr\/290-toutes-les-trottinettes-electriques\" target=\"_blank\" rel=\"nofollow noopener noreferrer\"><img decoding=\"async\" loading=\"lazy\" class=\"alignnone wp-image-1215 size-full\" title=\"Image rappel lumi\u00e8res trottinettes \u00e9lectriques \" src=\"https:\/\/www.micro-mobility.fr\/blog\/wp-content\/uploads\/2020\/10\/unnamed.jpg\" alt=\"Image rappel lumi\u00e8res trottinettes \u00e9lectriques \" width=\"2460\" height=\"1264\" srcset=\"https:\/\/www.micro-mobility.fr\/blog\/wp-content\/uploads\/2020\/10\/unnamed.jpg 2460w, https:\/\/www.micro-mobility.fr\/blog\/wp-content\/uploads\/2020\/10\/unnamed-300x154.jpg 300w, https:\/\/www.micro-mobility.fr\/blog\/wp-content\/uploads\/2020\/10\/unnamed-1024x526.jpg 1024w, https:\/\/www.micro-mobility.fr\/blog\/wp-content\/uploads\/2020\/10\/unnamed-768x395.jpg 768w, https:\/\/www.micro-mobility.fr\/blog\/wp-content\/uploads\/2020\/10\/unnamed-1536x789.jpg 1536w, https:\/\/www.micro-mobility.fr\/blog\/wp-content\/uploads\/2020\/10\/unnamed-2048x1052.jpg 2048w\" sizes=\"(max-width: 2460px) 100vw, 2460px\" \/><\/a><\/p>\n<p>&nbsp;<\/p>\n<h2><\/h2>\n<h2>Le point info<\/h2>\n<p>En ville, m\u00eame si nous pensons \u00eatre vu correctement par les autres usagers gr\u00e2ce aux lampadaires et \u00e0 l&rsquo;\u00e9clairage des v\u00e9hicules, ceux-ci ne suffisent pas \u00e0 toujours bien voir les pi\u00e9tons, les cyclistes ou les utilisateurs de trottinettes qui traversent sur la route, m\u00eame si ces derniers ont l\u2019impression d\u2019\u00eatre vus.<\/p>\n<p>De ce fait, il est pr\u00e9f\u00e9rable de porter des v\u00eatements de couleur claire, ou encore mieux, assortis avec des bandes r\u00e9tro-r\u00e9fl\u00e9chissantes. C&rsquo;est pour cela que les cyclistes et les utilisateurs de scooter, doivent \u00e9galement \u00e9quiper leurs v\u00e9los ou engin d&rsquo;une lumi\u00e8re ou d&rsquo;une veilleuse.<\/p>\n<ul>\n<li>Avant <strong>le passage \u00e0 l&rsquo;heure d&rsquo;hiver<\/strong>, le nombre d&rsquo;accidents mortels de la circulation pi\u00e9tons augmente fortement en raison du manque de luminosit\u00e9 et de la vigilance de certains conducteurs.<\/li>\n<li>Les conducteurs doivent donc pr\u00eater une attention tr\u00e8s particuli\u00e8re aux pi\u00e9tons vivant en zone rurale peu \u00e9clair\u00e9e, et ainsi adopter quelques bons r\u00e9flexes, pour assurer la s\u00e9curit\u00e9 de tous.<\/li>\n<\/ul>\n<p>&nbsp;<\/p>\n<h2><img decoding=\"async\" loading=\"lazy\" class=\"alignleft wp-image-1216\" title=\"Image panneau attention\" src=\"https:\/\/www.micro-mobility.fr\/blog\/wp-content\/uploads\/2020\/10\/pictogram-din-w000-general.png\" alt=\"Image panneau attention\" width=\"197\" height=\"197\" srcset=\"https:\/\/www.micro-mobility.fr\/blog\/wp-content\/uploads\/2020\/10\/pictogram-din-w000-general.png 256w, https:\/\/www.micro-mobility.fr\/blog\/wp-content\/uploads\/2020\/10\/pictogram-din-w000-general-150x150.png 150w\" sizes=\"(max-width: 197px) 100vw, 197px\" \/><strong>+50\u00a0% d\u2019accidents entre <span style=\"text-decoration: underline;\">17 et 19\u00a0heures<\/span><\/strong><\/h2>\n<p>Le manque de vision\u00a0tombe\u00a0pile sur les cr\u00e9neaux correspondant aux\u00a0sorties de classes et aux trajets travail-domicile. La D\u00e9l\u00e9gation de la S\u00e9curit\u00e9 routi\u00e8re indique que le nombre d\u2019accidents augmente de\u00a050\u00a0% sur la tranche horaire allant de 17 \u00e0 19\u00a0heures et\u00a0de 18\u00a0% entre 7\u00a0et 9\u00a0heures.<\/p>\n<p>Des chiffres impressionnants qui devraient pousser les conducteurs d\u2019engins motoris\u00e9s \u00e0 se rem\u00e9morer quelques r\u00e8gles \u00e9l\u00e9mentaires du Code de la route.<\/p>\n<p><em>D&rsquo;apr\u00e8s un article de <a href=\"https:\/\/www.20minutes.fr\/societe\/2637819-20191027-securite-routiere-pietons-bien-plus-victimes-accidents-mortels-apres-passage-heure-hiver\" target=\"_blank\" rel=\"nofollow noopener noreferrer\"><strong><span style=\"color: #ffff00;\"><span style=\"color: #f7f765;\"><span style=\"color: #f2f222;\">20minutes.fr<\/span><\/span><\/span><\/strong><span style=\"color: #f2f222;\"><strong>, \u00ab\u00a0S\u00e9curit\u00e9 routi\u00e8re : Les pi\u00e9tons davantage victimes d\u2019accidents mortels apr\u00e8s le passage \u00e0 l\u2019heure d\u2019hiver\u00a0\u00bb<\/strong><\/span><\/a><span style=\"color: #f7f765;\">, <\/span><\/em>le 27\/10\/19 par Marie De Fournas.<\/p>\n<p>&nbsp;<\/p>\n","protected":false},"excerpt":{"rendered":"<p>Dans la nuit du 24 au 25 octobre, c&rsquo;est le passage \u00e0 l&rsquo;heure d&rsquo;hiver. Nous allons gagner une heure de sommeil mais perdre une heure de soleil. Alors comment bien \u00eatre vu par les autres usagers ? Micro vous donne des conseils pour assurer votre s\u00e9curit\u00e9 m\u00eame dans le noir !  <\/p>\n","protected":false},"author":6,"featured_media":1220,"comment_status":"closed","ping_status":"open","sticky":false,"template":"","format":"standard","meta":[],"categories":[1,4,6,5],"tags":[143,140,130,144,142,141,110,146,145,133],"aioseo_notices":[],"_links":{"self":[{"href":"https:\/\/www.micro-mobility.fr\/blog\/wp-json\/wp\/v2\/posts\/1190"}],"collection":[{"href":"https:\/\/www.micro-mobility.fr\/blog\/wp-json\/wp\/v2\/posts"}],"about":[{"href":"https:\/\/www.micro-mobility.fr\/blog\/wp-json\/wp\/v2\/types\/post"}],"author":[{"embeddable":true,"href":"https:\/\/www.micro-mobility.fr\/blog\/wp-json\/wp\/v2\/users\/6"}],"replies":[{"embeddable":true,"href":"https:\/\/www.micro-mobility.fr\/blog\/wp-json\/wp\/v2\/comments?post=1190"}],"version-history":[{"count":42,"href":"https:\/\/www.micro-mobility.fr\/blog\/wp-json\/wp\/v2\/posts\/1190\/revisions"}],"predecessor-version":[{"id":1261,"href":"https:\/\/www.micro-mobility.fr\/blog\/wp-json\/wp\/v2\/posts\/1190\/revisions\/1261"}],"wp:featuredmedia":[{"embeddable":true,"href":"https:\/\/www.micro-mobility.fr\/blog\/wp-json\/wp\/v2\/media\/1220"}],"wp:attachment":[{"href":"https:\/\/www.micro-mobility.fr\/blog\/wp-json\/wp\/v2\/media?parent=1190"}],"wp:term":[{"taxonomy":"category","embeddable":true,"href":"https:\/\/www.micro-mobility.fr\/blog\/wp-json\/wp\/v2\/categories?post=1190"},{"taxonomy":"post_tag","embeddable":true,"href":"https:\/\/www.micro-mobility.fr\/blog\/wp-json\/wp\/v2\/tags?post=1190"}],"curies":[{"name":"wp","href":"https:\/\/api.w.org\/{rel}","templated":true}]}}