{"id":1274,"date":"2020-11-17T15:06:11","date_gmt":"2020-11-17T14:06:11","guid":{"rendered":"https:\/\/www.micro-mobility.fr\/blog\/?p=1274"},"modified":"2020-11-18T15:19:53","modified_gmt":"2020-11-18T14:19:53","slug":"nouveautes-mini-maxi-micro-deluxe-eco","status":"publish","type":"post","link":"https:\/\/www.micro-mobility.fr\/blog\/nouveautes-mini-maxi-micro-deluxe-eco\/","title":{"rendered":"Nouveaut\u00e9s : Mini et Maxi Micro Deluxe \u00c9co !"},"content":{"rendered":"<p><span style=\"color: #ffffff;\">Micro Deluxe \u00c9co<\/span><\/p>\n<h2 class=\"css-1omijf2\">91% des d\u00e9chets plastiques ne sont pas recycl\u00e9s<\/h2>\n<p>&nbsp;<\/p>\n<p><a href=\"https:\/\/www.huffingtonpost.fr\/entry\/quantite-plastique-dans-les-oceans-a-explose-depuis-1945_fr_5d72085de4b0fd4168e8640e\"><img decoding=\"async\" loading=\"lazy\" class=\"alignleft wp-image-1275\" title=\"Photo d\u00e9chets plastiques oc\u00e9ans - Huffingtonpost.fr\" src=\"https:\/\/www.micro-mobility.fr\/blog\/wp-content\/uploads\/2020\/11\/5d721e802300004e0050f405.jpeg\" alt=\"Photo de d\u00e9chets plastiques dans les oc\u00e9ans \" width=\"465\" height=\"262\" srcset=\"https:\/\/www.micro-mobility.fr\/blog\/wp-content\/uploads\/2020\/11\/5d721e802300004e0050f405.jpeg 1778w, https:\/\/www.micro-mobility.fr\/blog\/wp-content\/uploads\/2020\/11\/5d721e802300004e0050f405-300x169.jpeg 300w, https:\/\/www.micro-mobility.fr\/blog\/wp-content\/uploads\/2020\/11\/5d721e802300004e0050f405-1024x576.jpeg 1024w, https:\/\/www.micro-mobility.fr\/blog\/wp-content\/uploads\/2020\/11\/5d721e802300004e0050f405-768x432.jpeg 768w, https:\/\/www.micro-mobility.fr\/blog\/wp-content\/uploads\/2020\/11\/5d721e802300004e0050f405-1536x864.jpeg 1536w\" sizes=\"(max-width: 465px) 100vw, 465px\" \/><\/a>Chaque ann\u00e9e, c&rsquo;est pr\u00e8s de <strong>8 millions de tonnes de d\u00e9chets plastiques<\/strong> qui s&rsquo;infiltrent dans nos oc\u00e9ans. \ud83c\udf0a<\/p>\n<p>La pollution maritime est devenue un v\u00e9ritable fl\u00e9au environnemental, ces d\u00e9chets proviennent principalement de l&rsquo;industrie maritime (chaluts, cordes, filets de p\u00eache&#8230;).<\/p>\n<p>Si nous ne r\u00e9agissons pas maintenant, on pr\u00e9voit qu&rsquo;il y ait plus de plastique que de poissons dans les oc\u00e9ans, d&rsquo;ici 2050&#8230; \ud83d\udc20<\/p>\n<p>Alors qu&rsquo;attendons-nous pour faire bouger les choses ?!<\/p>\n<p>&nbsp;<\/p>\n<h2><\/h2>\n<h2>Un point sur la situation&#8230;<\/h2>\n<p><a href=\"https:\/\/www.ecologie.gouv.fr\/dechets-marins\"><img decoding=\"async\" loading=\"lazy\" class=\"alignright wp-image-1301\" title=\"Sch\u00e9ma des oc\u00e9ans de plastique - Minist\u00e8re de la Transition \u00c9cologique \" src=\"https:\/\/www.micro-mobility.fr\/blog\/wp-content\/uploads\/2020\/11\/Sacs-plastique_810_0.jpg\" alt=\"Sch\u00e9ma des oc\u00e9ans de plastique \" width=\"433\" height=\"324\" srcset=\"https:\/\/www.micro-mobility.fr\/blog\/wp-content\/uploads\/2020\/11\/Sacs-plastique_810_0.jpg 810w, https:\/\/www.micro-mobility.fr\/blog\/wp-content\/uploads\/2020\/11\/Sacs-plastique_810_0-300x225.jpg 300w, https:\/\/www.micro-mobility.fr\/blog\/wp-content\/uploads\/2020\/11\/Sacs-plastique_810_0-768x576.jpg 768w\" sizes=\"(max-width: 433px) 100vw, 433px\" \/><\/a><\/p>\n<p>&nbsp;<\/p>\n<p>Depuis 2000, la quantit\u00e9 de plastique produite dans le monde a atteint la somme des ann\u00e9es pr\u00e9c\u00e9dentes. La production et la consommation annuelles d&#8217;emballages et d&rsquo;autres composants en plastique sont plus \u00e9lev\u00e9es que l&rsquo;ann\u00e9e pr\u00e9c\u00e9dente.<\/p>\n<p>L&rsquo;industrie des emballages jetables tels que les sacs, sachets, barquettes, bouteilles, est l&rsquo;un des principaux moteurs de cette croissance.<\/p>\n<p>Une cons\u00e9quence in\u00e9vitable doit donc \u00eatre constat\u00e9e : l&rsquo;expansion du nombre de d\u00e9chets.<\/p>\n<p>&nbsp;<\/p>\n<p>&nbsp;<\/p>\n<h2><\/h2>\n<p>&nbsp;<\/p>\n<h2>Nos actions<\/h2>\n<p>&nbsp;<\/p>\n<p><a href=\"https:\/\/www.micro-mobility.fr\/1557-mini-micro-deluxe-eco-vert.html\"><img decoding=\"async\" loading=\"lazy\" class=\"alignleft wp-image-1279\" title=\"Image Mini Micro \u00c9co - Micro-Mobility \" src=\"https:\/\/www.micro-mobility.fr\/blog\/wp-content\/uploads\/2020\/11\/mini-micro-deluxe-eco-vert2.jpg\" alt=\"Image Mini Micro \u00c9co avec des filets de p\u00eache en arri\u00e8re-plan\" width=\"201\" height=\"268\" srcset=\"https:\/\/www.micro-mobility.fr\/blog\/wp-content\/uploads\/2020\/11\/mini-micro-deluxe-eco-vert2.jpg 800w, https:\/\/www.micro-mobility.fr\/blog\/wp-content\/uploads\/2020\/11\/mini-micro-deluxe-eco-vert2-225x300.jpg 225w, https:\/\/www.micro-mobility.fr\/blog\/wp-content\/uploads\/2020\/11\/mini-micro-deluxe-eco-vert2-768x1023.jpg 768w\" sizes=\"(max-width: 201px) 100vw, 201px\" \/><\/a>Depuis 2017, beaucoup d\u2019actions ambitieuses ont \u00e9t\u00e9 mises en \u0153uvre pour lutter \u00e0 la racine contre l&rsquo;utilisation de plastique.<\/p>\n<p>Chez Micro, la durabilit\u00e9 est notre fil conducteur depuis plus de 20 ans : nous fabriquons des produits qui se transmettent de g\u00e9n\u00e9ration en g\u00e9n\u00e9ration du fait de leur robustesse et de leur long\u00e9vit\u00e9. Mais nous sommes aussi conscients de notre responsabilit\u00e9 envers l&rsquo;environnement et nous avons souhait\u00e9 contribuer \u00e0 la construction d&rsquo;une soci\u00e9t\u00e9 plus responsable.<\/p>\n<p>De ce fait, \u00e0 l&rsquo;occasion de la journ\u00e9e mondiale du recyclage le 15 novembre 2020, Micro-Mobility vous pr\u00e9sente sa toute <span style=\"color: #339966;\"><strong>nouvelle ligne durable de trottinettes enfant con\u00e7ues \u00e0 partir de plastique vert issu de filets de p\u00eache recycl\u00e9s : Les trottinettes Mini et Maxi Micro Deluxe \u00c9co !<\/strong> <\/span>\u267b\ufe0f\ud83c\udfa3<\/p>\n<p>&nbsp;<\/p>\n<p><img decoding=\"async\" loading=\"lazy\" class=\"aligncenter wp-image-1288\" title=\"Infographie sur la pollution du plastique \" src=\"https:\/\/www.micro-mobility.fr\/blog\/wp-content\/uploads\/2020\/11\/Micro-ECO-Infographic-1000x500-1.png\" alt=\"Infographie sur la pollution du plastique \" width=\"958\" height=\"479\" srcset=\"https:\/\/www.micro-mobility.fr\/blog\/wp-content\/uploads\/2020\/11\/Micro-ECO-Infographic-1000x500-1.png 1000w, https:\/\/www.micro-mobility.fr\/blog\/wp-content\/uploads\/2020\/11\/Micro-ECO-Infographic-1000x500-1-300x150.png 300w, https:\/\/www.micro-mobility.fr\/blog\/wp-content\/uploads\/2020\/11\/Micro-ECO-Infographic-1000x500-1-768x384.png 768w\" sizes=\"(max-width: 958px) 100vw, 958px\" \/><\/p>\n<h2><\/h2>\n<p>&nbsp;<\/p>\n<h2>Pourquoi une gamme recycl\u00e9e ?<\/h2>\n<p>&nbsp;<\/p>\n<p><a href=\"https:\/\/www.futura-sciences.com\/planete\/dossiers\/pollution-dechets-plastique-mer-septieme-continent-1898\/page\/5\/\"><img decoding=\"async\" loading=\"lazy\" class=\"wp-image-1280 alignleft\" title=\"Photo plastique oc\u00e9an - Futura-Sciences\" src=\"https:\/\/www.micro-mobility.fr\/blog\/wp-content\/uploads\/2020\/11\/50b04d5288_120370_05-1898.jpg\" alt=\"Photo plastique oc\u00e9an\" width=\"562\" height=\"293\" srcset=\"https:\/\/www.micro-mobility.fr\/blog\/wp-content\/uploads\/2020\/11\/50b04d5288_120370_05-1898.jpg 1024w, https:\/\/www.micro-mobility.fr\/blog\/wp-content\/uploads\/2020\/11\/50b04d5288_120370_05-1898-300x156.jpg 300w, https:\/\/www.micro-mobility.fr\/blog\/wp-content\/uploads\/2020\/11\/50b04d5288_120370_05-1898-768x400.jpg 768w\" sizes=\"(max-width: 562px) 100vw, 562px\" \/><\/a><\/p>\n<p>&nbsp;<\/p>\n<p>&nbsp;<\/p>\n<p>&nbsp;<\/p>\n<p>&nbsp;<\/p>\n<p>&nbsp;<\/p>\n<p>&nbsp;<\/p>\n<p>&nbsp;<\/p>\n<p><span style=\"color: #ffffff;\">Micro Deluxe \u00c9co<\/span><\/p>\n<p>&nbsp;<\/p>\n<p>&nbsp;<\/p>\n<p>En utilisant ce mat\u00e9riau recycl\u00e9, nous contribuons \u00e0 r\u00e9duire la mise en d\u00e9charge, la pollution marine et la perte de ressources pr\u00e9cieuses. Chaque fois que nous utilisons 1000 kg de plastique vert, nous \u00e9conomisons l&rsquo;\u00e9quivalent de <strong>1675 kg d&rsquo;\u00e9missions de CO2<\/strong> par rapport \u00e0 une mati\u00e8re plastique vierge similaire !<\/p>\n<p>Utiliser du plastique vert signifie aussi r\u00e9duire l&#8217;empreinte \u00e9cologique de nos produits jusqu&rsquo;\u00e0 95% d&rsquo;\u00e9missions de CO2 \u200b\u200bpar rapport au plastique vierge ! \ud83c\udf0d<\/p>\n<p>L&rsquo;objectif ? Contribuer au combat contre la pollution plastique et \u00e0 la construction d&rsquo;un monde plus responsable !<\/p>\n<p><span style=\"color: #ffffff;\">Micro \u00c9co<\/span><\/p>\n<p>&nbsp;<\/p>\n<h2>Zoom sur les nouvelles Mini et Maxi Micro Deluxe \u00c9co \ud83c\udf31<\/h2>\n<p><span style=\"color: #ffffff;\">Micro Deluxe \u00c9co<\/span><\/p>\n<p><a href=\"https:\/\/www.micro-mobility.fr\/1557-mini-micro-deluxe-eco-vert.html\" target=\"_blank\" rel=\"noopener noreferrer\"><img decoding=\"async\" loading=\"lazy\" class=\"alignleft wp-image-1383\" title=\"Photo Mini Micro Deluxe \u00c9co - Micro-Mobility \" src=\"https:\/\/www.micro-mobility.fr\/blog\/wp-content\/uploads\/2020\/11\/png-Mini-Micro-Deluxe-ECO-Green.png\" alt=\"Photo Mini Micro Deluxe \u00c9co\" width=\"150\" height=\"225\" srcset=\"https:\/\/www.micro-mobility.fr\/blog\/wp-content\/uploads\/2020\/11\/png-Mini-Micro-Deluxe-ECO-Green.png 4517w, https:\/\/www.micro-mobility.fr\/blog\/wp-content\/uploads\/2020\/11\/png-Mini-Micro-Deluxe-ECO-Green-200x300.png 200w, https:\/\/www.micro-mobility.fr\/blog\/wp-content\/uploads\/2020\/11\/png-Mini-Micro-Deluxe-ECO-Green-683x1024.png 683w, https:\/\/www.micro-mobility.fr\/blog\/wp-content\/uploads\/2020\/11\/png-Mini-Micro-Deluxe-ECO-Green-768x1152.png 768w, https:\/\/www.micro-mobility.fr\/blog\/wp-content\/uploads\/2020\/11\/png-Mini-Micro-Deluxe-ECO-Green-1024x1536.png 1024w, https:\/\/www.micro-mobility.fr\/blog\/wp-content\/uploads\/2020\/11\/png-Mini-Micro-Deluxe-ECO-Green-1365x2048.png 1365w\" sizes=\"(max-width: 150px) 100vw, 150px\" \/><\/a><a href=\"https:\/\/www.micro-mobility.fr\/1558-maxi-micro-deluxe-eco-vert.html\" target=\"_blank\" rel=\"noopener noreferrer\"><img decoding=\"async\" loading=\"lazy\" class=\"alignleft wp-image-1389\" title=\"Photo Maxi Micro Deluxe \u00c9co - Micro-Mobility\" src=\"https:\/\/www.micro-mobility.fr\/blog\/wp-content\/uploads\/2020\/11\/png-Maxi-Micro-Deluxe-ECO-Green-1.png\" alt=\"Photo Maxi Micro Deluxe \u00c9co \" width=\"151\" height=\"227\" srcset=\"https:\/\/www.micro-mobility.fr\/blog\/wp-content\/uploads\/2020\/11\/png-Maxi-Micro-Deluxe-ECO-Green-1.png 4665w, https:\/\/www.micro-mobility.fr\/blog\/wp-content\/uploads\/2020\/11\/png-Maxi-Micro-Deluxe-ECO-Green-1-200x300.png 200w, https:\/\/www.micro-mobility.fr\/blog\/wp-content\/uploads\/2020\/11\/png-Maxi-Micro-Deluxe-ECO-Green-1-683x1024.png 683w, https:\/\/www.micro-mobility.fr\/blog\/wp-content\/uploads\/2020\/11\/png-Maxi-Micro-Deluxe-ECO-Green-1-768x1152.png 768w, https:\/\/www.micro-mobility.fr\/blog\/wp-content\/uploads\/2020\/11\/png-Maxi-Micro-Deluxe-ECO-Green-1-1024x1536.png 1024w, https:\/\/www.micro-mobility.fr\/blog\/wp-content\/uploads\/2020\/11\/png-Maxi-Micro-Deluxe-ECO-Green-1-1365x2048.png 1365w\" sizes=\"(max-width: 151px) 100vw, 151px\" \/><\/a>Filets de p\u00eache, cordes et plastiques durs usag\u00e9s sont transform\u00e9s en mati\u00e8re plastique brute de haute qualit\u00e9 gr\u00e2ce au recyclage m\u00e9canique pour cr\u00e9er les mod\u00e8les Micro Eco ! Aussi r\u00e9sistantes et qualitatives que nos mod\u00e8les classiques, les trottinettes Micro Deluxe \u00c9co contribuent \u00e0 un monde plus green !<\/p>\n<p>La Mini Micro Deluxe et la Maxi Micro Deluxe sont les premiers mod\u00e8les \u00c9CO issus de cette d\u00e9marche \u00e9co-responsable ! \ud83d\udef4<\/p>\n<p>&nbsp;<\/p>\n<p>&nbsp;<\/p>\n<p>&nbsp;<\/p>\n<h3>Comment sont-elles fabriqu\u00e9es ? D\u00e9couvrez nos deux mod\u00e8les !<\/h3>\n<p><span style=\"color: #ffffff;\">Micro Deluxe \u00c9co<\/span><\/p>\n<p style=\"text-align: center;\">\u2b07Voici les \u00e9tapes de la fabrication ! \u2b07<\/p>\n<p><img decoding=\"async\" loading=\"lazy\" class=\"aligncenter wp-image-1286\" title=\"Visuel sur les \u00e9tapes du processus du recyclage des filets de p\u00eache - Micro-Mobility\" src=\"https:\/\/www.micro-mobility.fr\/blog\/wp-content\/uploads\/2020\/11\/png-Micro-ECO-Recycling-Process-350x700-1.jpg\" alt=\"Visuel sur les \u00e9tapes du processus du recyclage des filets de p\u00eache\" width=\"413\" height=\"826\" srcset=\"https:\/\/www.micro-mobility.fr\/blog\/wp-content\/uploads\/2020\/11\/png-Micro-ECO-Recycling-Process-350x700-1.jpg 729w, https:\/\/www.micro-mobility.fr\/blog\/wp-content\/uploads\/2020\/11\/png-Micro-ECO-Recycling-Process-350x700-1-150x300.jpg 150w, https:\/\/www.micro-mobility.fr\/blog\/wp-content\/uploads\/2020\/11\/png-Micro-ECO-Recycling-Process-350x700-1-512x1024.jpg 512w\" sizes=\"(max-width: 413px) 100vw, 413px\" \/><\/p>\n<p>&nbsp;<\/p>\n<h3>Leurs fonctionnalit\u00e9s<\/h3>\n<p>&nbsp;<\/p>\n<ul>\n<li>\n<h4><strong>La Mini Micro Deluxe \u00c9co<\/strong><\/h4>\n<\/li>\n<\/ul>\n<p><span style=\"color: #ffffff;\">Micro Deluxe \u00c9co<\/span><\/p>\n<p style=\"text-align: left;\"><a href=\"https:\/\/www.micro-mobility.fr\/1557-mini-micro-deluxe-eco-vert.html\"><img decoding=\"async\" loading=\"lazy\" class=\"alignleft wp-image-1287\" title=\"Mini Micro \u00c9co - Micro-Mobility\" src=\"https:\/\/www.micro-mobility.fr\/blog\/wp-content\/uploads\/2020\/11\/png-Mini-Micro-Deluxe-ECO-USPs-ENGLISH-1.jpg\" alt=\"Mini Micro \u00c9co\" width=\"478\" height=\"478\" srcset=\"https:\/\/www.micro-mobility.fr\/blog\/wp-content\/uploads\/2020\/11\/png-Mini-Micro-Deluxe-ECO-USPs-ENGLISH-1.jpg 1458w, https:\/\/www.micro-mobility.fr\/blog\/wp-content\/uploads\/2020\/11\/png-Mini-Micro-Deluxe-ECO-USPs-ENGLISH-1-300x300.jpg 300w, https:\/\/www.micro-mobility.fr\/blog\/wp-content\/uploads\/2020\/11\/png-Mini-Micro-Deluxe-ECO-USPs-ENGLISH-1-1024x1024.jpg 1024w, https:\/\/www.micro-mobility.fr\/blog\/wp-content\/uploads\/2020\/11\/png-Mini-Micro-Deluxe-ECO-USPs-ENGLISH-1-150x150.jpg 150w, https:\/\/www.micro-mobility.fr\/blog\/wp-content\/uploads\/2020\/11\/png-Mini-Micro-Deluxe-ECO-USPs-ENGLISH-1-768x768.jpg 768w\" sizes=\"(max-width: 478px) 100vw, 478px\" \/><\/a>Sur la trottinette Mini Micro Deluxe \u00c9co, la planche et le frein sont fabriqu\u00e9s \u00e0 partir de filets de p\u00eache usag\u00e9s, puis recycl\u00e9s.<\/p>\n<p style=\"text-align: left;\">La nouvelle trottinette Mini Micro Deluxe \u00c9co fonctionne de la m\u00eame mani\u00e8re qu\u2019une trottinette Mini Micro Deluxe.<\/p>\n<p style=\"text-align: left;\">Son guidon r\u00e9glable s\u2019adaptera \u00e0 la taille de votre enfant, le grip en relief lui apportera une meilleure adh\u00e9rence. Le syst\u00e8me de navigation par transfert de poids invent\u00e9 par Micro favorise l&rsquo;\u00e9quilibre et la motricit\u00e9.<\/p>\n<p style=\"text-align: left;\">Ce syst\u00e8me unique \u00e0 Micro est ultra intuitif et adapt\u00e9 aux enfants d\u00e8s 2 ans : il suffit de se pencher \u00e0 droite ou \u00e0 gauche pour se diriger.<\/p>\n<p style=\"text-align: left;\"><em>\u27a1 Pour qui :<\/em> <strong>les enfants de 2 \u00e0 5 ans<\/strong><\/p>\n<p style=\"text-align: left;\"><em>\u27a1 Taille de la planche : <\/em><strong>110 x 300 mm<\/strong><\/p>\n<p style=\"text-align: left;\"><em>\u27a1 Barre de direction :<\/em> <strong>ajustable<\/strong><\/p>\n<p style=\"text-align: left;\"><em>\u27a1 <\/em><strong>Non pliable<br \/>\n<\/strong><\/p>\n<p>&nbsp;<\/p>\n<p>&nbsp;<\/p>\n<p>&nbsp;<\/p>\n<ul>\n<li>\n<h4><strong>La Maxi Micro Deluxe \u00c9co\u00a0 <\/strong><\/h4>\n<\/li>\n<\/ul>\n<p><span style=\"color: #ffffff;\">Micro Deluxe \u00c9co<\/span><\/p>\n<p><a href=\"https:\/\/www.micro-mobility.fr\/1558-maxi-micro-deluxe-eco-vert.html\"><img decoding=\"async\" loading=\"lazy\" class=\"alignleft wp-image-1285\" title=\"Maxi Micro \u00c9co - Micro-Mobility\" src=\"https:\/\/www.micro-mobility.fr\/blog\/wp-content\/uploads\/2020\/11\/png-Maxi-Micro-Deluxe-ECO-Green-ENGLISH.jpg\" alt=\"Maxi Micro \u00c9co - Micro-Mobility\" width=\"478\" height=\"478\" srcset=\"https:\/\/www.micro-mobility.fr\/blog\/wp-content\/uploads\/2020\/11\/png-Maxi-Micro-Deluxe-ECO-Green-ENGLISH.jpg 1458w, https:\/\/www.micro-mobility.fr\/blog\/wp-content\/uploads\/2020\/11\/png-Maxi-Micro-Deluxe-ECO-Green-ENGLISH-300x300.jpg 300w, https:\/\/www.micro-mobility.fr\/blog\/wp-content\/uploads\/2020\/11\/png-Maxi-Micro-Deluxe-ECO-Green-ENGLISH-1024x1024.jpg 1024w, https:\/\/www.micro-mobility.fr\/blog\/wp-content\/uploads\/2020\/11\/png-Maxi-Micro-Deluxe-ECO-Green-ENGLISH-150x150.jpg 150w, https:\/\/www.micro-mobility.fr\/blog\/wp-content\/uploads\/2020\/11\/png-Maxi-Micro-Deluxe-ECO-Green-ENGLISH-768x768.jpg 768w\" sizes=\"(max-width: 478px) 100vw, 478px\" \/><\/a>Grande s\u0153ur de la trottinette Mini Micro Deluxe \u00c9co, la Maxi Micro Deluxe \u00c9co a les m\u00eames fonctionnalit\u00e9s qu\u2019une trottinette 3 roues Micro et que la Mini Micro Deluxe \u00c9co.<\/p>\n<p>C\u00f4t\u00e9 look : la planche, le frein, le guidon et les poign\u00e9es sont de couleur verte. Utiliser du plastique vert recycl\u00e9 signifie aussi r\u00e9duire l&#8217;empreinte \u00e9cologique de nos produits, jusqu&rsquo;\u00e0 82% d&rsquo;\u00e9missions de CO2 en moins par rapport au plastique vierge.<\/p>\n<p><em>\u27a1 Pour qui :<\/em><strong> les enfants de 5 \u00e0 12 ans<\/strong><\/p>\n<p><em>\u27a1 Taille de la planche :<\/em> <strong>142 x 330 mm<\/strong><\/p>\n<p><em>\u27a1 Guidon ajustable en hauteur :<\/em> <strong>de 61 \u00e0 85 cm en partant de la planche et 67 \u00e0 91 cm en partant du sol<\/strong><\/p>\n<p><em>\u27a1 <\/em><strong>Non pliable (d\u00e9tachable)<br \/>\n<\/strong><\/p>\n<p><em>\u27a1 Barre de direction :<\/em> <strong>ajustable<\/strong><\/p>\n<p>&nbsp;<\/p>\n<p>&nbsp;<\/p>\n<p>&nbsp;<\/p>\n<h2>Notre r\u00e9compense<\/h2>\n<p><a href=\"https:\/\/www.gp-award.com\/en\" target=\"_blank\" rel=\"noopener noreferrer\"><img decoding=\"async\" loading=\"lazy\" class=\"alignleft wp-image-1363\" title=\"Logo Green Product Award \" src=\"https:\/\/www.micro-mobility.fr\/blog\/wp-content\/uploads\/2020\/11\/mini-micro-deluxe-eco-vert.jpg\" alt=\"Logo Green Product Award \" width=\"154\" height=\"205\" srcset=\"https:\/\/www.micro-mobility.fr\/blog\/wp-content\/uploads\/2020\/11\/mini-micro-deluxe-eco-vert.jpg 450w, https:\/\/www.micro-mobility.fr\/blog\/wp-content\/uploads\/2020\/11\/mini-micro-deluxe-eco-vert-225x300.jpg 225w\" sizes=\"(max-width: 154px) 100vw, 154px\" \/><\/a><\/p>\n<p>Avec la r\u00e9cente sortie de notre nouvelle gamme de produits \u00e9co-responsables, Micro-Mobility a \u00e9t\u00e9 pr\u00e9-s\u00e9lectionn\u00e9 pour le <span style=\"color: #339966;\"><strong>Green Product Award 2021 ! <\/strong><\/span><\/p>\n<p><em>Qu&rsquo;est-ce-que le Green Product Award ? <img decoding=\"async\" loading=\"lazy\" class=\"alignleft wp-image-1365\" title=\"Logo Micro - Explorer aujourd'hui, prot\u00e9ger demain\" src=\"https:\/\/www.micro-mobility.fr\/blog\/wp-content\/uploads\/2020\/11\/png-Micro-ECO-Logo-Slogan-black-1.png\" alt=\"Logo Micro - Explorer aujourd'hui, prot\u00e9ger demain\" width=\"110\" height=\"161\" \/><\/em><\/p>\n<p><span class=\"\">Depuis 2013, le Green Product Award distingue les produits et services durables et innovants qui sont d\u00e9j\u00e0 sur le march\u00e9 et offre aux participants une plateforme de r\u00e9seautage. <\/span><span class=\"goog-text-highlight\">Il s&rsquo;adresse aux start-up et aux entreprises \u00e9tablies qui sont fi\u00e8res de montrer leurs r\u00e9alisations \u00e0 un large public. <\/span><\/p>\n<p class=\"section-text wow fadeInUp animated\" data-wow-delay=\".3s\"><span class=\"\">Le th\u00e8me principal \u00abFuture Village\u00bb concerne un nouveau mode de vie et un mode de vie durable <\/span><span class=\"\">dans les 10 cat\u00e9gories <\/span><span class=\"\">principales. <\/span>Les parties int\u00e9ress\u00e9es peuvent postuler toute l&rsquo;ann\u00e9e &#8211; plus la soumission a lieu t\u00f4t, plus il y a d&rsquo;avantages.<\/p>\n<div class=\"padding-top-80 text-center\"><\/div>\n<p>&nbsp;<\/p>\n<p>&nbsp;<\/p>\n<p>Alors contribuez avec nous \u00e0 la construction d&rsquo;une soci\u00e9t\u00e9 plus responsable !<\/p>\n<p>&nbsp;<\/p>\n<p>Pour retrouver notre <strong><span style=\"color: #339966;\">Mini et Maxi Micro Deluxe \u00c9co<\/span><\/strong>, <strong><span style=\"text-decoration: underline;\">cliquez sur le lien<\/span><\/strong> qui vous int\u00e9resse juste ici !<\/p>\n<p style=\"text-align: left;\"><img decoding=\"async\" loading=\"lazy\" class=\"wp-image-1355 alignleft\" src=\"https:\/\/www.micro-mobility.fr\/blog\/wp-content\/uploads\/2020\/11\/mouse-hand-cursor.png\" alt=\"\" width=\"48\" height=\"49\" srcset=\"https:\/\/www.micro-mobility.fr\/blog\/wp-content\/uploads\/2020\/11\/mouse-hand-cursor.png 195w, https:\/\/www.micro-mobility.fr\/blog\/wp-content\/uploads\/2020\/11\/mouse-hand-cursor-150x150.png 150w\" sizes=\"(max-width: 48px) 100vw, 48px\" \/><em><strong><a href=\"https:\/\/www.micro-mobility.fr\/1557-mini-micro-deluxe-eco-vert.html\" target=\"_blank\" rel=\"nofollow noopener noreferrer\">&#8211;\u00a0 Mini Micro Deluxe \u00c9co <\/a><\/strong><\/em><\/p>\n<p style=\"text-align: left;\"><em><strong>&#8211; <a href=\"https:\/\/www.micro-mobility.fr\/1558-maxi-micro-deluxe-eco-vert.html\" target=\"_blank\" rel=\"nofollow noopener noreferrer\"> Maxi Micro Deluxe \u00c9co<\/a> <\/strong><\/em><\/p>\n<p>&nbsp;<\/p>\n<p>&nbsp;<\/p>\n<p><strong><img decoding=\"async\" loading=\"lazy\" class=\"wp-image-1271 alignleft\" src=\"https:\/\/www.micro-mobility.fr\/blog\/wp-content\/uploads\/2018\/10\/instagram-logo-transparent-png-571.png\" alt=\"\" width=\"53\" height=\"53\" srcset=\"https:\/\/www.micro-mobility.fr\/blog\/wp-content\/uploads\/2018\/10\/instagram-logo-transparent-png-571.png 1000w, https:\/\/www.micro-mobility.fr\/blog\/wp-content\/uploads\/2018\/10\/instagram-logo-transparent-png-571-300x300.png 300w, https:\/\/www.micro-mobility.fr\/blog\/wp-content\/uploads\/2018\/10\/instagram-logo-transparent-png-571-150x150.png 150w, https:\/\/www.micro-mobility.fr\/blog\/wp-content\/uploads\/2018\/10\/instagram-logo-transparent-png-571-768x768.png 768w\" sizes=\"(max-width: 53px) 100vw, 53px\" \/><\/strong>Suivez-nous sur notre compte Instagram pour retrouver nos aventures !<\/p>\n<p><a href=\"https:\/\/www.instagram.com\/micromobilityfrance\/?hl=fr\"><strong><span style=\"color: #ff00ff;\"><span style=\"color: #a219d4;\">@micromobilityfrance<\/span><\/span><\/strong><\/a><\/p>\n<p>&nbsp;<\/p>\n<p><strong><img decoding=\"async\" loading=\"lazy\" class=\"wp-image-1272 alignleft\" src=\"https:\/\/www.micro-mobility.fr\/blog\/wp-content\/uploads\/2018\/10\/584ac2d03ac3a570f94a666d.png\" alt=\"\" width=\"50\" height=\"50\" srcset=\"https:\/\/www.micro-mobility.fr\/blog\/wp-content\/uploads\/2018\/10\/584ac2d03ac3a570f94a666d.png 250w, https:\/\/www.micro-mobility.fr\/blog\/wp-content\/uploads\/2018\/10\/584ac2d03ac3a570f94a666d-150x150.png 150w\" sizes=\"(max-width: 50px) 100vw, 50px\" \/><\/strong>Retrouvez-nous \u00e9galement sur notre page Facebook pour suivre nos actualit\u00e9s !<\/p>\n<p><a href=\"https:\/\/www.facebook.com\/MicroMobilityFrance\/\"><strong><span style=\"color: #0000ff;\">Micro Mobility France<\/span><\/strong><\/a><\/p>\n<p>&nbsp;<\/p>\n<p><img decoding=\"async\" loading=\"lazy\" class=\"wp-image-1289 alignleft\" src=\"https:\/\/www.micro-mobility.fr\/blog\/wp-content\/uploads\/2020\/11\/580b57fcd9996e24bc43c545.png\" alt=\"\" width=\"50\" height=\"35\" srcset=\"https:\/\/www.micro-mobility.fr\/blog\/wp-content\/uploads\/2020\/11\/580b57fcd9996e24bc43c545.png 1024w, https:\/\/www.micro-mobility.fr\/blog\/wp-content\/uploads\/2020\/11\/580b57fcd9996e24bc43c545-300x211.png 300w, https:\/\/www.micro-mobility.fr\/blog\/wp-content\/uploads\/2020\/11\/580b57fcd9996e24bc43c545-768x541.png 768w\" sizes=\"(max-width: 50px) 100vw, 50px\" \/><\/p>\n<p>Pour voir nos tutoriels SAV et toutes nos vid\u00e9os autour de Micro, rendez-vous sur notre cha\u00eene YouTube !<\/p>\n<p><a href=\"https:\/\/www.youtube.com\/channel\/UCsLJ7ihEkJGE-pmGQDE1H7w\/featured?view_as=subscriber\" target=\"_blank\" rel=\"nofollow noopener noreferrer\"><span style=\"color: #ff0000;\"><strong><span style=\"color: #ff0000;\">Micro Mobility France<\/span><\/strong><\/span><\/a><\/p>\n<p>&nbsp;<\/p>\n<p>&nbsp;<\/p>\n","protected":false},"excerpt":{"rendered":"<p>Chaque ann\u00e9e, c&rsquo;est pr\u00e8s de 8 millions de tonnes de d\u00e9chets plastiques qui s&rsquo;infiltrent dans nos oc\u00e9ans. \u00c0 l&rsquo;occasion de la journ\u00e9e mondiale du recyclage le 15 novembre 2020, Micro-Mobility vous pr\u00e9sente sa toute nouvelle ligne durable de trottinettes enfant con\u00e7ues \u00e0 partir de plastique vert issu de filets de p\u00eache recycl\u00e9s !<\/p>\n","protected":false},"author":6,"featured_media":1290,"comment_status":"closed","ping_status":"open","sticky":false,"template":"","format":"standard","meta":[],"categories":[1,4,6],"tags":[154,157,152,134,153,158,156,149,14,159,114,148,150,147,151,155,133],"aioseo_notices":[],"_links":{"self":[{"href":"https:\/\/www.micro-mobility.fr\/blog\/wp-json\/wp\/v2\/posts\/1274"}],"collection":[{"href":"https:\/\/www.micro-mobility.fr\/blog\/wp-json\/wp\/v2\/posts"}],"about":[{"href":"https:\/\/www.micro-mobility.fr\/blog\/wp-json\/wp\/v2\/types\/post"}],"author":[{"embeddable":true,"href":"https:\/\/www.micro-mobility.fr\/blog\/wp-json\/wp\/v2\/users\/6"}],"replies":[{"embeddable":true,"href":"https:\/\/www.micro-mobility.fr\/blog\/wp-json\/wp\/v2\/comments?post=1274"}],"version-history":[{"count":96,"href":"https:\/\/www.micro-mobility.fr\/blog\/wp-json\/wp\/v2\/posts\/1274\/revisions"}],"predecessor-version":[{"id":1399,"href":"https:\/\/www.micro-mobility.fr\/blog\/wp-json\/wp\/v2\/posts\/1274\/revisions\/1399"}],"wp:featuredmedia":[{"embeddable":true,"href":"https:\/\/www.micro-mobility.fr\/blog\/wp-json\/wp\/v2\/media\/1290"}],"wp:attachment":[{"href":"https:\/\/www.micro-mobility.fr\/blog\/wp-json\/wp\/v2\/media?parent=1274"}],"wp:term":[{"taxonomy":"category","embeddable":true,"href":"https:\/\/www.micro-mobility.fr\/blog\/wp-json\/wp\/v2\/categories?post=1274"},{"taxonomy":"post_tag","embeddable":true,"href":"https:\/\/www.micro-mobility.fr\/blog\/wp-json\/wp\/v2\/tags?post=1274"}],"curies":[{"name":"wp","href":"https:\/\/api.w.org\/{rel}","templated":true}]}}