{"id":1439,"date":"2021-01-19T10:29:49","date_gmt":"2021-01-19T09:29:49","guid":{"rendered":"https:\/\/www.micro-mobility.fr\/blog\/?p=1439"},"modified":"2024-04-11T16:48:24","modified_gmt":"2024-04-11T14:48:24","slug":"5-resolutions-a-adopter-pour-lannee2021","status":"publish","type":"post","link":"https:\/\/www.micro-mobility.fr\/blog\/5-resolutions-a-adopter-pour-lannee2021\/","title":{"rendered":"5 bonnes r\u00e9solutions \u00e0 adopter pour l&rsquo;ann\u00e9e 2021 !"},"content":{"rendered":"<p><img decoding=\"async\" loading=\"lazy\" class=\"aligncenter wp-image-1446\" title=\"Photo anim\u00e9e bonne ann\u00e9e !\" src=\"https:\/\/www.micro-mobility.fr\/blog\/wp-content\/uploads\/2021\/01\/text3.gif\" alt=\"GIF bonne ann\u00e9e !\" width=\"548\" height=\"96\" \/><\/p>\n<p>&nbsp;<\/p>\n<p><img decoding=\"async\" loading=\"lazy\" class=\"aligncenter wp-image-1442\" title=\"Ann\u00e9e 2021 - Micro-Mobility\" src=\"https:\/\/www.micro-mobility.fr\/blog\/wp-content\/uploads\/2021\/01\/43715980_1297546147290914_8860481591315422749_n.gif\" alt=\"GIF bonne ann\u00e9e 2021 Micro-Mobility\" width=\"409\" height=\"409\" \/><\/p>\n<p>&nbsp;<\/p>\n<p style=\"text-align: left;\"><span class=\"\"><strong>Bonne ann\u00e9e 2021 les Micro-riders ! \ud83c\udf7e<\/strong><\/span><\/p>\n<p>Apr\u00e8s cette ann\u00e9e 2020 pas comme les autres, on vous souhaite une ann\u00e9e 2021 pleine de douceur et d&rsquo;aventures&#8230; \u00e0 trottinette bien sur ! \ud83d\udef4<\/p>\n<p>Pour cette nouvelle ann\u00e9e, il est important de repartir \u00e0 z\u00e9ro en prenant de nouvelles d\u00e9cisions pour entamer l&rsquo;ann\u00e9e du bon pied ! Ainsi, on sait tous que les premiers jours de Janvier sont souvent consacr\u00e9s aux nouveaux d\u00e9parts et surtout <strong>aux bonnes r\u00e9solutions<\/strong>. Mais le plus souvent, ces bonnes r\u00e9solutions ne durent jamais bien longtemps et on abandonne l&rsquo;id\u00e9e quelques semaines apr\u00e8s l&rsquo;avoir commenc\u00e9 au profit des bonnes vieilles habitudes\u2026<\/p>\n<p>Mais pas cette ann\u00e9e ! Il est temps d\u2019ancrer une ou plusieurs bonnes r\u00e9solutions dans votre routine quotidienne et hebdomadaire ! Et pour cela, Micro vous donne 5 bonnes r\u00e9solutions \u00e0 adopter pour cette ann\u00e9e 2021 !<\/p>\n<p>&nbsp;<\/p>\n<h2>1- Contribuer \u00e0 la protection de l&rsquo;environnement et au d\u00e9veloppement durable<\/h2>\n<p>Pour cette nouvelle ann\u00e9e 2021, quoi de mieux de se mettre au green ? Alors qui dit green, ne dit pas changer toutes ces habitudes au quotidien. Aujourd&rsquo;hui tout le monde est green ! Du tri s\u00e9lectif aux \u00e9conomies d&rsquo;\u00e9lectricit\u00e9 et de papier, nous sommes tous des \u00e9co-responsables en r\u00e9alisant des \u00e9co-gestes \u00e0 notre \u00e9chelle ! Mais si vous voulez changer vos habitudes de consommation et de transport, plusieurs solutions peuvent s&rsquo;offrir \u00e0 vous !<\/p>\n<p>Premi\u00e8rement, changer son mode de transport pour se rendre au travail peut \u00eatre une bonne alternative \u00e0 la voiture. Plut\u00f4t que de rester pendant une heure dans les bouchons avec votre voiture ou de subir le monde dans le m\u00e9tro, opter pour les transports doux, plus particuli\u00e8rement les trottinettes \u00e9lectriques peut \u00eatre le compromis id\u00e9al aux transports polluants qui produisent constamment des \u00e9missions carbones.<\/p>\n<p>En effet, avec beaucoup moins d\u2019\u00e9missions carbone \u00e9mises, la trottinette \u00e9lectrique commence \u00e0 changer r\u00e9ellement les choses en mati\u00e8re d\u2019\u00e9cologie notamment depuis la pand\u00e9mie de la COVID-19, o\u00f9 beaucoup d&rsquo;entre nous ont choisis de se rendre au travail en v\u00e9lo ou en trottinette au d\u00e9pends des transports en commun souvent bond\u00e9s et enclins au virus. Choisir ce mode de transport est donc un bon moyen d&rsquo;affirmer la prise de conscience \u00e9cologique et environnementale de ces derniers mois et de la \u00ab\u00a0vague verte\u00a0\u00bb qu\u2019elle a engendr\u00e9.<\/p>\n<p>Pour effectuer cette transition, Micro vous propose plusieurs trottinettes qui peuvent s&rsquo;adapter \u00e0 vos besoins et \u00e0 vos trajets du quotidien pour r\u00e9aliser cette r\u00e9solution !<\/p>\n<p>&nbsp;<\/p>\n<h3>La Micro Explorer<\/h3>\n<p><img decoding=\"async\" loading=\"lazy\" class=\"wp-image-1461 alignleft\" title=\"Trottinette Micro Explorer\" src=\"https:\/\/www.micro-mobility.fr\/blog\/wp-content\/uploads\/2021\/01\/png-Micro-Explorer-Plaque-1-e1611050082235.png\" alt=\"\" width=\"324\" height=\"418\" srcset=\"https:\/\/www.micro-mobility.fr\/blog\/wp-content\/uploads\/2021\/01\/png-Micro-Explorer-Plaque-1-e1611050082235.png 3775w, https:\/\/www.micro-mobility.fr\/blog\/wp-content\/uploads\/2021\/01\/png-Micro-Explorer-Plaque-1-e1611050082235-233x300.png 233w, https:\/\/www.micro-mobility.fr\/blog\/wp-content\/uploads\/2021\/01\/png-Micro-Explorer-Plaque-1-e1611050082235-794x1024.png 794w, https:\/\/www.micro-mobility.fr\/blog\/wp-content\/uploads\/2021\/01\/png-Micro-Explorer-Plaque-1-e1611050082235-768x990.png 768w, https:\/\/www.micro-mobility.fr\/blog\/wp-content\/uploads\/2021\/01\/png-Micro-Explorer-Plaque-1-e1611050082235-1191x1536.png 1191w, https:\/\/www.micro-mobility.fr\/blog\/wp-content\/uploads\/2021\/01\/png-Micro-Explorer-Plaque-1-e1611050082235-1588x2048.png 1588w\" sizes=\"(max-width: 324px) 100vw, 324px\" \/><\/p>\n<p>Derni\u00e8re-n\u00e9e dans la gamme des trottinettes \u00e9lectriques, la <strong>Micro Explorer<\/strong> a \u00e9t\u00e9 pens\u00e9e avec une seule id\u00e9e en t\u00eate : la durabilit\u00e9. La trottinette \u00e9lectrique Micro Explorer vous offrira donc un confort in\u00e9gal\u00e9 pour tous les trajets hebdomadaires gr\u00e2ce \u00e0 ses doubles suspensions r\u00e9glables avant et arri\u00e8re permettant d\u2019adapter le mode de conduite choisi \u00e0 toutes les surfaces !<\/p>\n<p><strong>Les plus :<\/strong><\/p>\n<p>\ud83d\udef4 Fiabilit\u00e9 et durabilit\u00e9<\/p>\n<p>\ud83d\udef4 Connect\u00e9e \u00e0 l\u2019App Micro Mobility (IOS ou Android)<\/p>\n<p>\ud83d\udef4 Pneus anti-crevaison<\/p>\n<p>\ud83d\udef4 4 modes de conduite diff\u00e9rents<\/p>\n<p>\ud83d\udef4 \u00c9cran design int\u00e9gr\u00e9 dans le guidon qui permet d\u2019allumer la trottinette, de choisir le mode de conduite et de faire fonctionner la lumi\u00e8re avant<\/p>\n<p>\ud83d\udef4 Le guidon int\u00e8gre un frein type v\u00e9lo qui est \u00e0 la fois un frein m\u00e9canique (tambour) sur la roue arri\u00e8re et un frein moteur sur la roue avant<\/p>\n<p>&nbsp;<\/p>\n<h4><\/h4>\n<h3>La Micro Merlin<\/h3>\n<p><img decoding=\"async\" loading=\"lazy\" class=\"alignleft wp-image-1462 \" title=\"Trottinette Micro Merlin\" src=\"https:\/\/www.micro-mobility.fr\/blog\/wp-content\/uploads\/2021\/01\/png-Micro-Merlin-with-Handbrake3-e1611049873791.png\" alt=\"\" width=\"295\" height=\"386\" srcset=\"https:\/\/www.micro-mobility.fr\/blog\/wp-content\/uploads\/2021\/01\/png-Micro-Merlin-with-Handbrake3-e1611049873791.png 4015w, https:\/\/www.micro-mobility.fr\/blog\/wp-content\/uploads\/2021\/01\/png-Micro-Merlin-with-Handbrake3-e1611049873791-230x300.png 230w, https:\/\/www.micro-mobility.fr\/blog\/wp-content\/uploads\/2021\/01\/png-Micro-Merlin-with-Handbrake3-e1611049873791-783x1024.png 783w, https:\/\/www.micro-mobility.fr\/blog\/wp-content\/uploads\/2021\/01\/png-Micro-Merlin-with-Handbrake3-e1611049873791-768x1004.png 768w, https:\/\/www.micro-mobility.fr\/blog\/wp-content\/uploads\/2021\/01\/png-Micro-Merlin-with-Handbrake3-e1611049873791-1175x1536.png 1175w, https:\/\/www.micro-mobility.fr\/blog\/wp-content\/uploads\/2021\/01\/png-Micro-Merlin-with-Handbrake3-e1611049873791-1567x2048.png 1567w\" sizes=\"(max-width: 295px) 100vw, 295px\" \/><\/p>\n<p>La trottinette \u00e9lectrique <strong>Micro Merlin<\/strong> a \u00e9t\u00e9 con\u00e7ue pour les personnes qui souhaitent privil\u00e9gier le confort et la s\u00e9curit\u00e9 et effectuer de longues distances tous les jours. La trottinette \u00e9lectrique Micro Merlin s\u2019adaptera \u00e0 toutes les situations du quotidien et sera id\u00e9ale si vous souhaitez effectuer de longs trajets domicile\/bureau !<\/p>\n<p><strong>Les plus :<\/strong><\/p>\n<p>\ud83d\udef4 Pliable au pied et compacte pour la transporter o\u00f9 que vous soyez (mode trolley)<\/p>\n<p>\ud83d\udef4 4 modes diff\u00e9rents de conduite pour un confort maximal<\/p>\n<p>\ud83d\udef4 L&rsquo;\u00e9cran int\u00e9gr\u00e9 sur le guidon avec une option r\u00e9gulateur de vitesse, niveau de charge de la batterie, la vitesse \u00e0 laquelle vous roulez, la temp\u00e9rature ext\u00e9rieure et la distance actuelle parcourue<\/p>\n<p>\ud83d\udef4 Frein moteur sur le guidon et au pied<\/p>\n<p>&nbsp;<\/p>\n<p>&nbsp;<\/p>\n<h3 style=\"text-align: left;\"><\/h3>\n<h3><\/h3>\n<p>&nbsp;<\/p>\n<h3><\/h3>\n<h3>La Micro Flex<\/h3>\n<p><img decoding=\"async\" loading=\"lazy\" class=\"alignleft wp-image-1510 \" src=\"https:\/\/www.micro-mobility.fr\/blog\/wp-content\/uploads\/2021\/01\/micro-speed-silver-e1611049777137.jpg\" alt=\"\" width=\"222\" height=\"373\" srcset=\"https:\/\/www.micro-mobility.fr\/blog\/wp-content\/uploads\/2021\/01\/micro-speed-silver-e1611049777137.jpg 570w, https:\/\/www.micro-mobility.fr\/blog\/wp-content\/uploads\/2021\/01\/micro-speed-silver-e1611049777137-178x300.jpg 178w\" sizes=\"(max-width: 222px) 100vw, 222px\" \/><\/p>\n<p>&nbsp;<\/p>\n<p>Si vous effectuez des d\u00e9placements urbains multimodaux r\u00e9guliers mais pas assez longs pour utiliser une trottinette \u00e9lectrique, <strong>la Micro Flex<\/strong> est faite pour vous !<\/p>\n<p>Pliable, compacte et tr\u00e8s l\u00e9g\u00e8re la Micro Flex se transporte facilement n&rsquo;importe, o\u00f9 surtout si vous ajoutez une lani\u00e8re de transport qui vous permettra de la porter sans aucune sur\u00a0l\u2019\u00e9paule.<\/p>\n<p><strong>Les plus :<\/strong><\/p>\n<p>\ud83d\udef4 Livr\u00e9e avec une lani\u00e8re de transport<\/p>\n<p>\ud83d\udef4 Fabriqu\u00e9e en bois et fibres de verre, elle est tr\u00e8s flexible, et permet d\u2019absorber les asp\u00e9rit\u00e9s du sol<\/p>\n<p>\ud83d\udef4 Barre de direction ajustable et poign\u00e9es en mousse rabattables<\/p>\n<h2><\/h2>\n<p>&nbsp;<\/p>\n<h2><\/h2>\n<p>&nbsp;<\/p>\n<h2><\/h2>\n<p>&nbsp;<\/p>\n<h2>2- Prendre soin de sa sant\u00e9 physique et mentale au quotidien<\/h2>\n<p>Comme sp\u00e9cifi\u00e9 dans le premier point, l&rsquo;utilisation des transports doux et plus particuli\u00e8rement celle des trottinettes ont beaucoup de b\u00e9n\u00e9fices sur la sant\u00e9, ce qui n&rsquo;est pas n\u00e9gligeable vu le contexte actuel. Plut\u00f4t que de rester assis(e) dans votre voiture,\u00a0 choisissez plut\u00f4t davantage le plein d\u2019air frais et de vitamine D en multipliant votre exposition aux rayons du soleil gr\u00e2ce \u00e0 la trottinette ! Debout sur votre trottinette, vous serez consid\u00e9rablement plus actif qu\u2019assis(e) au volant de votre voiture.<\/p>\n<div class=\"item_content\">\n<p>De plus, d&rsquo;apr\u00e8s de nombreuses \u00e9tudes, passer du temps dehors a<span class=\"ILfuVd\"><span class=\"hgKElc\">doucit l&rsquo;humeur et diminue l&rsquo;anxi\u00e9t\u00e9. Il est donc ainsi plus facile de se concentrer et donc de prendre conscience de ses probl\u00e8mes de stress et d&rsquo;anxi\u00e9t\u00e9 en se baladant <\/span><\/span>\u00e0 l\u2019ext\u00e9rieur est b\u00e9n\u00e9fique pour notre sant\u00e9 mentale et physique. Selon <a href=\"https:\/\/www.santemagazine.fr\/sante\/sante-environnementale\/lair-frais-est-il-vraiment-bon-pour-la-sante-307273\" target=\"_blank\" rel=\"nofollow noopener\"><strong>Sant\u00e9 Magazine<\/strong><\/a>, l\u2019augmentation de l&rsquo;absorption d\u2019oxyg\u00e8ne par notre organisme impacte positivement le taux de s\u00e9rotonine n\u00e9cessaire \u00e0 notre bien-\u00eatre \u00e9motionnel.<\/p>\n<p>En parall\u00e8le, depuis le d\u00e9but de la pand\u00e9mie du Coronavirus, nous avons tous d\u00fb modifier nos habitudes et les adapter \u00e0 la situation actuelle pour pouvoir appliquer notamment les gestes barri\u00e8res, le port du masque, la distanciation physique, les standards d\u2019hygi\u00e8ne etc. Ainsi, d&rsquo;apr\u00e8s une \u00e9tude r\u00e9cente publi\u00e9e par la soci\u00e9t\u00e9 de conseil <strong><a href=\"https:\/\/smart-mobility-lab.com\/\" target=\"_blank\" rel=\"nofollow noopener\">Smart Mobility Lab<\/a><\/strong>\u00a0 \u00ab\u00a0[&#8230;] plus de 27% des Fran\u00e7ais et 36% des Franciliens ont chang\u00e9 de mode de transport habituel en r\u00e9action \u00e0 la crise sanitaire\u00a0\u00bb.<\/p>\n<p>De ce fait, utiliser une trottinette \u00e9lectrique en ville vous permettra de continuer \u00e0 respecter les gestes barri\u00e8res, en\u00a0 maintenant la distance physique r\u00e9duisant l\u2019encombrement des transports , ce qui facilitera la limitation de la propagation des microbes et virus dans nos vies post Covid.<\/p>\n<p>&nbsp;<\/p>\n<\/div>\n<div class=\"item_content\">\n<div class=\"item_content\">\n<h2>3- R\u00e9duire son budget<\/h2>\n<p>Pour continuer sur une bonne lanc\u00e9e pour cette nouvelle ann\u00e9e, quoi de mieux qu&rsquo;une r\u00e9solution permettant d&rsquo;\u00e9conomiser des bouts de chandelle ? Certes, le co\u00fbt d&rsquo;achat d&rsquo;un v\u00e9lo ou d&rsquo;un trottinette est ch\u00e8re au moment de l&rsquo;acquisition, mais un argument reste cependant irr\u00e9futable : les trottinettes \u00e9lectriques sont moins ch\u00e8res \u00e0 l\u2019achat, \u00e0 l\u2019utilisation et \u00e0 l\u2019entretien que les voitures.<\/p>\n<p><img decoding=\"async\" loading=\"lazy\" class=\"aligncenter wp-image-1464\" title=\"Adopter la trottinette pour r\u00e9duire son budget transport\" src=\"https:\/\/www.micro-mobility.fr\/blog\/wp-content\/uploads\/2021\/01\/png-Micro-Explorer1.png\" alt=\"Image homme \u00e0 trottinette en ext\u00e9rieur avec un masque \" width=\"632\" height=\"422\" srcset=\"https:\/\/www.micro-mobility.fr\/blog\/wp-content\/uploads\/2021\/01\/png-Micro-Explorer1.png 5991w, https:\/\/www.micro-mobility.fr\/blog\/wp-content\/uploads\/2021\/01\/png-Micro-Explorer1-300x200.png 300w, https:\/\/www.micro-mobility.fr\/blog\/wp-content\/uploads\/2021\/01\/png-Micro-Explorer1-1024x683.png 1024w, https:\/\/www.micro-mobility.fr\/blog\/wp-content\/uploads\/2021\/01\/png-Micro-Explorer1-768x512.png 768w, https:\/\/www.micro-mobility.fr\/blog\/wp-content\/uploads\/2021\/01\/png-Micro-Explorer1-1536x1024.png 1536w, https:\/\/www.micro-mobility.fr\/blog\/wp-content\/uploads\/2021\/01\/png-Micro-Explorer1-2048x1365.png 2048w\" sizes=\"(max-width: 632px) 100vw, 632px\" \/><\/p>\n<p>En effet, au d\u00e9marrage, le co\u00fbt d\u2019une trottinette \u00e9lectrique de qualit\u00e9 telle que la Micro Explorer (pr\u00e9sent\u00e9e ci-dessus) est bien inf\u00e9rieur \u00e0 celui d\u2019une petite voiture citadine normale. Pour les jeunes \u00e9tudiants ou les personnes n&rsquo;ayant pas les moyens de financer leur permis de conduire ou d&rsquo;acheter une voiture, acqu\u00e9rir une trottinette \u00e9lectrique peut \u00e9galement \u00eatre une solution \u00e0 prix r\u00e9duits. Elle sera utile au quotidien, notamment pour\u00a0effectuer des trajets de moins de 30 km pour lesquels plus de la moiti\u00e9 des fran\u00e7ais choisissent la voiture.<\/p>\n<\/div>\n<\/div>\n<h2 style=\"text-align: left;\"><img decoding=\"async\" loading=\"lazy\" class=\"aligncenter wp-image-1467\" title=\"Trottinettes \u00e9lectrique Micro-Mobility\" src=\"https:\/\/www.micro-mobility.fr\/blog\/wp-content\/uploads\/2021\/01\/Sans-titre-scaled-e1611009871497.jpg\" alt=\"image des trottinettes \u00e9lectriques Micro \" width=\"846\" height=\"448\" srcset=\"https:\/\/www.micro-mobility.fr\/blog\/wp-content\/uploads\/2021\/01\/Sans-titre-scaled-e1611009871497.jpg 1810w, https:\/\/www.micro-mobility.fr\/blog\/wp-content\/uploads\/2021\/01\/Sans-titre-scaled-e1611009871497-300x159.jpg 300w, https:\/\/www.micro-mobility.fr\/blog\/wp-content\/uploads\/2021\/01\/Sans-titre-scaled-e1611009871497-1024x543.jpg 1024w, https:\/\/www.micro-mobility.fr\/blog\/wp-content\/uploads\/2021\/01\/Sans-titre-scaled-e1611009871497-768x407.jpg 768w, https:\/\/www.micro-mobility.fr\/blog\/wp-content\/uploads\/2021\/01\/Sans-titre-scaled-e1611009871497-1536x815.jpg 1536w\" sizes=\"(max-width: 846px) 100vw, 846px\" \/>\u00a0 \u00a0 \u00a0 \u00a0 \u00a0 \u00a0 \u00a0 \u00a0 \u00a0 \u00a0 \u00a0 \u00a0 \u00a0\u2b07\u00a0 \u00a0 \u00a0 \u00a0 \u00a0 \u00a0 \u00a0 \u00a0 \u00a0 \u00a0 \u00a0 \u00a0 \u00a0 \u00a0 \u00a0 \u00a0 \u00a0 \u00a0 \u00a0 \u00a0 \u00a0 \u00a0 \u2b07\u00a0 \u00a0 \u00a0 \u00a0 \u00a0 \u00a0 \u00a0 \u00a0 \u00a0 \u00a0 \u00a0 \u00a0 \u00a0 \u00a0 \u00a0 \u00a0 \u00a0 \u00a0 \u00a0 \u00a0 \u00a0 \u00a0 \u00a0 \u00a0 \u2b07<\/h2>\n<p>La Micro Condor\u00a0 \u00a0(1)\u00a0 \u00a0 \u00a0 \u00a0 \u00a0 \u00a0 \u00a0 \u00a0 \u00a0 \u00a0 \u00a0 \u00a0 \u00a0 \u00a0 \u00a0 \u00a0\u00a0 La Micro Explorer\u00a0 (2)\u00a0 \u00a0 \u00a0 \u00a0 \u00a0 \u00a0 \u00a0 \u00a0 \u00a0 \u00a0 \u00a0 \u00a0 \u00a0 \u00a0 \u00a0 \u00a0 \u00a0 \u00a0 \u00a0 \u00a0 \u00a0 \u00a0 La Micro Merlin (3)<\/p>\n<p>&nbsp;<\/p>\n<p>1 = Pour les trajets du quotidien avec une stabilit\u00e9 et un confort in\u00e9gal\u00e9s<\/p>\n<p>2 = Pour les trajets \u00e0 effectuer sur le long terme<\/p>\n<p>3 = Pour les longs trajets du quotidien sur n&rsquo;importe quelle surface<\/p>\n<p>&nbsp;<\/p>\n<p><em>\u2795\u00a0 <strong>Le plus : Vous pouvez payer votre trottinette en 3 fois sans frais en carte bancaire ou en 4 fois via Paypal !\u00a0 \u00a0<\/strong><\/em><\/p>\n<p>&nbsp;<\/p>\n<h2>4- Rester positif et motiv\u00e9<\/h2>\n<p>On a tous tendance \u00e0 se laisser aller et \u00e0 perdre notre motivation pendant cette p\u00e9riode compliqu\u00e9e, ce qui est totalement compr\u00e9hensible. Mais il faut savoir tirer le positif dans chaque situation que vous vivez et dans chaque personne que vous rencontrez pour pouvoir en tirer le meilleur.<\/p>\n<p>Certes, cette r\u00e9solution n&rsquo;est pas \u00e9vidente, mais il faut savoir prendre du recul sur chaque situation auxquelles nous sommes confront\u00e9es pour pouvoir nous rendre compte que m\u00eame si nous sommes devant une situation difficile ou un probl\u00e8me qui parait insurmontable, il y a un int\u00e9r\u00eat positif \u00e0 trouver dedans.<\/p>\n<p>Peu importe ce que vous vivez et la difficult\u00e9 de la situation, vous pourrez toujours trouver quelque chose de positif si nous prenons le temps de r\u00e9fl\u00e9chir.<\/p>\n<pre><span style=\"color: #ff9900;\"><strong>                             \"La pens\u00e9e positive attire le positif\"<\/strong><\/span><\/pre>\n<p><img decoding=\"async\" loading=\"lazy\" class=\"aligncenter wp-image-1468\" title=\"pens\u00e9e positive - Micro-Mobility\" src=\"https:\/\/www.micro-mobility.fr\/blog\/wp-content\/uploads\/2021\/01\/png-Micro-Black11.png\" alt=\"Homme sur trottinette faisant une figure - R\u00e9solution 2021\" width=\"761\" height=\"508\" srcset=\"https:\/\/www.micro-mobility.fr\/blog\/wp-content\/uploads\/2021\/01\/png-Micro-Black11.png 6016w, https:\/\/www.micro-mobility.fr\/blog\/wp-content\/uploads\/2021\/01\/png-Micro-Black11-300x200.png 300w, https:\/\/www.micro-mobility.fr\/blog\/wp-content\/uploads\/2021\/01\/png-Micro-Black11-1024x684.png 1024w, https:\/\/www.micro-mobility.fr\/blog\/wp-content\/uploads\/2021\/01\/png-Micro-Black11-768x513.png 768w, https:\/\/www.micro-mobility.fr\/blog\/wp-content\/uploads\/2021\/01\/png-Micro-Black11-1536x1025.png 1536w, https:\/\/www.micro-mobility.fr\/blog\/wp-content\/uploads\/2021\/01\/png-Micro-Black11-2048x1367.png 2048w\" sizes=\"(max-width: 761px) 100vw, 761px\" \/><\/p>\n<p>&nbsp;<\/p>\n<h2>5- Sortir de sa bulle et de sa zone de confort<\/h2>\n<p>2021 c&rsquo;est l&rsquo;occasion de tester et de d\u00e9couvrir de nouvelles choses ! Ne restez pas dans votre quotidien habituel ! Faites ce qui vous plait et SURTOUT, une chose que vous n&rsquo;avez jamais eu la possibilit\u00e9 de faire ou de r\u00e9aliser dans le pass\u00e9 !<\/p>\n<p>Au quotidien, il est possible de d\u00e9velopper notre curiosit\u00e9 et notre savoir sans bousculer nos modes de pens\u00e9es et nos valeurs. Essayez de commencer par de simples choses, que vous pouvez r\u00e9aliser facilement afin de prendre conscience que le fait de sortir de votre zone de confort est une d\u00e9marche positive qui ne peut venir que par soi-m\u00eame !<\/p>\n<p>Sortir de sa zone de confort peut vous permettre de reprendre le contr\u00f4le sur votre vie et ainsi lib\u00e9rer de la place pour vos pens\u00e9es et vos ambitions futures !<\/p>\n<p>Alors qu&rsquo;attendez-vous ? Vous avez tout a gagn\u00e9 en choisissant cette r\u00e9solution, notamment avec de la pratique et de l\u2019assiduit\u00e9, vous finirez par atteindre vos objectifs personnels et\/ou professionnels et vous vous surprendrez m\u00eame \u00e0 accomplir des choses que vous n\u2019auriez m\u00eame pas imagin\u00e9es notamment :<\/p>\n<ul>\n<li>Des exp\u00e9riences plus riches et plus palpitantes chaque jour<\/li>\n<li>Rester motiv\u00e9 et positif, en \u00e9vitant la routine quotidienne qui conduit \u00e0 la d\u00e9motivation<\/li>\n<li>Augmenter sa confiance en soi en accumulant les petites victoires, pour se se prouver qu\u2019on est capable de r\u00e9ussir<\/li>\n<li>Une bonne capacit\u00e9 \u00e0 affronter les probl\u00e8mes impr\u00e9vus et \u00e0 trouver des solutions facilement.<\/li>\n<li>D\u00e9couvrir des ressources et des forces de caract\u00e8re insoup\u00e7onn\u00e9es et explorer de nouvelles facettes de sa personnalit\u00e9<\/li>\n<\/ul>\n<p>&nbsp;<\/p>\n<pre><span style=\"color: #000000;\"><b>\"Sortir de sa zone de confort, c\u2019est reprendre le contr\u00f4le de sa vie,<\/b><strong> se placer aux manettes \r\n                   pour devenir la personne que l\u2019on souhaite \u00eatre.\"<\/strong> <\/span><\/pre>\n<p>&nbsp;<\/p>\n<p><span style=\"color: #000000;\">Alors qu&rsquo;attendez-vous pour commencer cette nouvelle ann\u00e9e avec de bonnes r\u00e9solutions ? \ud83d\ude09<\/span><\/p>\n<p>Et si vous voulez conna\u00eetre les 15 bonnes raisons de se d\u00e9placer \u00e0 trottinette, c&rsquo;est par ici : <a href=\"https:\/\/www.micro-mobility.fr\/blog\/15raisons-de-se-deplacer-a-trottinette\/\" target=\"_blank\" rel=\"nofollow noopener\"><span style=\"color: #ff00ff;\"><strong>15 bonnes raisons de se d\u00e9placer \u00e0 trottinette !<\/strong><\/span><\/a><\/p>\n<p>&nbsp;<\/p>\n<p><strong>Retrouvez-nous sur nos diff\u00e9rents r\u00e9seaux :<\/strong><\/p>\n<p>&nbsp;<\/p>\n<p><strong><img decoding=\"async\" loading=\"lazy\" class=\"wp-image-1271 alignleft\" src=\"https:\/\/www.micro-mobility.fr\/blog\/wp-content\/uploads\/2018\/10\/instagram-logo-transparent-png-571.png\" sizes=\"(max-width: 53px) 100vw, 53px\" srcset=\"https:\/\/www.micro-mobility.fr\/blog\/wp-content\/uploads\/2018\/10\/instagram-logo-transparent-png-571.png 1000w, https:\/\/www.micro-mobility.fr\/blog\/wp-content\/uploads\/2018\/10\/instagram-logo-transparent-png-571-300x300.png 300w, https:\/\/www.micro-mobility.fr\/blog\/wp-content\/uploads\/2018\/10\/instagram-logo-transparent-png-571-150x150.png 150w, https:\/\/www.micro-mobility.fr\/blog\/wp-content\/uploads\/2018\/10\/instagram-logo-transparent-png-571-768x768.png 768w\" alt=\"\" width=\"53\" height=\"53\" \/><\/strong>Suivez-nous sur notre compte Instagram pour retrouver nos aventures !<\/p>\n<p><a href=\"https:\/\/www.instagram.com\/micromobilityfrance\/?hl=fr\" target=\"_blank\" rel=\"noopener noreferrer\"><strong>@micromobilityfrance<\/strong><\/a><\/p>\n<p>&nbsp;<\/p>\n<p><strong><img decoding=\"async\" loading=\"lazy\" class=\"wp-image-1272 alignleft\" src=\"https:\/\/www.micro-mobility.fr\/blog\/wp-content\/uploads\/2018\/10\/584ac2d03ac3a570f94a666d.png\" sizes=\"(max-width: 50px) 100vw, 50px\" srcset=\"https:\/\/www.micro-mobility.fr\/blog\/wp-content\/uploads\/2018\/10\/584ac2d03ac3a570f94a666d.png 250w, https:\/\/www.micro-mobility.fr\/blog\/wp-content\/uploads\/2018\/10\/584ac2d03ac3a570f94a666d-150x150.png 150w\" alt=\"\" width=\"50\" height=\"50\" \/><\/strong>Retrouvez-nous \u00e9galement sur notre page Facebook pour suivre nos actualit\u00e9s !<\/p>\n<p><a href=\"https:\/\/www.facebook.com\/MicroMobilityFrance\/\" target=\"_blank\" rel=\"noopener noreferrer\"><strong>Micro Mobility France<\/strong><\/a><\/p>\n<p>&nbsp;<\/p>\n<p><img decoding=\"async\" loading=\"lazy\" class=\"wp-image-1289 alignleft\" src=\"https:\/\/www.micro-mobility.fr\/blog\/wp-content\/uploads\/2020\/11\/580b57fcd9996e24bc43c545.png\" sizes=\"(max-width: 50px) 100vw, 50px\" srcset=\"https:\/\/www.micro-mobility.fr\/blog\/wp-content\/uploads\/2020\/11\/580b57fcd9996e24bc43c545.png 1024w, https:\/\/www.micro-mobility.fr\/blog\/wp-content\/uploads\/2020\/11\/580b57fcd9996e24bc43c545-300x211.png 300w, https:\/\/www.micro-mobility.fr\/blog\/wp-content\/uploads\/2020\/11\/580b57fcd9996e24bc43c545-768x541.png 768w\" alt=\"\" width=\"50\" height=\"35\" \/><\/p>\n<p>Pour voir nos tutoriels SAV et toutes nos vid\u00e9os autour de Micro, rendez-vous sur notre cha\u00eene YouTube !<\/p>\n<p><a href=\"https:\/\/www.youtube.com\/channel\/UCsLJ7ihEkJGE-pmGQDE1H7w\/featured?view_as=subscriber\" target=\"_blank\" rel=\"nofollow noopener noreferrer\"><strong>Micro Mobility France<\/strong><\/a><\/p>\n","protected":false},"excerpt":{"rendered":"<p>Bonne ann\u00e9e 2021 les micro-riders ! Apr\u00e8s cette ann\u00e9e 2020 pas comme les autres, on vous souhaite une ann\u00e9e 2021 pleine de douceur et d&rsquo;aventures&#8230; \u00e0 trottinette ! Et pour cela, Micro vous donne 5 bonnes r\u00e9solutions \u00e0 adopter pour cette nouvelle ann\u00e9e !<\/p>\n","protected":false},"author":6,"featured_media":1508,"comment_status":"closed","ping_status":"open","sticky":false,"template":"","format":"standard","meta":[],"categories":[1,4,6,5,7],"tags":[173,175,176,178,177,152,62,39,172,174,179,133,105],"aioseo_notices":[],"_links":{"self":[{"href":"https:\/\/www.micro-mobility.fr\/blog\/wp-json\/wp\/v2\/posts\/1439"}],"collection":[{"href":"https:\/\/www.micro-mobility.fr\/blog\/wp-json\/wp\/v2\/posts"}],"about":[{"href":"https:\/\/www.micro-mobility.fr\/blog\/wp-json\/wp\/v2\/types\/post"}],"author":[{"embeddable":true,"href":"https:\/\/www.micro-mobility.fr\/blog\/wp-json\/wp\/v2\/users\/6"}],"replies":[{"embeddable":true,"href":"https:\/\/www.micro-mobility.fr\/blog\/wp-json\/wp\/v2\/comments?post=1439"}],"version-history":[{"count":58,"href":"https:\/\/www.micro-mobility.fr\/blog\/wp-json\/wp\/v2\/posts\/1439\/revisions"}],"predecessor-version":[{"id":3513,"href":"https:\/\/www.micro-mobility.fr\/blog\/wp-json\/wp\/v2\/posts\/1439\/revisions\/3513"}],"wp:featuredmedia":[{"embeddable":true,"href":"https:\/\/www.micro-mobility.fr\/blog\/wp-json\/wp\/v2\/media\/1508"}],"wp:attachment":[{"href":"https:\/\/www.micro-mobility.fr\/blog\/wp-json\/wp\/v2\/media?parent=1439"}],"wp:term":[{"taxonomy":"category","embeddable":true,"href":"https:\/\/www.micro-mobility.fr\/blog\/wp-json\/wp\/v2\/categories?post=1439"},{"taxonomy":"post_tag","embeddable":true,"href":"https:\/\/www.micro-mobility.fr\/blog\/wp-json\/wp\/v2\/tags?post=1439"}],"curies":[{"name":"wp","href":"https:\/\/api.w.org\/{rel}","templated":true}]}}