{"id":1526,"date":"2021-01-27T17:26:35","date_gmt":"2021-01-27T16:26:35","guid":{"rendered":"https:\/\/www.micro-mobility.fr\/blog\/?p=1526"},"modified":"2021-01-28T11:52:02","modified_gmt":"2021-01-28T10:52:02","slug":"porteur-micro-air-hopper-rose-bleu","status":"publish","type":"post","link":"https:\/\/www.micro-mobility.fr\/blog\/porteur-micro-air-hopper-rose-bleu\/","title":{"rendered":"Nouveaut\u00e9s : Le porteur Micro Air Hopper Rose et Bleu !"},"content":{"rendered":"\n<p><span style=\"color: #ffffff;\">Porteur Micro Air Hopper<\/span><\/p>\n<h2><\/h2>\n<h2 style=\"text-align: center;\">\ud83c\udd95 Qui dit nouvelle ann\u00e9e, dit nouveaux produits Micro ! \ud83c\udd95<\/h2>\n<p><a href=\"https:\/\/www.micro-mobility.fr\/\" target=\"_blank\" rel=\"noopener\"><img decoding=\"async\" loading=\"lazy\" class=\"aligncenter wp-image-1531\" title=\"Enfants avec trottinettes Micro \" src=\"https:\/\/www.micro-mobility.fr\/blog\/wp-content\/uploads\/2021\/01\/png-Mixed-Mini-Micro-Deluxe-Maxi-Micro-Deluxe.png\" alt=\"Image enfants avec trottinettes Micro \" width=\"821\" height=\"442\" srcset=\"https:\/\/www.micro-mobility.fr\/blog\/wp-content\/uploads\/2021\/01\/png-Mixed-Mini-Micro-Deluxe-Maxi-Micro-Deluxe.png 6601w, https:\/\/www.micro-mobility.fr\/blog\/wp-content\/uploads\/2021\/01\/png-Mixed-Mini-Micro-Deluxe-Maxi-Micro-Deluxe-300x162.png 300w, https:\/\/www.micro-mobility.fr\/blog\/wp-content\/uploads\/2021\/01\/png-Mixed-Mini-Micro-Deluxe-Maxi-Micro-Deluxe-1024x552.png 1024w, https:\/\/www.micro-mobility.fr\/blog\/wp-content\/uploads\/2021\/01\/png-Mixed-Mini-Micro-Deluxe-Maxi-Micro-Deluxe-768x414.png 768w, https:\/\/www.micro-mobility.fr\/blog\/wp-content\/uploads\/2021\/01\/png-Mixed-Mini-Micro-Deluxe-Maxi-Micro-Deluxe-1536x828.png 1536w, https:\/\/www.micro-mobility.fr\/blog\/wp-content\/uploads\/2021\/01\/png-Mixed-Mini-Micro-Deluxe-Maxi-Micro-Deluxe-2048x1105.png 2048w\" sizes=\"(max-width: 821px) 100vw, 821px\" \/><\/a><\/p>\n<p>&nbsp;<\/p>\n<hr \/>\n<h2><\/h2>\n<p>&nbsp;<\/p>\n<h2><strong>Les innovations Micro\u00a0<\/strong><\/h2>\n<p>&nbsp;<\/p>\n<p><img decoding=\"async\" loading=\"lazy\" class=\"alignleft wp-image-1532\" title=\"Logo Micro-Mobility\" src=\"https:\/\/www.micro-mobility.fr\/blog\/wp-content\/uploads\/2021\/01\/large-Micro-Logo-Claim-Black1.jpg\" alt=\"Logo Micro-Mobility\" width=\"182\" height=\"71\" srcset=\"https:\/\/www.micro-mobility.fr\/blog\/wp-content\/uploads\/2021\/01\/large-Micro-Logo-Claim-Black1.jpg 1600w, https:\/\/www.micro-mobility.fr\/blog\/wp-content\/uploads\/2021\/01\/large-Micro-Logo-Claim-Black1-300x117.jpg 300w, https:\/\/www.micro-mobility.fr\/blog\/wp-content\/uploads\/2021\/01\/large-Micro-Logo-Claim-Black1-1024x400.jpg 1024w, https:\/\/www.micro-mobility.fr\/blog\/wp-content\/uploads\/2021\/01\/large-Micro-Logo-Claim-Black1-768x300.jpg 768w, https:\/\/www.micro-mobility.fr\/blog\/wp-content\/uploads\/2021\/01\/large-Micro-Logo-Claim-Black1-1536x600.jpg 1536w\" sizes=\"(max-width: 182px) 100vw, 182px\" \/><\/p>\n<p><img decoding=\"async\" loading=\"lazy\" class=\"alignleft wp-image-1535\" title=\"Logo Swiss Design\" src=\"https:\/\/www.micro-mobility.fr\/blog\/wp-content\/uploads\/2021\/01\/large-Micro-Swiss-Design-Official-Logo.jpg\" alt=\"Logo Swiss Design\" width=\"79\" height=\"79\" srcset=\"https:\/\/www.micro-mobility.fr\/blog\/wp-content\/uploads\/2021\/01\/large-Micro-Swiss-Design-Official-Logo.jpg 1203w, https:\/\/www.micro-mobility.fr\/blog\/wp-content\/uploads\/2021\/01\/large-Micro-Swiss-Design-Official-Logo-300x300.jpg 300w, https:\/\/www.micro-mobility.fr\/blog\/wp-content\/uploads\/2021\/01\/large-Micro-Swiss-Design-Official-Logo-1024x1021.jpg 1024w, https:\/\/www.micro-mobility.fr\/blog\/wp-content\/uploads\/2021\/01\/large-Micro-Swiss-Design-Official-Logo-150x150.jpg 150w, https:\/\/www.micro-mobility.fr\/blog\/wp-content\/uploads\/2021\/01\/large-Micro-Swiss-Design-Official-Logo-768x766.jpg 768w\" sizes=\"(max-width: 79px) 100vw, 79px\" \/><\/p>\n<p>Depuis la cr\u00e9ation de Micro, l\u2019innovation et la conception de solutions de mobilit\u00e9 urbaines design et de qualit\u00e9 ont toujours \u00e9t\u00e9 au c\u0153ur des motivations de Wim Ouboter, son fondateur, mais aussi de toutes les \u00e9quipes qui l&rsquo;accompagne, non seulement pour se d\u00e9marquer des copies plagiats peu scrupuleux, mais aussi pour imposer la qualit\u00e9 et le design de pr\u00e9cision suisse. Chaque mod\u00e8le est pens\u00e9 et con\u00e7u en Suisse par nos designers et ing\u00e9nieurs.<\/p>\n<p>Il y a mille et une raisons qui font que l\u2019on ne se passe plus d\u2019une trottinette ou d&rsquo;un produit Micro une fois qu\u2019on les a essay\u00e9s, mais c\u2019est principalement le c\u0153ur que Micro met \u00e0 fabriquer des produits robustes pens\u00e9s pour le plaisir au quotidien, et c&rsquo;est ce qui rend la marque si fi\u00e8re de ses produits.<\/p>\n<p>&nbsp;<\/p>\n<h2>Nouvelle gamme pour enfants<\/h2>\n<p>&nbsp;<\/p>\n<p>Et c&rsquo;est pour perp\u00e9tuer ces valeurs le plus longtemps possible que Micro vous pr\u00e9sente en ce mois de Janvier 2021, un tout nouveau produit : <strong>Le porteur Micro Air Hopper <span style=\"color: #0000ff;\">Bleu<\/span> &amp; <span style=\"color: #ff00ff;\">Rose<\/span> !\u00a0<\/strong><\/p>\n<p><a href=\"https:\/\/www.micro-mobility.fr\/1600-porteur-micro-air-hopper-bleu.html\" target=\"_blank\" rel=\"noopener\"><img decoding=\"async\" loading=\"lazy\" class=\"alignnone wp-image-1536 size-full\" title=\"Porteur Micro Air Hopper Rose et Bleu\" src=\"https:\/\/www.micro-mobility.fr\/blog\/wp-content\/uploads\/2021\/01\/air-hopper-1-scaled.jpg\" alt=\"Photo nouveaux produits : Porteur Micro Air Hopper Rose et Bleu\" width=\"2560\" height=\"800\" srcset=\"https:\/\/www.micro-mobility.fr\/blog\/wp-content\/uploads\/2021\/01\/air-hopper-1-scaled.jpg 2560w, https:\/\/www.micro-mobility.fr\/blog\/wp-content\/uploads\/2021\/01\/air-hopper-1-300x94.jpg 300w, https:\/\/www.micro-mobility.fr\/blog\/wp-content\/uploads\/2021\/01\/air-hopper-1-1024x320.jpg 1024w, https:\/\/www.micro-mobility.fr\/blog\/wp-content\/uploads\/2021\/01\/air-hopper-1-768x240.jpg 768w, https:\/\/www.micro-mobility.fr\/blog\/wp-content\/uploads\/2021\/01\/air-hopper-1-1536x480.jpg 1536w, https:\/\/www.micro-mobility.fr\/blog\/wp-content\/uploads\/2021\/01\/air-hopper-1-2048x640.jpg 2048w\" sizes=\"(max-width: 2560px) 100vw, 2560px\" \/><\/a><\/p>\n<h3><\/h3>\n<h3><\/h3>\n<p>&nbsp;<\/p>\n<h3>Le principe<\/h3>\n<p><a href=\"https:\/\/www.micro-mobility.fr\/1600-porteur-micro-air-hopper-bleu.html\" target=\"_blank\" rel=\"noopener\"><img decoding=\"async\" loading=\"lazy\" class=\"alignleft wp-image-1537\" title=\"Micro Air Hopper couleur bleu\" src=\"https:\/\/www.micro-mobility.fr\/blog\/wp-content\/uploads\/2021\/01\/png-Micro-Air-Hopper-Blue2.png\" alt=\"Image Micro Air Hopper couleur bleu\" width=\"112\" height=\"168\" srcset=\"https:\/\/www.micro-mobility.fr\/blog\/wp-content\/uploads\/2021\/01\/png-Micro-Air-Hopper-Blue2.png 4676w, https:\/\/www.micro-mobility.fr\/blog\/wp-content\/uploads\/2021\/01\/png-Micro-Air-Hopper-Blue2-200x300.png 200w, https:\/\/www.micro-mobility.fr\/blog\/wp-content\/uploads\/2021\/01\/png-Micro-Air-Hopper-Blue2-683x1024.png 683w, https:\/\/www.micro-mobility.fr\/blog\/wp-content\/uploads\/2021\/01\/png-Micro-Air-Hopper-Blue2-768x1152.png 768w, https:\/\/www.micro-mobility.fr\/blog\/wp-content\/uploads\/2021\/01\/png-Micro-Air-Hopper-Blue2-1024x1536.png 1024w, https:\/\/www.micro-mobility.fr\/blog\/wp-content\/uploads\/2021\/01\/png-Micro-Air-Hopper-Blue2-1365x2048.png 1365w\" sizes=\"(max-width: 112px) 100vw, 112px\" \/><\/a><\/p>\n<p>&nbsp;<\/p>\n<p>Le Micro Air Hopper est le combin\u00e9 ing\u00e9nieux d&rsquo;un porteur et d&rsquo;un ballon sauteur pour pouvoir s&rsquo;amuser, jouer tout en rebondissant et en roulant \u00e0 toute vitesse pour deux fois plus de plaisir !<\/p>\n<p>En effet, de mani\u00e8re r\u00e9volutionnaire, le Micro Air Hopper allie le concept bien connu de la tr\u00e9mie avec le plaisir de glisse.<\/p>\n<p>L<a href=\"https:\/\/www.micro-mobility.fr\/1601-porteur-micro-air-hopper-rose.html\" target=\"_blank\" rel=\"noopener\"><img decoding=\"async\" loading=\"lazy\" class=\"alignleft wp-image-1539\" title=\"Micro Air Hopper couleur rose\" src=\"https:\/\/www.micro-mobility.fr\/blog\/wp-content\/uploads\/2021\/01\/png-Micro-Air-Hopper-Pink4-e1611744502124-300x278.png\" alt=\"Image Micro Air Hopper couleur rose\" width=\"153\" height=\"142\" srcset=\"https:\/\/www.micro-mobility.fr\/blog\/wp-content\/uploads\/2021\/01\/png-Micro-Air-Hopper-Pink4-e1611744502124-300x278.png 300w, https:\/\/www.micro-mobility.fr\/blog\/wp-content\/uploads\/2021\/01\/png-Micro-Air-Hopper-Pink4-e1611744502124-1024x948.png 1024w, https:\/\/www.micro-mobility.fr\/blog\/wp-content\/uploads\/2021\/01\/png-Micro-Air-Hopper-Pink4-e1611744502124-768x711.png 768w, https:\/\/www.micro-mobility.fr\/blog\/wp-content\/uploads\/2021\/01\/png-Micro-Air-Hopper-Pink4-e1611744502124-1536x1422.png 1536w, https:\/\/www.micro-mobility.fr\/blog\/wp-content\/uploads\/2021\/01\/png-Micro-Air-Hopper-Pink4-e1611744502124-2048x1896.png 2048w\" sizes=\"(max-width: 153px) 100vw, 153px\" \/><\/a>e jouet pour enfants de conception ergonomique se compose de deux composants : un corps principal gonflable et un ch\u00e2ssis avec des roues en PU \u00e0 360 degr\u00e9s qui sont exceptionnellement silencieuses et ne laissent aucune trace.<\/p>\n<p>Avec le Micro Air Hopper, les tout-petits sont d\u00e9j\u00e0 mobiles et actifs avant leurs premi\u00e8res tentatives de marche. De plus, au-del\u00e0 des rires et du plaisir, la coordination et l&rsquo;\u00e9quilibre sont habilement promus.<\/p>\n<p>&nbsp;<\/p>\n<h2><\/h2>\n<h3><\/h3>\n<h3>Le porteur qui se transforme en ballon sauteur<\/h3>\n<p>&nbsp;<\/p>\n<p>Ergonomique, le Micro Air Hopper se compose de <strong><span style=\"text-decoration: underline;\">deux \u00e9l\u00e9ments facilement assemblables<\/span><\/strong> :<\/p>\n<ul>\n<li>Un corps principal gonflable (pompe fournie)<\/li>\n<\/ul>\n<p>ET<\/p>\n<ul>\n<li>Un ch\u00e2ssis \u00e9quip\u00e9 de 4 roues en PU qui tournent \u00e0 360 \u00b0.<\/li>\n<\/ul>\n<p>&nbsp;<\/p>\n<h3><a href=\"https:\/\/www.micro-mobility.fr\/1601-porteur-micro-air-hopper-rose.html\"><img decoding=\"async\" loading=\"lazy\" class=\"alignleft wp-image-1623\" title=\"Corps du porteur Micro Air Hopper Rose\" src=\"https:\/\/www.micro-mobility.fr\/blog\/wp-content\/uploads\/2021\/01\/large-Micro-Air-Hopper-Mixed-1.jpg\" alt=\"Image fille sur Porteur Micro Air Hopper Rose\" width=\"260\" height=\"391\" srcset=\"https:\/\/www.micro-mobility.fr\/blog\/wp-content\/uploads\/2021\/01\/large-Micro-Air-Hopper-Mixed-1.jpg 800w, https:\/\/www.micro-mobility.fr\/blog\/wp-content\/uploads\/2021\/01\/large-Micro-Air-Hopper-Mixed-1-200x300.jpg 200w, https:\/\/www.micro-mobility.fr\/blog\/wp-content\/uploads\/2021\/01\/large-Micro-Air-Hopper-Mixed-1-683x1024.jpg 683w, https:\/\/www.micro-mobility.fr\/blog\/wp-content\/uploads\/2021\/01\/large-Micro-Air-Hopper-Mixed-1-768x1152.jpg 768w\" sizes=\"(max-width: 260px) 100vw, 260px\" \/><\/a><\/h3>\n<h3><a href=\"https:\/\/www.micro-mobility.fr\/1600-porteur-micro-air-hopper-bleu.html\" target=\"_blank\" rel=\"noopener\"><img decoding=\"async\" loading=\"lazy\" class=\"alignleft wp-image-1545\" title=\"Ch\u00e2ssis Porteur Micro Air Hopper Bleu\" src=\"https:\/\/www.micro-mobility.fr\/blog\/wp-content\/uploads\/2021\/01\/png-Micro-Air-Hopper-Blue-e1611747257248.png\" alt=\"Image Porteur Micro Air Hopper bleu\" width=\"349\" height=\"381\" srcset=\"https:\/\/www.micro-mobility.fr\/blog\/wp-content\/uploads\/2021\/01\/png-Micro-Air-Hopper-Blue-e1611747257248.png 1490w, https:\/\/www.micro-mobility.fr\/blog\/wp-content\/uploads\/2021\/01\/png-Micro-Air-Hopper-Blue-e1611747257248-275x300.png 275w, https:\/\/www.micro-mobility.fr\/blog\/wp-content\/uploads\/2021\/01\/png-Micro-Air-Hopper-Blue-e1611747257248-938x1024.png 938w, https:\/\/www.micro-mobility.fr\/blog\/wp-content\/uploads\/2021\/01\/png-Micro-Air-Hopper-Blue-e1611747257248-768x838.png 768w, https:\/\/www.micro-mobility.fr\/blog\/wp-content\/uploads\/2021\/01\/png-Micro-Air-Hopper-Blue-e1611747257248-1408x1536.png 1408w\" sizes=\"(max-width: 349px) 100vw, 349px\" \/><\/a><\/h3>\n<p>&nbsp;<\/p>\n<p>&nbsp;<\/p>\n<p>&nbsp;<\/p>\n<p>&nbsp;<\/p>\n<p>&nbsp;<\/p>\n<p>&nbsp;<\/p>\n<p>&nbsp;<\/p>\n<p>&nbsp;<\/p>\n<p>&nbsp;<\/p>\n<p>&nbsp;<\/p>\n<p>&nbsp;<\/p>\n<p>&nbsp;<\/p>\n<p>&nbsp;<\/p>\n<p>&nbsp;<\/p>\n<h3>Les bienfaits<\/h3>\n<p>&nbsp;<\/p>\n<p><span class=\"ILfuVd\"><span class=\"hgKElc\">Selon R.Manno <span style=\"color: #008000;\"><strong><em>\u00ab Les capacit\u00e9s motrices ou qualit\u00e9s physiques constituent le pr\u00e9suppos\u00e9 ou pr\u00e9-requis moteur de base, sur lequel l&rsquo;homme et l&rsquo;athl\u00e8te construisent leurs propres habilet\u00e9s techniques \u00bb<\/em><\/strong>. <\/span><\/span><\/span><\/p>\n<p>De ce fait, d&rsquo;apr\u00e8s <span style=\"color: #ff9900;\"><a style=\"color: #ff9900;\" href=\"https:\/\/www.bloghoptoys.fr\/activites-motrices-linterieur-2\" target=\"_blank\" rel=\"nofollow noopener\"><strong>le blog Hop Toys<\/strong><\/a><span style=\"color: #000000;\">,<\/span><\/span> la construction et le d\u00e9veloppement de la motricit\u00e9 est un \u00e9l\u00e9ment majeur dans l&rsquo;\u00e9ducation des enfants et leurs autonomies. En travaillant avec certains accessoires modulables et am\u00e9nageables, cela leur permet d\u2019apprendre \u00e0 utiliser leur corps, pallier les difficult\u00e9s li\u00e9es au handicap et affiner les gestes.<\/p>\n<p>Par ses activit\u00e9s\u00a0dans cet environnement, l\u2019enfant va\u00a0accro\u00eetre ses capacit\u00e9s motrices (courir, sauter, ramper, grimper, rouler, etc\u2026) tout en se construisant une image de son propre corps et de sa croissance.<\/p>\n<p>Tous ces gestes, appris en situation de jeu, sont ensuite reproduits lors de la vie quotidienne. Les capacit\u00e9s intellectuelles sont \u00e9galement sollicit\u00e9es en donnant l\u2019occasion aux enfants de r\u00e9aliser une activit\u00e9 de mani\u00e8re autonome enrichissant le go\u00fbt pour l\u2019effort et la concentration.<\/p>\n<p>Le d\u00e9veloppement moteur d\u2019un enfant est donc un processus indispensable !<\/p>\n<p>Voici un petit sch\u00e9ma pour vous aider \u00e0 comprendre comment fonctionne la motricit\u00e9 selon les \u00e2ges :<\/p>\n<p>&nbsp;<\/p>\n<p><a href=\"https:\/\/naitreetgrandir.com\/fr\/etape\/1_3_ans\/developpement\/fiche.aspx?doc=la-motricite-etapes-developpement\" target=\"_blank\" rel=\"noopener\"><img decoding=\"async\" loading=\"lazy\" class=\"wp-image-1552 size-full alignnone\" title=\"Sch\u00e9ma sur la motricit\u00e9 des enfants selon l'\u00e2ge \" src=\"https:\/\/www.micro-mobility.fr\/blog\/wp-content\/uploads\/2021\/01\/la-motricite-etapes-developpement-1-scaled.jpg\" alt=\"Sch\u00e9ma sur la motricit\u00e9 des enfants selon l'\u00e2ge \" width=\"539\" height=\"2560\" srcset=\"https:\/\/www.micro-mobility.fr\/blog\/wp-content\/uploads\/2021\/01\/la-motricite-etapes-developpement-1-scaled.jpg 539w, https:\/\/www.micro-mobility.fr\/blog\/wp-content\/uploads\/2021\/01\/la-motricite-etapes-developpement-1-63x300.jpg 63w, https:\/\/www.micro-mobility.fr\/blog\/wp-content\/uploads\/2021\/01\/la-motricite-etapes-developpement-1-431x2048.jpg 431w\" sizes=\"(max-width: 539px) 100vw, 539px\" \/><\/a><\/p>\n<p>&nbsp;<\/p>\n<h3>Jouet multifonctions<\/h3>\n<p>&nbsp;<\/p>\n<p><a href=\"https:\/\/www.micro-mobility.fr\/1601-porteur-micro-air-hopper-rose.html\" target=\"_blank\" rel=\"noopener\"><img decoding=\"async\" loading=\"lazy\" class=\"alignleft wp-image-1548\" title=\"Porteur Micro Air Hopper Rose\" src=\"https:\/\/www.micro-mobility.fr\/blog\/wp-content\/uploads\/2021\/01\/large-Micro-Air-Hopper-Mixed1.jpg\" alt=\"Image gar\u00e7on portant le Porteur Micro Air Hopper Rose\" width=\"229\" height=\"344\" srcset=\"https:\/\/www.micro-mobility.fr\/blog\/wp-content\/uploads\/2021\/01\/large-Micro-Air-Hopper-Mixed1.jpg 800w, https:\/\/www.micro-mobility.fr\/blog\/wp-content\/uploads\/2021\/01\/large-Micro-Air-Hopper-Mixed1-200x300.jpg 200w, https:\/\/www.micro-mobility.fr\/blog\/wp-content\/uploads\/2021\/01\/large-Micro-Air-Hopper-Mixed1-683x1024.jpg 683w, https:\/\/www.micro-mobility.fr\/blog\/wp-content\/uploads\/2021\/01\/large-Micro-Air-Hopper-Mixed1-768x1152.jpg 768w\" sizes=\"(max-width: 229px) 100vw, 229px\" \/><\/a><\/p>\n<p>&nbsp;<\/p>\n<p>Ainsi, les enfants, d\u00e8s 18 mois, vont donc pouvoir apprendre \u00e0 se d\u00e9placer tout en s&rsquo;amusant ! Le Micro Air Hopper d\u00e9veloppe les capacit\u00e9s motrices, l\u2019\u00e9quilibre, la coordination et l\u2019autonomie.<\/p>\n<p>L&rsquo;enfant peut utiliser le Micro Air Hopper\u00a0comme un ballon sauteur : il suffira alors d&rsquo;enlever le corps en silicone du ch\u00e2ssis.<\/p>\n<p>D\u00e9di\u00e9 essentiellement \u00e0 un usage int\u00e9rieur, le porteur Micro Air Hopper peut toutefois s\u2019utiliser sur une surface lisse en ext\u00e9rieur.<\/p>\n<p>Simple d&rsquo;utilisation, ludique, rigolo, fun, le Micro Air Hopper deviendra vite le jouet pr\u00e9f\u00e9r\u00e9 de votre b\u00e9b\u00e9 et de vos enfants !<\/p>\n<p><a href=\"https:\/\/www.micro-mobility.fr\/1600-porteur-micro-air-hopper-bleu.html\" target=\"_blank\" rel=\"noopener\"><img decoding=\"async\" loading=\"lazy\" class=\"alignleft wp-image-1553\" title=\"Porteur Micro Air Hopper Bleu et Rose\" src=\"https:\/\/www.micro-mobility.fr\/blog\/wp-content\/uploads\/2021\/01\/png-Micro-Air-Hopper-Mixed2.png\" alt=\"Image petite fille poussant petit gar\u00e7on sur Porteur Micro Air Hopper Bleu\" width=\"380\" height=\"254\" srcset=\"https:\/\/www.micro-mobility.fr\/blog\/wp-content\/uploads\/2021\/01\/png-Micro-Air-Hopper-Mixed2.png 6720w, https:\/\/www.micro-mobility.fr\/blog\/wp-content\/uploads\/2021\/01\/png-Micro-Air-Hopper-Mixed2-300x200.png 300w, https:\/\/www.micro-mobility.fr\/blog\/wp-content\/uploads\/2021\/01\/png-Micro-Air-Hopper-Mixed2-1024x683.png 1024w, https:\/\/www.micro-mobility.fr\/blog\/wp-content\/uploads\/2021\/01\/png-Micro-Air-Hopper-Mixed2-768x512.png 768w, https:\/\/www.micro-mobility.fr\/blog\/wp-content\/uploads\/2021\/01\/png-Micro-Air-Hopper-Mixed2-1536x1024.png 1536w\" sizes=\"(max-width: 380px) 100vw, 380px\" \/><\/a><\/p>\n<p>&nbsp;<\/p>\n<p>&nbsp;<\/p>\n<p>&nbsp;<\/p>\n<p>&nbsp;<\/p>\n<p>&nbsp;<\/p>\n<p>&nbsp;<\/p>\n<h2><\/h2>\n<p>&nbsp;<\/p>\n<p>&nbsp;<\/p>\n<p>&nbsp;<\/p>\n<h2>Zoom sur le Porteur Micro Air Hopper<\/h2>\n<p><a href=\"https:\/\/www.micro-mobility.fr\/1601-porteur-micro-air-hopper-rose.html\" target=\"_blank\" rel=\"noopener\"><img decoding=\"async\" loading=\"lazy\" class=\"alignleft wp-image-1550\" title=\"Porteur Micro Air Hopper Rose\" src=\"https:\/\/www.micro-mobility.fr\/blog\/wp-content\/uploads\/2021\/01\/medium-Micro-Air-Hopper-Mixed.jpg\" alt=\"Image fille rebondissant sur le Porteur Micro Air Hopper Rose\" width=\"190\" height=\"285\" srcset=\"https:\/\/www.micro-mobility.fr\/blog\/wp-content\/uploads\/2021\/01\/medium-Micro-Air-Hopper-Mixed.jpg 512w, https:\/\/www.micro-mobility.fr\/blog\/wp-content\/uploads\/2021\/01\/medium-Micro-Air-Hopper-Mixed-200x300.jpg 200w\" sizes=\"(max-width: 190px) 100vw, 190px\" \/><\/a><a href=\"https:\/\/www.micro-mobility.fr\/1601-porteur-micro-air-hopper-rose.html\" target=\"_blank\" rel=\"noopener\"><img decoding=\"async\" loading=\"lazy\" class=\"alignleft wp-image-1555\" title=\"Porteur Micro Air Hopper Bleu et Rose \" src=\"https:\/\/www.micro-mobility.fr\/blog\/wp-content\/uploads\/2021\/01\/png-Micro-Air-Hopper-Mixed.png\" alt=\"Image enfants sur Porteur Micro Air Hopper Bleu et Rose \" width=\"430\" height=\"286\" srcset=\"https:\/\/www.micro-mobility.fr\/blog\/wp-content\/uploads\/2021\/01\/png-Micro-Air-Hopper-Mixed.png 6720w, https:\/\/www.micro-mobility.fr\/blog\/wp-content\/uploads\/2021\/01\/png-Micro-Air-Hopper-Mixed-300x200.png 300w, https:\/\/www.micro-mobility.fr\/blog\/wp-content\/uploads\/2021\/01\/png-Micro-Air-Hopper-Mixed-1024x683.png 1024w, https:\/\/www.micro-mobility.fr\/blog\/wp-content\/uploads\/2021\/01\/png-Micro-Air-Hopper-Mixed-768x512.png 768w, https:\/\/www.micro-mobility.fr\/blog\/wp-content\/uploads\/2021\/01\/png-Micro-Air-Hopper-Mixed-1536x1024.png 1536w\" sizes=\"(max-width: 430px) 100vw, 430px\" \/><\/a><\/p>\n<p>&nbsp;<\/p>\n<p>&nbsp;<\/p>\n<p><span style=\"color: #ffffff;\">Porteur Micro Air Hopper<\/span><\/p>\n<p>&nbsp;<\/p>\n<p>&nbsp;<\/p>\n<p>&nbsp;<\/p>\n<p>&nbsp;<\/p>\n<p>&nbsp;<\/p>\n<p><span style=\"color: #ffffff;\">Porteur Micro Air Hopper<\/span><\/p>\n<p>&nbsp;<\/p>\n<p><strong>\u2795 Les plus\u00a0<\/strong><\/p>\n<p><img decoding=\"async\" loading=\"lazy\" class=\" wp-image-1569 alignleft\" src=\"https:\/\/www.micro-mobility.fr\/blog\/wp-content\/uploads\/2021\/01\/Copie-de-Orange-Entreprise-Photo-Mensuel-Rapport.gif\" alt=\"\" width=\"286\" height=\"286\" \/><\/p>\n<ul>\n<li>Les roues ultra silencieuses pour ne laisser aucunes traces sur vos sols !<\/li>\n<li>Ne poss\u00e8de pas d\u2019ar\u00eates vives ; vos murs seront ainsi pr\u00e9serv\u00e9s<\/li>\n<li>D\u00e8s 18 mois<\/li>\n<li>Poids maximal\u00a0: max 25 kg<\/li>\n<li>Poids total : 3,1 kg<\/li>\n<li>Assise\u00a0: ballon gonflable cintr\u00e9 (pompe fournie)<\/li>\n<li>Base\u00a0: ch\u00e2ssis \u00e9quip\u00e9 de 4 roulettes articul\u00e9es en PU tournant \u00e0 360\u00b0<\/li>\n<li>Ch\u00e2ssis en PU double densit\u00e9 : rigide sur le haut et flexible sur la partie basse (\u00e9vite le pincement des doigts et prot\u00e8ge contre les chocs).<\/li>\n<li>Hauteur de l\u2019assise\u00a0: 23 \u00e0 25 cm avec le ch\u00e2ssis.<\/li>\n<li>Simple d\u2019utilisation : l\u2019assise s\u2019emboite facilement et de mani\u00e8re s\u00e9curit\u00e9 sur le ch\u00e2ssis<\/li>\n<li>Transport facilit\u00e9 lorsque le ballon est d\u00e9gonfl\u00e9.<\/li>\n<li>D\u00e9tachable<\/li>\n<\/ul>\n<p><span style=\"color: #ffffff;\">Porteur Micro Air Hopper<\/span><\/p>\n<p><span style=\"color: #ffffff;\">Porteur Micro Air Hopper<\/span><\/p>\n<p>&nbsp;<\/p>\n<h2>Notre r\u00e9compense<\/h2>\n<p>&nbsp;<\/p>\n<p><img decoding=\"async\" loading=\"lazy\" class=\"alignleft wp-image-1570\" title=\"Logo \u00e9v\u00e8nement Focus Open 2020 \" src=\"https:\/\/www.micro-mobility.fr\/blog\/wp-content\/uploads\/2021\/01\/png-Focus-Open-Special-Mention-2020.png\" alt=\"Logo \u00e9v\u00e8nement Focus Open 2020 \" width=\"123\" height=\"153\" \/>Avec la r\u00e9cente sortie de nos nouveaux produits, le Micro Air Hopper Bleu &amp; Rose, Micro-Mobility a \u00e9t\u00e9 r\u00e9compens\u00e9e par <strong>le Focus Open 2020<\/strong> qui est un \u00e9v\u00e8nement qui <span class=\"\">d\u00e9cerne chaque ann\u00e9e le Prix du design international <\/span>aux plus petites comme aux grandes entreprises la possibilit\u00e9 de comparer leurs innovations de produits aux normes internationales.<\/p>\n<p><img decoding=\"async\" loading=\"lazy\" class=\"alignleft wp-image-1571\" title=\"Logo \u00e9v\u00e8nement German Design Award 2021\" src=\"https:\/\/www.micro-mobility.fr\/blog\/wp-content\/uploads\/2021\/01\/png-German-Design-Award-2021.png\" alt=\"Logo \u00e9v\u00e8nement German Design Award 2021\" width=\"204\" height=\"123\" srcset=\"https:\/\/www.micro-mobility.fr\/blog\/wp-content\/uploads\/2021\/01\/png-German-Design-Award-2021.png 1290w, https:\/\/www.micro-mobility.fr\/blog\/wp-content\/uploads\/2021\/01\/png-German-Design-Award-2021-300x181.png 300w, https:\/\/www.micro-mobility.fr\/blog\/wp-content\/uploads\/2021\/01\/png-German-Design-Award-2021-1024x618.png 1024w, https:\/\/www.micro-mobility.fr\/blog\/wp-content\/uploads\/2021\/01\/png-German-Design-Award-2021-768x464.png 768w\" sizes=\"(max-width: 204px) 100vw, 204px\" \/><\/p>\n<p>Micro a m\u00eame \u00e9t\u00e9 s\u00e9lectionn\u00e9e <strong>le German Design Award Special 2021<\/strong>, qui <span class=\"\">r\u00e9compense les produits et projets innovants, leurs fabricants et designers, pionniers dans le paysage du design allemand et international.\u00a0<\/span><\/p>\n<p>&nbsp;<\/p>\n<p><span style=\"color: #ffffff;\">Porteur Micro Air Hopper<\/span><\/p>\n<p>&nbsp;<\/p>\n<p style=\"text-align: center;\">De quoi nous donner le sourire !<img decoding=\"async\" loading=\"lazy\" class=\"wp-image-1573 aligncenter\" src=\"https:\/\/www.micro-mobility.fr\/blog\/wp-content\/uploads\/2021\/01\/6450eee4c0094c6eb84f2ca3a288c7ec.gif\" alt=\"\" width=\"79\" height=\"57\" \/><\/p>\n<p>&nbsp;<\/p>\n<p>Pour retrouver et pr\u00e9-commander notre <span style=\"color: #ff6600;\"><strong>Micro Air Hopper Bleu ou Rose<\/strong><\/span>, <span style=\"text-decoration: underline;\"><strong>cliquez sur le lien<\/strong><\/span> qui vous int\u00e9resse juste ici !<\/p>\n<p><img decoding=\"async\" loading=\"lazy\" class=\"wp-image-1575 alignleft\" src=\"https:\/\/www.micro-mobility.fr\/blog\/wp-content\/uploads\/2021\/01\/Sans-titre1.gif\" alt=\"\" width=\"134\" height=\"134\" \/><\/p>\n<p>&nbsp;<\/p>\n<p>&#8211;<span style=\"text-decoration: underline;\"><span style=\"color: #0000ff; text-decoration: underline;\"><a style=\"color: #0000ff; text-decoration: underline;\" href=\"https:\/\/www.micro-mobility.fr\/1600-porteur-micro-air-hopper-bleu.html\" target=\"_blank\" rel=\"nofollow noopener\"> Micro Air Hopper <\/a><strong>Bleu\u00a0<\/strong><\/span><\/span><\/p>\n<p>&#8211;<span style=\"text-decoration: underline;\"> <a href=\"https:\/\/www.micro-mobility.fr\/1601-porteur-micro-air-hopper-rose.html\" target=\"_blank\" rel=\"nofollow noopener\"><span style=\"color: #ff00ff; text-decoration: underline;\">Micro Air Hopper <strong><span style=\"color: #ff00ff; text-decoration: underline;\">Rose<\/span>\u00a0<\/strong><\/span><\/a><\/span><\/p>\n<p>&nbsp;<\/p>\n<h3><span style=\"color: #ff0000;\"><strong>\u00a0<\/strong><\/span><\/h3>\n<h3><\/h3>\n<h3><span style=\"color: #ff0000;\"><strong>\u2757\u00a0 <span style=\"color: #ff0000;\"><em>Disponible en pr\u00e9-commande pour une livraison d\u00e9but F\u00e9vrier <\/em><\/span>\u2757<\/strong><\/span><\/h3>\n<p><span style=\"color: #ffffff;\">Porteur Micro Air Hopper<\/span><\/p>\n<p>Et si vous voulez d\u00e9couvrir notre nouvelle ligne durable de trottinettes enfant con\u00e7ues \u00e0 partir de plastique vert issu de filets de p\u00eache recycl\u00e9s, c&rsquo;est par ici : <span style=\"color: #00ff00;\"><a style=\"color: #00ff00;\" href=\"https:\/\/www.micro-mobility.fr\/blog\/nouveautes-mini-maxi-micro-deluxe-eco\/\" target=\"_blank\" rel=\"nofollow noopener\"><strong>Nouveaut\u00e9s : Mini et Maxi Micro Deluxe \u00c9co !\u00a0<\/strong><\/a><\/span><\/p>\n<p>&nbsp;<\/p>\n<p><strong>Retrouvez-nous sur nos diff\u00e9rents r\u00e9seaux :<\/strong><\/p>\n<p>&nbsp;<\/p>\n<p><strong><img decoding=\"async\" loading=\"lazy\" class=\"wp-image-1271 alignleft\" src=\"https:\/\/www.micro-mobility.fr\/blog\/wp-content\/uploads\/2018\/10\/instagram-logo-transparent-png-571.png\" sizes=\"(max-width: 53px) 100vw, 53px\" srcset=\"https:\/\/www.micro-mobility.fr\/blog\/wp-content\/uploads\/2018\/10\/instagram-logo-transparent-png-571.png 1000w, https:\/\/www.micro-mobility.fr\/blog\/wp-content\/uploads\/2018\/10\/instagram-logo-transparent-png-571-300x300.png 300w, https:\/\/www.micro-mobility.fr\/blog\/wp-content\/uploads\/2018\/10\/instagram-logo-transparent-png-571-150x150.png 150w, https:\/\/www.micro-mobility.fr\/blog\/wp-content\/uploads\/2018\/10\/instagram-logo-transparent-png-571-768x768.png 768w\" alt=\"\" width=\"53\" height=\"53\" \/><\/strong>Suivez-nous sur notre compte Instagram pour retrouver nos aventures !<\/p>\n<p><a href=\"https:\/\/www.instagram.com\/micromobilityfrance\/?hl=fr\" target=\"_blank\" rel=\"noopener noreferrer\"><strong>@micromobilityfrance<\/strong><\/a><\/p>\n<p>&nbsp;<\/p>\n<p><strong><img decoding=\"async\" loading=\"lazy\" class=\"wp-image-1272 alignleft\" src=\"https:\/\/www.micro-mobility.fr\/blog\/wp-content\/uploads\/2018\/10\/584ac2d03ac3a570f94a666d.png\" sizes=\"(max-width: 50px) 100vw, 50px\" srcset=\"https:\/\/www.micro-mobility.fr\/blog\/wp-content\/uploads\/2018\/10\/584ac2d03ac3a570f94a666d.png 250w, https:\/\/www.micro-mobility.fr\/blog\/wp-content\/uploads\/2018\/10\/584ac2d03ac3a570f94a666d-150x150.png 150w\" alt=\"\" width=\"50\" height=\"50\" \/><\/strong>Retrouvez-nous \u00e9galement sur notre page Facebook pour suivre nos actualit\u00e9s !<\/p>\n<p><a href=\"https:\/\/www.facebook.com\/MicroMobilityFrance\/\" target=\"_blank\" rel=\"noopener noreferrer\"><strong>Micro Mobility France<\/strong><\/a><\/p>\n<p>&nbsp;<\/p>\n<p><img decoding=\"async\" loading=\"lazy\" class=\"wp-image-1289 alignleft\" src=\"https:\/\/www.micro-mobility.fr\/blog\/wp-content\/uploads\/2020\/11\/580b57fcd9996e24bc43c545.png\" sizes=\"(max-width: 50px) 100vw, 50px\" srcset=\"https:\/\/www.micro-mobility.fr\/blog\/wp-content\/uploads\/2020\/11\/580b57fcd9996e24bc43c545.png 1024w, https:\/\/www.micro-mobility.fr\/blog\/wp-content\/uploads\/2020\/11\/580b57fcd9996e24bc43c545-300x211.png 300w, https:\/\/www.micro-mobility.fr\/blog\/wp-content\/uploads\/2020\/11\/580b57fcd9996e24bc43c545-768x541.png 768w\" alt=\"\" width=\"50\" height=\"35\" \/><\/p>\n<p>Pour voir nos tutoriels SAV et toutes nos vid\u00e9os autour de Micro, rendez-vous sur notre cha\u00eene YouTube !<\/p>\n<p><a href=\"https:\/\/www.youtube.com\/channel\/UCsLJ7ihEkJGE-pmGQDE1H7w\/featured?view_as=subscriber\" target=\"_blank\" rel=\"nofollow noopener noreferrer\"><strong>Micro Mobility France<\/strong><\/a><\/p>\n","protected":false},"excerpt":{"rendered":"<p>Qui dit nouvelle ann\u00e9e, dit nouveaux produits ! Et pour cela, Micro vous pr\u00e9sente son tout nouveau produit : Le porteur Micro Air Hopper en Rose ou en Bleu pour enfants ! On vous explique tout !<\/p>\n","protected":false},"author":6,"featured_media":1583,"comment_status":"closed","ping_status":"open","sticky":false,"template":"","format":"standard","meta":[],"categories":[1,4,6],"tags":[182,33,153,185,180,184,147,181,183,37],"aioseo_notices":[],"_links":{"self":[{"href":"https:\/\/www.micro-mobility.fr\/blog\/wp-json\/wp\/v2\/posts\/1526"}],"collection":[{"href":"https:\/\/www.micro-mobility.fr\/blog\/wp-json\/wp\/v2\/posts"}],"about":[{"href":"https:\/\/www.micro-mobility.fr\/blog\/wp-json\/wp\/v2\/types\/post"}],"author":[{"embeddable":true,"href":"https:\/\/www.micro-mobility.fr\/blog\/wp-json\/wp\/v2\/users\/6"}],"replies":[{"embeddable":true,"href":"https:\/\/www.micro-mobility.fr\/blog\/wp-json\/wp\/v2\/comments?post=1526"}],"version-history":[{"count":81,"href":"https:\/\/www.micro-mobility.fr\/blog\/wp-json\/wp\/v2\/posts\/1526\/revisions"}],"predecessor-version":[{"id":1659,"href":"https:\/\/www.micro-mobility.fr\/blog\/wp-json\/wp\/v2\/posts\/1526\/revisions\/1659"}],"wp:featuredmedia":[{"embeddable":true,"href":"https:\/\/www.micro-mobility.fr\/blog\/wp-json\/wp\/v2\/media\/1583"}],"wp:attachment":[{"href":"https:\/\/www.micro-mobility.fr\/blog\/wp-json\/wp\/v2\/media?parent=1526"}],"wp:term":[{"taxonomy":"category","embeddable":true,"href":"https:\/\/www.micro-mobility.fr\/blog\/wp-json\/wp\/v2\/categories?post=1526"},{"taxonomy":"post_tag","embeddable":true,"href":"https:\/\/www.micro-mobility.fr\/blog\/wp-json\/wp\/v2\/tags?post=1526"}],"curies":[{"name":"wp","href":"https:\/\/api.w.org\/{rel}","templated":true}]}}