{"id":18,"date":"2017-12-11T11:32:06","date_gmt":"2017-12-11T10:32:06","guid":{"rendered":"https:\/\/www.micro-mobility.fr\/blog\/?p=18"},"modified":"2020-10-06T11:41:04","modified_gmt":"2020-10-06T09:41:04","slug":"wearemobility-pourquoi-un-blog-micro","status":"publish","type":"post","link":"https:\/\/www.micro-mobility.fr\/blog\/wearemobility-pourquoi-un-blog-micro\/","title":{"rendered":"Pourquoi un blog Micro-Mobility ?"},"content":{"rendered":"<h2>Pourquoi la cr\u00e9ation d&rsquo;un blog chez Micro-Mobility ?<\/h2>\n<p>&nbsp;<\/p>\n<figure id=\"attachment_1065\" aria-describedby=\"caption-attachment-1065\" style=\"width: 783px\" class=\"wp-caption aligncenter\"><a href=\"https:\/\/www.micro-mobility.fr\/blog\/\" rel=\"nofollow\"><img decoding=\"async\" loading=\"lazy\" class=\"wp-image-1065 size-full\" title=\"\u00ab We Are Mobility \u00bb, le blog de Micro-Mobility\" src=\"https:\/\/www.micro-mobility.fr\/blog\/wp-content\/uploads\/2017\/12\/animated-logo.gif\" alt=\"\u00ab We Are Mobility \u00bb, le blog de Micro-Mobility\" width=\"783\" height=\"299\" \/><\/a><figcaption id=\"caption-attachment-1065\" class=\"wp-caption-text\">\u00ab We Are Mobility \u00bb, le blog de Micro-Mobility<\/figcaption><\/figure>\n<p style=\"text-align: center;\"><span style=\"color: #3366ff;\">\u2b06<\/span><\/p>\n<p style=\"text-align: center;\"><span style=\"color: #3366ff;\"><strong>Cliquez sur la photo pour d\u00e9couvrir notre blog !\u00a0<\/strong> <\/span><\/p>\n<p>\u00ab We Are Mobility \u00bb, c\u2019est le blog de Micro, le blog de la #mobilit\u00e9 vue avec deux ou trois roues ! Que vous soyez d\u00e9j\u00e0 accro \u00e0 la glisse urbaine ou novice en la mati\u00e8re, nous avons cr\u00e9\u00e9 cet espace pour partager avec vous notre vision du d\u00e9placement urbain.<\/p>\n<p>Nous vous apporterons des conseils d\u2019utilisation mais \u00e9galement notre point de vue sur diff\u00e9rents sujets : derni\u00e8res tendances, bons plans, mobilit\u00e9 alternative, \u00e9cologie\u2026\u00a0 et surtout, des th\u00e8mes qui nous touchent au quotidien et que nous souhaitons partager ici dans l\u2019esprit Micro, gr\u00e2ce auxquels ce blog deviendra un espace d\u2019\u00e9changes pour tous.<\/p>\n<p>Vous d\u00e9couvrirez tout l\u2019int\u00e9r\u00eat de se d\u00e9placer en trottinette, un moyen de #transport \u00e0 part enti\u00e8re qui est loin d\u2019\u00eatre r\u00e9serv\u00e9 aux plus jeunes. Gagner du temps sur un trajet ou visiter une ville de fa\u00e7on ludique, la trottinette vous donne une nouvelle vision pratique de votre environnement au quotidien, seul, en #famille ou entre amis.<\/p>\n<p>Le blog \u00ab We Are Mobility \u00bb se veut \u00eatre une plateforme ouverte \u00e0 la discussion, gr\u00e2ce \u00e0 laquelle nous pourrons \u00e9changer avec vous sur les th\u00e8mes abord\u00e9s. Au travers des quatre cat\u00e9gories News, Story, Easy et Experience, nous vous proposerons aussi bien des actualit\u00e9s portant sur l\u2019univers de la trottinette et du d\u00e9placement #urbain que des exp\u00e9riences utilisateurs, ou encore des anecdotes sur la marque.<\/p>\n<p>Il existe une trottinette pour chacun, une trottinette pour tous les usages, nous souhaitons les partager avec vous !<\/p>\n<p>Pour suivre \u00e9galement toute l&rsquo;actualit\u00e9 Micro, suivez-nous sur notre Instagram : <a href=\"https:\/\/www.instagram.com\/micromobilityfrance\/?hl=fr\" target=\"_blank\" rel=\"nofollow noopener noreferrer\"><strong><em><span style=\"color: #ff00ff;\">micromobilityfrance<\/span><\/em><\/strong><\/a><\/p>\n<p>&nbsp;<\/p>\n<h4><strong>Pour d\u00e9couvrir notre boutique, c&rsquo;est par ici \u2192\u00a0 <a href=\"https:\/\/www.micro-mobility.fr\/\" target=\"_blank\" rel=\"nofollow noopener noreferrer\"><span style=\"color: #3366ff;\"><strong><span style=\"color: #3366ff;\">www.micro-mobility.fr<\/span><\/strong><\/span><\/a> <\/strong><\/h4>\n","protected":false},"excerpt":{"rendered":"<p>\u00ab We Are Mobility \u00bb, c\u2019est le blog de Micro. Il a pour vocation de vous faire d\u00e9couvrir notre univers, nos trottinettes qui peuvent changer bien des habitudes au quotidien. Venez le d\u00e9couvrir sans plus tarder !<\/p>\n","protected":false},"author":1,"featured_media":22,"comment_status":"closed","ping_status":"open","sticky":false,"template":"","format":"standard","meta":[],"categories":[7],"tags":[],"aioseo_notices":[],"_links":{"self":[{"href":"https:\/\/www.micro-mobility.fr\/blog\/wp-json\/wp\/v2\/posts\/18"}],"collection":[{"href":"https:\/\/www.micro-mobility.fr\/blog\/wp-json\/wp\/v2\/posts"}],"about":[{"href":"https:\/\/www.micro-mobility.fr\/blog\/wp-json\/wp\/v2\/types\/post"}],"author":[{"embeddable":true,"href":"https:\/\/www.micro-mobility.fr\/blog\/wp-json\/wp\/v2\/users\/1"}],"replies":[{"embeddable":true,"href":"https:\/\/www.micro-mobility.fr\/blog\/wp-json\/wp\/v2\/comments?post=18"}],"version-history":[{"count":10,"href":"https:\/\/www.micro-mobility.fr\/blog\/wp-json\/wp\/v2\/posts\/18\/revisions"}],"predecessor-version":[{"id":1073,"href":"https:\/\/www.micro-mobility.fr\/blog\/wp-json\/wp\/v2\/posts\/18\/revisions\/1073"}],"wp:featuredmedia":[{"embeddable":true,"href":"https:\/\/www.micro-mobility.fr\/blog\/wp-json\/wp\/v2\/media\/22"}],"wp:attachment":[{"href":"https:\/\/www.micro-mobility.fr\/blog\/wp-json\/wp\/v2\/media?parent=18"}],"wp:term":[{"taxonomy":"category","embeddable":true,"href":"https:\/\/www.micro-mobility.fr\/blog\/wp-json\/wp\/v2\/categories?post=18"},{"taxonomy":"post_tag","embeddable":true,"href":"https:\/\/www.micro-mobility.fr\/blog\/wp-json\/wp\/v2\/tags?post=18"}],"curies":[{"name":"wp","href":"https:\/\/api.w.org\/{rel}","templated":true}]}}