{"id":196,"date":"2018-07-12T16:49:05","date_gmt":"2018-07-12T14:49:05","guid":{"rendered":"https:\/\/www.micro-mobility.fr\/blog\/?p=196"},"modified":"2024-01-09T16:38:34","modified_gmt":"2024-01-09T15:38:34","slug":"collaborations-trottinettes-micro","status":"publish","type":"post","link":"https:\/\/www.micro-mobility.fr\/blog\/collaborations-trottinettes-micro\/","title":{"rendered":"Micro Mobility &#038; les collab&rsquo;"},"content":{"rendered":"<p>D\u00e9couvrez les diff\u00e9rentes <strong>collaborations<\/strong> que nous avons pu r\u00e9aliser afin de proposer des produits toujours plus <strong>innovants<\/strong>. De la collaboration avec Peugeot pour la <a href=\"https:\/\/www.micro-mobility.fr\/116-trottinette-electrique\">trottinette \u00e9lectrique innovante<\/a> <strong>Micro E-Kick<\/strong> \u00e0 la <strong>MicroLino<\/strong>, une petite voiture <strong>\u00e9lectrique<\/strong> d\u00e9velopp\u00e9e en <strong>collaboration<\/strong> avec la <strong>soci\u00e9t\u00e9 automobile<\/strong> italienne Tazzari, d\u00e9couvrez-en plus sur chacun des partenariats Micro\u00a0!<\/p>\n<h2>Collaborations internationales<\/h2>\n<h3>La Microlino, une petite voiture \u00e9lectrique<\/h3>\n<p>Une des plus r\u00e9centes <strong>collaborations<\/strong> vendues \u00e0 l\u2019international est la <strong>MicroLino<\/strong>, cette <strong>voiture \u00e9lectrique<\/strong> est une r\u00e9interpr\u00e9tation du mod\u00e8le Isetta con\u00e7u par BMW dans les ann\u00e9es 50. Wim Ouboter, inventeur de la trottinette moderne a voulu \u00e0 travers cette voiture r\u00e9volutionner le concept de <strong>mobilit\u00e9 urbaine<\/strong> et la vision du transport dans les villes.<\/p>\n<p>En moyenne une <strong>voiture<\/strong> est occup\u00e9e par 1,2 personnes et parcours 35 kilom\u00e8tres par jour. Ainsi le v\u00e9hicule id\u00e9al pour une utilisation urbaine devrait \u00eatre le m\u00e9lange entre une moto et une voiture.<\/p>\n<p>La voiture Isetta \u00e9tait tr\u00e8s populaire dans les ann\u00e9es 50 car les citadins recherchaient \u00e0 la fois un produit confortable et accessible financi\u00e8rement. La production de cette petite <strong>voiture \u00e9lectrique<\/strong> devrait d\u00e9buter au cours de l\u2019\u00e9t\u00e9 2018. Elle sera produite par le <strong>constructeur automobile Italien Tazzari<\/strong>. Cette entreprise a plus de dix ans d&rsquo;exp\u00e9rience dans le d\u00e9veloppement et la production de <strong>voitures \u00e9lectriques<\/strong>. Ils se concentrent sur tous les aspects techniques de la voiture et de la production. \u00a0Si vous souhaitez en savoir plus sur la <strong>MicroLino<\/strong>, cliquez ici.<\/p>\n<p><a href=\"https:\/\/www.micro-mobility.com\/en\/experience-micro\/microlino#reservation-container\"><img decoding=\"async\" loading=\"lazy\" class=\"aligncenter wp-image-218 size-full\" title=\"Image Microlino en collaboration avec BMW\" src=\"https:\/\/www.micro-mobility.fr\/blog\/wp-content\/uploads\/2018\/07\/MicroLino-1.jpg\" alt=\"Image Microlino en collaboration avec BMW\" width=\"1600\" height=\"903\" srcset=\"https:\/\/www.micro-mobility.fr\/blog\/wp-content\/uploads\/2018\/07\/MicroLino-1.jpg 1600w, https:\/\/www.micro-mobility.fr\/blog\/wp-content\/uploads\/2018\/07\/MicroLino-1-300x169.jpg 300w, https:\/\/www.micro-mobility.fr\/blog\/wp-content\/uploads\/2018\/07\/MicroLino-1-768x433.jpg 768w, https:\/\/www.micro-mobility.fr\/blog\/wp-content\/uploads\/2018\/07\/MicroLino-1-1024x578.jpg 1024w\" sizes=\"(max-width: 1600px) 100vw, 1600px\" \/><\/a><\/p>\n<h3>Micro &amp; Samsonite<\/h3>\n<p>Vous \u00eates nombreux \u00e0 faire des <strong>d\u00e9placements <\/strong>de courte dur\u00e9e dans un cadre professionnel ou personnel. Micro Mobility a trouv\u00e9 une solution pour que vous arr\u00eatiez de perdre du temps dans les couloirs des gares et des a\u00e9roports, souvent interminables.<\/p>\n<p>Avec la <strong>trottinette Valise <a href=\"https:\/\/www.micro-mobility.fr\/1289-valise-micro-luggage-30.html?search_query=luggage&amp;results=8\">Micro Luggage<\/a>\u00a0<\/strong>r\u00e9alis\u00e9e en partenariat avec <strong>Samsonite<\/strong>, vous passerez plus rapidement d\u2019un terminal \u00e0 l\u2019autre\u00a0!<\/p>\n<p><strong>Samsonite<\/strong>, est une entreprise am\u00e9ricaine sp\u00e9cialis\u00e9e dans les bagages. De leurs partenariat, Micro et Samsonite ont cr\u00e9\u00e9 une valise qui se transforme en trottinette en d\u00e9pliant simplement le plateau. Vous pouvez \u00e9galement utiliser ce produit comme une valise classique en la tirant en mode trolley. De taille cabine, ce produit vous suivra partout.<\/p>\n<p><a href=\"https:\/\/www.micro-mobility.fr\/1289-valise-micro-luggage-30.html?search_query=luggage&amp;results=8\"><img decoding=\"async\" loading=\"lazy\" class=\"aligncenter wp-image-215 size-full\" title=\"Image trottinette valise Micro Lugguage en collaboration avec Samsonite \" src=\"https:\/\/www.micro-mobility.fr\/blog\/wp-content\/uploads\/2018\/07\/Valise.jpg\" alt=\"Image trottinette valise Micro Lugguage en collaboration avec Samsonite \" width=\"1600\" height=\"903\" srcset=\"https:\/\/www.micro-mobility.fr\/blog\/wp-content\/uploads\/2018\/07\/Valise.jpg 1600w, https:\/\/www.micro-mobility.fr\/blog\/wp-content\/uploads\/2018\/07\/Valise-300x169.jpg 300w, https:\/\/www.micro-mobility.fr\/blog\/wp-content\/uploads\/2018\/07\/Valise-768x433.jpg 768w, https:\/\/www.micro-mobility.fr\/blog\/wp-content\/uploads\/2018\/07\/Valise-1024x578.jpg 1024w\" sizes=\"(max-width: 1600px) 100vw, 1600px\" \/><\/a><\/p>\n<h3>Micro &amp; Peugeot<\/h3>\n<p>La <strong>trottinette Peugeot Micro E-Kick<\/strong>\u00a0est le fruit d\u2019un <strong>partenariat<\/strong> avec la Marque Fran\u00e7aise Peugeot. Il s\u2019agit d\u2019un accessoire vendu avec la Peugeot 3008 SUV. Cette <strong>trottinette \u00e9lectrique<\/strong> a des caract\u00e9ristiques proches de la E-Micro, elle a \u00e9t\u00e9 am\u00e9lior\u00e9e avec des fonctionnalit\u00e9s suppl\u00e9mentaires.<\/p>\n<p>La <strong>Peugeot Micro E-Kick<\/strong> utilise la technologie \u00ab\u00a0Motion Control\u00a0\u00bb qui optimise l\u2019assistance en d\u00e9tectant chacune de vos sollicitations \u2013 cela vous permet de rester constamment en contr\u00f4le de votre vitesse en fonction de vos besoins et de vos envies. Le moteur reconna\u00eet chaque mouvement ou degr\u00e9 d&rsquo;inclinaison de pente en donnant une propulsion arri\u00e8re adapt\u00e9e \u00e0 toutes les situations.\u00a0Son poids l\u00e9ger de seulement 8,5 kg et son design compact en font le compagnon id\u00e9al pour le dernier kilom\u00e8tre dans le centre-ville ou pour vos trajets quotidiens. Les poign\u00e9es et la partie avant se replient parfaitement pour que la trottinette Peugeot Micro E-kick puisse \u00eatre tir\u00e9e en mode trolley et stock\u00e9e dans le plus petit espace possible. Une autre caract\u00e9ristique est la connectivit\u00e9 vous permettant de v\u00e9rifier la charge de la batterie et la vitesse sur votre mobile sur l&rsquo;application My Peugeot. La <strong>trottinette \u00e9lectrique Peugeot Micro E-Kick<\/strong>\u00a0est la favorite des amoureux du design.<\/p>\n<p><img decoding=\"async\" loading=\"lazy\" class=\"aligncenter wp-image-206 size-full\" title=\"Image trottinette Micro E-Kick en colloboration avec Peugeot \" src=\"https:\/\/www.micro-mobility.fr\/blog\/wp-content\/uploads\/2018\/07\/Peugeot.jpg\" alt=\"Image trottinette Micro E-Kick en colloboration avec Peugeot \" width=\"1600\" height=\"903\" srcset=\"https:\/\/www.micro-mobility.fr\/blog\/wp-content\/uploads\/2018\/07\/Peugeot.jpg 1600w, https:\/\/www.micro-mobility.fr\/blog\/wp-content\/uploads\/2018\/07\/Peugeot-300x169.jpg 300w, https:\/\/www.micro-mobility.fr\/blog\/wp-content\/uploads\/2018\/07\/Peugeot-768x433.jpg 768w, https:\/\/www.micro-mobility.fr\/blog\/wp-content\/uploads\/2018\/07\/Peugeot-1024x578.jpg 1024w\" sizes=\"(max-width: 1600px) 100vw, 1600px\" \/><\/p>\n<h3>Micro, Viram &amp; Interlock<sup>TM<\/sup><\/h3>\n<p>Les <strong>trottinettes adultes <a href=\"https:\/\/www.micro-mobility.fr\/45-micro-black.html\">Micro Black &amp; White Deluxe<\/a><\/strong>\u00a0sont le fruit d&rsquo;un partenariat avec les marques Interlock\u00a0<sup>TM<\/sup>, et Vibram.<\/p>\n<p>Vibram est la soci\u00e9t\u00e9 r\u00e9put\u00e9e pour ses semelles de chaussures de randonn\u00e9es antid\u00e9rapantes\u00a0et\u00a0Interlock\u00a0<sup>TM\u00a0<\/sup>est le sp\u00e9cialiste des syst\u00e8mes de verrouillage. \u00a0Gr\u00e2ce aux comp\u00e9tences de chacune de ces marques nous avons pu concevoir une trottinette citadine pratique et confortable.<\/p>\n<p>Avec plus d\u2019adh\u00e9rence sous le pied et des suspensions qui r\u00e9duisent fortement les asp\u00e9rit\u00e9s du sol, elles vous garantiront des d\u00e9placements confortables. Les nouvelles<strong><a href=\"https:\/\/www.micro-mobility.fr\/14-micro-white.html\"> trottinettes Micro Black et White <\/a><\/strong>sont \u00e9quip\u00e9es d&rsquo;un cadenas int\u00e9gr\u00e9 avec un code de s\u00e9curit\u00e9 personnalisable. Avec son look discret, le <strong>cadenas Interlock<sup>\u00a0TM<\/sup>\u00a0<\/strong>est int\u00e9gr\u00e9 dans le guidon de la trottinette. Vous pourrez installer votre trottinette en toute s\u00e9curit\u00e9 de partout. Une fois le cadenas ouvert, il se range tr\u00e8s facilement dans le guidon gr\u00e2ce \u00e0 des c\u00e2bles t\u00e9lescopiques verrouill\u00e9s dans le guidon.<\/p>\n<p><a href=\"https:\/\/www.micro-mobility.fr\/45-micro-black.html\"><img decoding=\"async\" loading=\"lazy\" class=\"aligncenter wp-image-208 size-full\" title=\"Image trottinettes Micro Black &amp; White Deluxe en collaboration avec Interlock et Vibram\" src=\"https:\/\/www.micro-mobility.fr\/blog\/wp-content\/uploads\/2018\/07\/Black.jpg\" alt=\"Image trottinettes Micro Black &amp; White Deluxe\u00a0en collaboration avec Interlock et Vibram\" width=\"1600\" height=\"903\" srcset=\"https:\/\/www.micro-mobility.fr\/blog\/wp-content\/uploads\/2018\/07\/Black.jpg 1600w, https:\/\/www.micro-mobility.fr\/blog\/wp-content\/uploads\/2018\/07\/Black-300x169.jpg 300w, https:\/\/www.micro-mobility.fr\/blog\/wp-content\/uploads\/2018\/07\/Black-768x433.jpg 768w, https:\/\/www.micro-mobility.fr\/blog\/wp-content\/uploads\/2018\/07\/Black-1024x578.jpg 1024w\" sizes=\"(max-width: 1600px) 100vw, 1600px\" \/><\/a><\/p>\n<h2>Collaborations Fran\u00e7aises<\/h2>\n<h3>Micro &amp; Mar\u00e8se<\/h3>\n<p>En 2017, Micro Mobility s\u2019est associ\u00e9 \u00e0 la marque de v\u00eatements pour enfants Mar\u00e8se. Depuis son origine, Mar\u00e8se place l\u2019<strong>innovation<\/strong> pour les enfants au c\u0153ur de ses pr\u00e9occupations. Mar\u00e8se est une marque haut de gamme qui fait rayonner l\u2019esprit fran\u00e7ais \u00e0 l\u2019international en pr\u00f4nant des valeurs de savoir-faire et de cr\u00e9ativit\u00e9. Mar\u00e8se se distingue notamment par ses imprim\u00e9s exclusifs con\u00e7us par les stylistes de la marque. Dans la cadre de notre partenariat, nous avons cr\u00e9e des <strong>grips personnalis\u00e9s<\/strong> aux couleurs de ces imprim\u00e9s exclusifs pour habiller nos trottinettes Micro Sprite\u00a0!<\/p>\n<p><img decoding=\"async\" loading=\"lazy\" class=\"aligncenter wp-image-213 size-full\" title=\"Image trottinette en collaboration avec Mar\u00e8se \" src=\"https:\/\/www.micro-mobility.fr\/blog\/wp-content\/uploads\/2018\/07\/Marese-1.jpg\" alt=\"Image trottinette en collaboration avec Mar\u00e8se \" width=\"1600\" height=\"903\" srcset=\"https:\/\/www.micro-mobility.fr\/blog\/wp-content\/uploads\/2018\/07\/Marese-1.jpg 1600w, https:\/\/www.micro-mobility.fr\/blog\/wp-content\/uploads\/2018\/07\/Marese-1-300x169.jpg 300w, https:\/\/www.micro-mobility.fr\/blog\/wp-content\/uploads\/2018\/07\/Marese-1-768x433.jpg 768w, https:\/\/www.micro-mobility.fr\/blog\/wp-content\/uploads\/2018\/07\/Marese-1-1024x578.jpg 1024w\" sizes=\"(max-width: 1600px) 100vw, 1600px\" \/><\/p>\n<h3>Micro &amp; Bonton<\/h3>\n<p>Depuis 2001, la marque BONTON fait le bonheur des enfants et des parents avec des basiques color\u00e9s\u00a0!\u00a0 La couleur est la marque de fabrique de BONTON\u00a0et les collections imagin\u00e9es pour les enfants combinent esprit d\u00e9cal\u00e9 et tons originaux\u00a0!\u00a0 Au fil des ann\u00e9es, les concepts stores BONTON se sont d\u00e9velopp\u00e9s dans les grandes villes.<\/p>\n<p>L\u2019<strong>esprit urbain<\/strong> et les <strong>valeurs partag\u00e9es<\/strong> nous ont donc r\u00e9unis\u00a0pour un partenariat\u00a0!\u00a0 A l\u2019occasion de la rentr\u00e9e scolaire, nous avons cr\u00e9e une collection capsule BONTON. La Mini Micro Deluxe Jaune et Aqua ont arbor\u00e9 de jolis enjoliveurs \u00e9toil\u00e9s. La Micro Sprite s\u2019est vue \u00e9quip\u00e9e d\u2019un grip personnalis\u00e9 aux couleurs de BONTON.<\/p>\n<p>En septembre 2017, une journ\u00e9e a \u00e9t\u00e9 organis\u00e9e pour les familles\u00a0dans la boutique BONTON, boulevard Filles du Calvaire. Les parents et leurs enfants pouvaient venir customiser leurs <strong>trottinettes<\/strong>, participer \u00e0 des ateliers coloriages ou des photoboth &#8230;bref, une journ\u00e9e remplie de surprises\u00a0dans un univers fun &amp; color\u00e9\u00a0!<\/p>\n<p><img decoding=\"async\" loading=\"lazy\" class=\"aligncenter wp-image-225 size-full\" title=\"Image trottinettes en collaboration avec Bonton \" src=\"https:\/\/www.micro-mobility.fr\/blog\/wp-content\/uploads\/2018\/07\/Bonton-micro-pour-article-de-blog.jpg\" alt=\"Image trottinettes en collaboration avec Bonton \" width=\"1600\" height=\"903\" srcset=\"https:\/\/www.micro-mobility.fr\/blog\/wp-content\/uploads\/2018\/07\/Bonton-micro-pour-article-de-blog.jpg 1600w, https:\/\/www.micro-mobility.fr\/blog\/wp-content\/uploads\/2018\/07\/Bonton-micro-pour-article-de-blog-300x169.jpg 300w, https:\/\/www.micro-mobility.fr\/blog\/wp-content\/uploads\/2018\/07\/Bonton-micro-pour-article-de-blog-768x433.jpg 768w, https:\/\/www.micro-mobility.fr\/blog\/wp-content\/uploads\/2018\/07\/Bonton-micro-pour-article-de-blog-1024x578.jpg 1024w\" sizes=\"(max-width: 1600px) 100vw, 1600px\" \/><\/p>\n<p>Vous avez pu d\u00e9couvrir les principales <strong>collaborations<\/strong> que nous avons r\u00e9alis\u00e9es \u00e0 l\u2019\u00e9tranger et en France. Micro reste une marque ouverte aux <strong>collaborations<\/strong> afin de toujours am\u00e9liorer l\u2019exp\u00e9rience de ces utilisateurs et am\u00e9liorer la <strong>mobilit\u00e9 urbaine<\/strong>. Retrouvez ces produits sur notre site internet en cliquant <a href=\"https:\/\/www.micro-mobility.fr\/\">ici<\/a>.<\/p>\n","protected":false},"excerpt":{"rendered":"<p>D\u00e9couvrez les diff\u00e9rentes collaborations que nous avons pu r\u00e9aliser afin de proposer des produits toujours plus innovants. De la collaboration avec Peugeot pour la trottinette \u00e9lectrique Micro E-Kick \u00e0 la MicroLino, une petite voiture \u00e9lectrique d\u00e9velopp\u00e9e en collaboration avec la soci\u00e9t\u00e9 automobile italienne Tazzari, d\u00e9couvrez-en plus sur chacun des partenariats Micro\u00a0!<\/p>\n","protected":false},"author":6,"featured_media":203,"comment_status":"closed","ping_status":"open","sticky":false,"template":"","format":"standard","meta":[],"categories":[1,4,6,7],"tags":[36,45,40,39,34,35,37,42,29,43,41,46,44,38],"aioseo_notices":[],"_links":{"self":[{"href":"https:\/\/www.micro-mobility.fr\/blog\/wp-json\/wp\/v2\/posts\/196"}],"collection":[{"href":"https:\/\/www.micro-mobility.fr\/blog\/wp-json\/wp\/v2\/posts"}],"about":[{"href":"https:\/\/www.micro-mobility.fr\/blog\/wp-json\/wp\/v2\/types\/post"}],"author":[{"embeddable":true,"href":"https:\/\/www.micro-mobility.fr\/blog\/wp-json\/wp\/v2\/users\/6"}],"replies":[{"embeddable":true,"href":"https:\/\/www.micro-mobility.fr\/blog\/wp-json\/wp\/v2\/comments?post=196"}],"version-history":[{"count":37,"href":"https:\/\/www.micro-mobility.fr\/blog\/wp-json\/wp\/v2\/posts\/196\/revisions"}],"predecessor-version":[{"id":3377,"href":"https:\/\/www.micro-mobility.fr\/blog\/wp-json\/wp\/v2\/posts\/196\/revisions\/3377"}],"wp:featuredmedia":[{"embeddable":true,"href":"https:\/\/www.micro-mobility.fr\/blog\/wp-json\/wp\/v2\/media\/203"}],"wp:attachment":[{"href":"https:\/\/www.micro-mobility.fr\/blog\/wp-json\/wp\/v2\/media?parent=196"}],"wp:term":[{"taxonomy":"category","embeddable":true,"href":"https:\/\/www.micro-mobility.fr\/blog\/wp-json\/wp\/v2\/categories?post=196"},{"taxonomy":"post_tag","embeddable":true,"href":"https:\/\/www.micro-mobility.fr\/blog\/wp-json\/wp\/v2\/tags?post=196"}],"curies":[{"name":"wp","href":"https:\/\/api.w.org\/{rel}","templated":true}]}}