{"id":2173,"date":"2021-09-20T14:07:39","date_gmt":"2021-09-20T12:07:39","guid":{"rendered":"https:\/\/www.micro-mobility.fr\/blog\/?p=2173"},"modified":"2025-07-21T13:56:58","modified_gmt":"2025-07-21T11:56:58","slug":"semaine-europeenne-de-la-mobilite-2021","status":"publish","type":"post","link":"https:\/\/www.micro-mobility.fr\/blog\/semaine-europeenne-de-la-mobilite-2021\/","title":{"rendered":"20\u00e8me \u00e9dition de la Semaine europ\u00e9enne de la mobilit\u00e9 &#8211; Septembre 2021"},"content":{"rendered":"<p><span style=\"color: #ffffff;\">semaine europ\u00e9enne de la mobilit\u00e9\u00a0<\/span><\/p>\n<p><img decoding=\"async\" loading=\"lazy\" class=\"alignnone wp-image-2174 size-full\" title=\"Semaine europ\u00e9enne de la mobilit\u00e9 2021\" src=\"https:\/\/www.micro-mobility.fr\/blog\/wp-content\/uploads\/2021\/09\/2021_EMW_Banner_EN.png\" alt=\"Semaine europ\u00e9enne de la mobilit\u00e9 2021\" width=\"810\" height=\"455\" srcset=\"https:\/\/www.micro-mobility.fr\/blog\/wp-content\/uploads\/2021\/09\/2021_EMW_Banner_EN.png 810w, https:\/\/www.micro-mobility.fr\/blog\/wp-content\/uploads\/2021\/09\/2021_EMW_Banner_EN-300x169.png 300w, https:\/\/www.micro-mobility.fr\/blog\/wp-content\/uploads\/2021\/09\/2021_EMW_Banner_EN-768x431.png 768w\" sizes=\"(max-width: 810px) 100vw, 810px\" \/><\/p>\n<p>Comme chaque ann\u00e9e, la r\u00e9gion Auvergne Rh\u00f4ne-Alpes se mobilise pour les 12 d\u00e9partements de la R\u00e9gion. L&rsquo;objectif de cette semaine europ\u00e9enne de la mobilit\u00e9 est d&rsquo;inciter les citadins \u00e0 adopter le temps de quelques jours, une d\u00e9marche \u00e9co-citoyenne en privil\u00e9giant les transports doux et alternatifs \u00e0 la voiture, tels que les transports en commun, le co-voiturage, l&rsquo;auto-partage, le v\u00e9lo, la trottinette&#8230;<\/p>\n<p style=\"text-align: left;\">Pendant 7 jours, du 16 au 22 septembre 2021, les entreprises, associations, collectivit\u00e9s ou \u00e9tablissements scolaires proposeront des actions de sensibilisation en faveur d&rsquo;une mobilit\u00e9 plus active et plus durable pour faire \u00e9voluer les mentalit\u00e9s et inciter au changement de comportements. Des prix seront\u00a0 d\u00e9cern\u00e9s aux initiatives et aux pratiques les plus innovantes.<\/p>\n<p>&nbsp;<\/p>\n<h2><b>\u00c9<\/b>dition 2021, quels changements par rapport \u00e0 2020 ?<\/h2>\n<p>&nbsp;<\/p>\n<p><img decoding=\"async\" loading=\"lazy\" class=\"alignleft wp-image-2206\" title=\"Mardi 21 septembre - journ\u00e9e sans voiture \" src=\"https:\/\/www.micro-mobility.fr\/blog\/wp-content\/uploads\/2021\/09\/visuel-2021.png\" alt=\"Mardi 21 septembre - journ\u00e9e sans voiture\" width=\"417\" height=\"250\" srcset=\"https:\/\/www.micro-mobility.fr\/blog\/wp-content\/uploads\/2021\/09\/visuel-2021.png 733w, https:\/\/www.micro-mobility.fr\/blog\/wp-content\/uploads\/2021\/09\/visuel-2021-300x180.png 300w\" sizes=\"(max-width: 417px) 100vw, 417px\" \/>Pour cette 20\u00e8me \u00e9dition,\u00a0 le th\u00e8me est :<span style=\"color: #ff4d4d;\"><strong> en s\u00e9curit\u00e9 &amp; en bonne sant\u00e9 avec les mobilit\u00e9s durables &#8211; Move Sustainably. Stay Heathly<\/strong>.<\/span><\/p>\n<p>Ce th\u00e8me a une signification particuli\u00e8re, puisqu&rsquo;il rend hommage aux mois douloureux qu&rsquo;a subi les pays du monde pendant la pand\u00e9mie de la COVID-19, mais pas que.<\/p>\n<p>Comme l&rsquo;indique le minist\u00e8re de la transition \u00e9cologique sur son site internet, le th\u00e8me de cette ann\u00e9e 2021 \u00ab [&#8230;] refl\u00e8te \u00e9galement les opportunit\u00e9s de changement r\u00e9sultant de cette crise sanitaire sans pr\u00e9c\u00e9dent en Europe. Les villes et les services urbains ont mis en place des r\u00e9ponses cr\u00e9atives et r\u00e9silientes \u00e0 la pand\u00e9mie. Cette ann\u00e9e, la semaine europ\u00e9enne de la mobilit\u00e9 c\u00e9l\u00e8bre la r\u00e9silience des villes et leurs r\u00e9alisations, tout en cherchant \u00e0 maintenir cet \u00e9lan. Les tendances qui se sont dessin\u00e9es l&rsquo;ann\u00e9e derni\u00e8re, telles que le d\u00e9veloppement de la mobilit\u00e9 active et le recours aux mobilit\u00e9s \u00e0 \u00e9missions faibles ou nulles, doivent \u00eatre davantage encourag\u00e9es. \u00bb<\/p>\n<p>Le slogan pour cette ann\u00e9e 2021 est <span class=\"citation\">\u00ab\u00a0<em>Restez en forme. Bougez durable<\/em>\u00a0\u00bb<\/span> pour se maintenir en forme physiquement et mentalement, tout en explorant la beaut\u00e9 de votre ville, votre r\u00e9gion ou votre pays en choisissant un mode de transport plus doux et respectueux de l&rsquo;environnement, tout en privil\u00e9giant la sant\u00e9 des autres.<\/p>\n<p>&nbsp;<\/p>\n<h2>Les chiffres cl\u00e9s en 2020<\/h2>\n<p>&nbsp;<\/p>\n<p>En 2020, la semaine europ\u00e9enne de la mobilit\u00e9 a comptabilis\u00e9 au niveau national, 1946 \u00e9tablissements,\u00a0 parcourant ainsi 876 066 km avec un autre mode de transport que la voiture priv\u00e9e.<\/p>\n<p>Sur la m\u00eame ann\u00e9e, l\u2019Auvergne Rh\u00f4ne-Alpes a d\u00e9nombr\u00e9 pas moins\u00a0<strong>75% de participation<\/strong>\u00a0dans la r\u00e9gion et plus de :<\/p>\n<p><img decoding=\"async\" loading=\"lazy\" class=\"alignleft wp-image-926\" title=\"Logo de la R\u00e9gion Rh\u00f4ne-Alpes\" src=\"https:\/\/www.micro-mobility.fr\/blog\/wp-content\/uploads\/2020\/09\/logo-partenaire-2017-rvb-pastille-bleue-png.png\" sizes=\"(max-width: 209px) 100vw, 209px\" srcset=\"https:\/\/www.micro-mobility.fr\/blog\/wp-content\/uploads\/2020\/09\/logo-partenaire-2017-rvb-pastille-bleue-png.png 600w, https:\/\/www.micro-mobility.fr\/blog\/wp-content\/uploads\/2020\/09\/logo-partenaire-2017-rvb-pastille-bleue-png-300x150.png 300w\" alt=\"Logo de la R\u00e9gion Rh\u00f4ne-Alpes\" width=\"209\" height=\"104\" \/><\/p>\n<ul>\n<li>1946 \u00e9tablissements inscrits<\/li>\n<li>59 730 salari\u00e9s participants, le 22 septembre<\/li>\n<li>57\u00a0tonnes d\u2019\u00e9quivalent CO2 \u00e9conomis\u00e9es<\/li>\n<li>7 729\u00a0heures de bouchons \u00e9vit\u00e9es<\/li>\n<li>20\u00a0hectares de places de stationnement \u00e9conomis\u00e9es<\/li>\n<li>876 066\u00a0km r\u00e9alis\u00e9s en mode alternatif. C\u2019est\u00a0<strong>22 fois le tour du monde<\/strong>\u00a0et 257 fois la distance du Tour de France 2020 !<\/li>\n<\/ul>\n<p>Et pour d\u00e9couvrir l&rsquo;\u00e9tude compl\u00e8te sur l&rsquo;\u00e9dition 2020,<strong>\u00a0c\u2019est ici !<\/strong><\/p>\n<p><em>(\u00c9tude r\u00e9alis\u00e9e par le site de la R\u00e9gion Auvergne Rh\u00f4ne-Alpes)<\/em><\/p>\n<p>A l&rsquo;occasion des 10 ans du challenge mobilit\u00e9, l&rsquo;INSEE a publi\u00e9 une vid\u00e9o r\u00e9sumant l&rsquo;\u00e9tude r\u00e9alis\u00e9e sur la mobilit\u00e9 des personnes en France depuis 2018. D\u00e9couvrez-l\u00e0 ci-dessous \u2b07<\/p>\n<p>&nbsp;<\/p>\n<p><iframe loading=\"lazy\" title=\"R\u00e9sultats de l&#039;enqu\u00eate mobilit\u00e9 des personnes\" width=\"640\" height=\"480\" src=\"https:\/\/www.youtube.com\/embed\/sVkjKJ7eqdY?feature=oembed\" frameborder=\"0\" allow=\"accelerometer; autoplay; clipboard-write; encrypted-media; gyroscope; picture-in-picture; web-share\" referrerpolicy=\"strict-origin-when-cross-origin\" allowfullscreen><\/iframe><\/p>\n<p>&nbsp;<\/p>\n<h2>La semaine de la mobilit\u00e9 2021 chez Micro<\/h2>\n<p><img decoding=\"async\" loading=\"lazy\" class=\"alignnone wp-image-2208 size-full\" title=\"semaine de la mobilit\u00e9 Micro \" src=\"https:\/\/www.micro-mobility.fr\/blog\/wp-content\/uploads\/2021\/09\/slider-home-semainemobilite01-1.jpeg\" alt=\"semaine de la mobilit\u00e9 Micro \" width=\"1280\" height=\"400\" srcset=\"https:\/\/www.micro-mobility.fr\/blog\/wp-content\/uploads\/2021\/09\/slider-home-semainemobilite01-1.jpeg 1280w, https:\/\/www.micro-mobility.fr\/blog\/wp-content\/uploads\/2021\/09\/slider-home-semainemobilite01-1-300x94.jpeg 300w, https:\/\/www.micro-mobility.fr\/blog\/wp-content\/uploads\/2021\/09\/slider-home-semainemobilite01-1-1024x320.jpeg 1024w, https:\/\/www.micro-mobility.fr\/blog\/wp-content\/uploads\/2021\/09\/slider-home-semainemobilite01-1-768x240.jpeg 768w\" sizes=\"(max-width: 1280px) 100vw, 1280px\" \/><\/p>\n<p>Depuis plus de 20 ans Micro Mobility s&rsquo;engage dans une d\u00e9marche de mobilit\u00e9 urbaine durable en cr\u00e9ant des produits innovants. Micro Mobility souhaite faire perdurer cet engagement en cr\u00e9ant des produits de haute qualit\u00e9 pour toute la famille, afin de faciliter le quotidien des utilisateurs.<\/p>\n<p>Depuis le lancement de la premi\u00e8re trottinette moderne du march\u00e9 il y a maintenant 22 ans, Micro n\u2019a cess\u00e9 de construire son succ\u00e8s sur la nouveaut\u00e9 et l\u2019innovation.<\/p>\n<p>Aujourd\u2019hui, Micro-Mobility s\u2019impose comme un acteur majeur dans la recherche et l\u2019implantation de solutions pour r\u00e9volutionner le quotidien des citadins. Notre objectif est de sensibiliser les citadins aux nombreux avantages que peuvent apporter les solutions de transport alternatives, dont les trottinettes bien s\u00fbr !<\/p>\n<p>&nbsp;<\/p>\n<h3>Les offres Micro<\/h3>\n<p>Cette ann\u00e9e, Micro vous propose une large gamme de trottinettes \u00e9lectriques. Compacte, confortable, puissante : tous les citadins trouveront leur mod\u00e8le. Profitez d\u00e8s maintenant des offres promotionnelles sur tous les mod\u00e8les de trottinettes \u00e9lectriques !<\/p>\n<p>&nbsp;<\/p>\n<p style=\"text-align: center;\"><strong>Micro Merlin\u00a0\u00a0<\/strong><\/p>\n<p>&nbsp;<\/p>\n<p><img decoding=\"async\" loading=\"lazy\" class=\"wp-image-2244 alignleft\" src=\"https:\/\/www.micro-mobility.fr\/blog\/wp-content\/uploads\/2021\/09\/trottinette-electrique-micro-merlin.png\" alt=\"\" width=\"271\" height=\"362\" srcset=\"https:\/\/www.micro-mobility.fr\/blog\/wp-content\/uploads\/2021\/09\/trottinette-electrique-micro-merlin.png 800w, https:\/\/www.micro-mobility.fr\/blog\/wp-content\/uploads\/2021\/09\/trottinette-electrique-micro-merlin-225x300.png 225w, https:\/\/www.micro-mobility.fr\/blog\/wp-content\/uploads\/2021\/09\/trottinette-electrique-micro-merlin-768x1023.png 768w\" sizes=\"(max-width: 271px) 100vw, 271px\" \/>La trottinette \u00e9lectrique Micro Merlin avec frein et sonnette int\u00e9gr\u00e9e, a \u00e9t\u00e9 \u00e9lue meilleure trottinette urbaine &#8211; \u00a0Que choisir\u00a0 en F\u00e9vrier 2021 !<\/p>\n<p>Pour des trajets longs en ville, la Micro Merlin a \u00e9t\u00e9 con\u00e7ue pour les personnes qui souhaitent privil\u00e9gier le confort et la s\u00e9curit\u00e9 pour pouvoir effectuer de longues distances au quotidien. Avec une autonomie de 25 km, la trottinette Micro Merlin sera parfaite pour vos d\u00e9placements quotidiens !<\/p>\n<p>\ud83d\udcb0 Prix habituel : 699\u20ac<\/p>\n<p>\ud83d\udcb8 Remise offerte : &#8211; 100\u20ac<\/p>\n<p>\ud83d\udca5 Prix final : 599\u20ac\u00a0 !<\/p>\n<p>&nbsp;<\/p>\n<p>&nbsp;<\/p>\n<p>&nbsp;<\/p>\n<p style=\"text-align: center;\"><strong>Micro X10\u00a0<\/strong><\/p>\n<p>&nbsp;<\/p>\n<p><img decoding=\"async\" loading=\"lazy\" class=\"wp-image-2226 alignleft\" src=\"https:\/\/www.micro-mobility.fr\/blog\/wp-content\/uploads\/2021\/09\/png-Micro-Merlin-with-Handbrake-scaled.jpg\" alt=\"\" width=\"269\" height=\"403\" srcset=\"https:\/\/www.micro-mobility.fr\/blog\/wp-content\/uploads\/2021\/09\/png-Micro-Merlin-with-Handbrake-scaled.jpg 1709w, https:\/\/www.micro-mobility.fr\/blog\/wp-content\/uploads\/2021\/09\/png-Micro-Merlin-with-Handbrake-200x300.jpg 200w, https:\/\/www.micro-mobility.fr\/blog\/wp-content\/uploads\/2021\/09\/png-Micro-Merlin-with-Handbrake-684x1024.jpg 684w, https:\/\/www.micro-mobility.fr\/blog\/wp-content\/uploads\/2021\/09\/png-Micro-Merlin-with-Handbrake-768x1150.jpg 768w, https:\/\/www.micro-mobility.fr\/blog\/wp-content\/uploads\/2021\/09\/png-Micro-Merlin-with-Handbrake-1025x1536.jpg 1025w, https:\/\/www.micro-mobility.fr\/blog\/wp-content\/uploads\/2021\/09\/png-Micro-Merlin-with-Handbrake-1367x2048.jpg 1367w\" sizes=\"(max-width: 269px) 100vw, 269px\" \/>La Micro X10 est le v\u00e9ritable SUV de la trottinette \u00e9lectrique, cette trottinette offre une stabilit\u00e9 et un confort de conduite en milieu urbain et p\u00e9ri-urbain. Avec sa finition irr\u00e9prochable et son design haut de gamme, la Micro X10 offre une tr\u00e8s grande fiabilit\u00e9 et est homologu\u00e9e vis \u00e0 vis de la toute nouvelle r\u00e9glementation fran\u00e7aise.<\/p>\n<p>\ud83d\udcb0 Prix habituel : 899\u20ac<\/p>\n<p>\ud83d\udcb8 Remise offerte : &#8211; 300\u20ac<\/p>\n<p>\ud83d\udca5 Prix final : 599\u20ac\u00a0 !<\/p>\n<p>&nbsp;<\/p>\n<p>&nbsp;<\/p>\n<p>&nbsp;<\/p>\n<p>&nbsp;<\/p>\n<p>&nbsp;<\/p>\n<p style=\"text-align: center;\"><strong>Micro Condor\u00a0<\/strong><\/p>\n<p>&nbsp;<\/p>\n<p><img decoding=\"async\" loading=\"lazy\" class=\"wp-image-2227 alignleft\" src=\"https:\/\/www.micro-mobility.fr\/blog\/wp-content\/uploads\/2021\/09\/condor-II-scaled.jpg\" alt=\"\" width=\"269\" height=\"403\" srcset=\"https:\/\/www.micro-mobility.fr\/blog\/wp-content\/uploads\/2021\/09\/condor-II-scaled.jpg 1709w, https:\/\/www.micro-mobility.fr\/blog\/wp-content\/uploads\/2021\/09\/condor-II-200x300.jpg 200w, https:\/\/www.micro-mobility.fr\/blog\/wp-content\/uploads\/2021\/09\/condor-II-684x1024.jpg 684w, https:\/\/www.micro-mobility.fr\/blog\/wp-content\/uploads\/2021\/09\/condor-II-768x1150.jpg 768w, https:\/\/www.micro-mobility.fr\/blog\/wp-content\/uploads\/2021\/09\/condor-II-1025x1536.jpg 1025w, https:\/\/www.micro-mobility.fr\/blog\/wp-content\/uploads\/2021\/09\/condor-II-1367x2048.jpg 1367w\" sizes=\"(max-width: 269px) 100vw, 269px\" \/><\/p>\n<p>La Micro Condor II a \u00e9t\u00e9 pens\u00e9e et con\u00e7ue avec une seule id\u00e9e en t\u00eate\u00a0: pouvoir effectuer des trajets complets avec une stabilit\u00e9 et un confort de conduite in\u00e9gal\u00e9s.<\/p>\n<p>\u00c9l\u00e9gante, rac\u00e9e et puissante la Micro Condor II est le compagnon de mobilit\u00e9 id\u00e9al pour celles et ceux qui sont \u00e0 la recherche d\u2019une solution simple et efficace pour tous leurs d\u00e9placements urbains. Son syst\u00e8me unique de batterie amovible permet une recharge facile o\u00f9 que vous soyez !<\/p>\n<p>\ud83d\udcb0 Prix habituel : 899\u20ac<\/p>\n<p>\ud83d\udcb8 Remise offerte : &#8211; 200\u20ac<\/p>\n<p>\ud83d\udca5 Prix final : 699\u20ac\u00a0 !<\/p>\n<p>&nbsp;<\/p>\n<p>&nbsp;<\/p>\n<p>&nbsp;<\/p>\n<p style=\"text-align: center;\"><strong>Micro Explorer\u00a0<\/strong><\/p>\n<p>&nbsp;<\/p>\n<p><img decoding=\"async\" loading=\"lazy\" class=\"wp-image-2228 alignleft\" src=\"https:\/\/www.micro-mobility.fr\/blog\/wp-content\/uploads\/2021\/09\/micro-explorer-scaled.jpg\" alt=\"\" width=\"270\" height=\"405\" srcset=\"https:\/\/www.micro-mobility.fr\/blog\/wp-content\/uploads\/2021\/09\/micro-explorer-scaled.jpg 1709w, https:\/\/www.micro-mobility.fr\/blog\/wp-content\/uploads\/2021\/09\/micro-explorer-200x300.jpg 200w, https:\/\/www.micro-mobility.fr\/blog\/wp-content\/uploads\/2021\/09\/micro-explorer-684x1024.jpg 684w, https:\/\/www.micro-mobility.fr\/blog\/wp-content\/uploads\/2021\/09\/micro-explorer-768x1150.jpg 768w, https:\/\/www.micro-mobility.fr\/blog\/wp-content\/uploads\/2021\/09\/micro-explorer-1025x1536.jpg 1025w, https:\/\/www.micro-mobility.fr\/blog\/wp-content\/uploads\/2021\/09\/micro-explorer-1367x2048.jpg 1367w\" sizes=\"(max-width: 270px) 100vw, 270px\" \/><\/p>\n<p>Derni\u00e8re-n\u00e9e dans la <a href=\"https:\/\/www.micro-mobility.fr\/116-trottinette-electrique\">gamme des trottinettes \u00e9lectriques<\/a>, la Micro Explorer a \u00e9t\u00e9 pens\u00e9e avec une seule id\u00e9e en t\u00eate : la durabilit\u00e9. C\u2019est la premi\u00e8re trottinette \u00e9lectrique du march\u00e9 construite pour durer. Ceci a \u00e9t\u00e9 rendu possible gr\u00e2ce aux 10 ans d\u2019exp\u00e9rience de Micro en la mati\u00e8re et gr\u00e2ce au choix des mat\u00e9riaux et composants de tr\u00e8s haute qualit\u00e9.<\/p>\n<p>\ud83d\udcb0 Prix habituel : 829,90\u20ac<\/p>\n<p>\ud83d\udcb8 Remise offerte : &#8211; 100\u20ac<\/p>\n<p>\ud83d\udca5 Prix final : 729,90\u20ac\u00a0 !<\/p>\n<p>&nbsp;<\/p>\n<p>&nbsp;<\/p>\n<p>&nbsp;<\/p>\n<p>&nbsp;<\/p>\n<p>&nbsp;<\/p>\n<p style=\"text-align: center;\"><strong>Micro Merlin Gris &amp; Noir\u00a0<\/strong><\/p>\n<p>&nbsp;<\/p>\n<p style=\"text-align: left;\"><img decoding=\"async\" loading=\"lazy\" class=\"wp-image-2245 alignleft\" src=\"https:\/\/www.micro-mobility.fr\/blog\/wp-content\/uploads\/2021\/09\/trottinette-electrique-micro-merlin-1.png\" alt=\"\" width=\"270\" height=\"360\" srcset=\"https:\/\/www.micro-mobility.fr\/blog\/wp-content\/uploads\/2021\/09\/trottinette-electrique-micro-merlin-1.png 800w, https:\/\/www.micro-mobility.fr\/blog\/wp-content\/uploads\/2021\/09\/trottinette-electrique-micro-merlin-1-225x300.png 225w, https:\/\/www.micro-mobility.fr\/blog\/wp-content\/uploads\/2021\/09\/trottinette-electrique-micro-merlin-1-768x1023.png 768w\" sizes=\"(max-width: 270px) 100vw, 270px\" \/>La Micro Merlin est la trottinette e\u0301lectrique parfaite pour les citadins qui cherchent un mode\u0300le compacte et puissant, le tout sans faire de compromis sur le confort de conduite et les e\u0301quipements. Elle est pre\u0301conise\u0301e pour les personnes qui souhaitent combiner l\u2019usage de leur trottinette avec les transports en commun.<\/p>\n<p style=\"text-align: left;\">\ud83d\udcb0 Prix : 699\u20ac<\/p>\n<p style=\"text-align: left;\">\ud83c\udd95 Nouveaut\u00e9 : Les finitions grises &amp; noires pour un design encore plus haut de gamme !<\/p>\n<p>&nbsp;<\/p>\n<p>&nbsp;<\/p>\n<p>&nbsp;<\/p>\n<p>&nbsp;<\/p>\n<p>&nbsp;<\/p>\n<p>&nbsp;<\/p>\n<div class=\"rte\">\n<p style=\"text-align: center;\"><strong>\u00a0 \u00a0 \u00a0 \u00a0 \u00a0 \u00a0 \u00a0 \u00a0 \u00a0 \u00a0 \u00a0 \u00a0 \u00a0 \u00a0 \u00a0 \u00a0 \u00a0 \u00a0 \u00a0 \u00a0 \u00a0 \u00a0 \u00a0 \u00a0 \u00a0 \u00a0 \u00a0 \u00a0 \u00a0 \u00a0 \u00a0 \u00a0 \u00a0 \u00a0 \u00a0 \u00a0 \u00a0 \u00a0 \u00a0 \u00a0 \u00a0 \u00a0 \u00a0 \u00a0 \u00a0 \u00a0 \u00a0 \u00a0 \u00a0 \u00a0 \u00a0 \u00a0 \u00a0 \u00a0 \u00a0 \u00a0 \u00a0 \u00a0 \u00a0 \u00a0 \u00a0 \u00a0 \u00a0 \u00a0 \u00a0 \u00a0 \u00a0 \u00a0 \u00a0 \u00a0 \u00a0 \u00a0 \u00a0 \u00a0 \u00a0 \u00a0 \u00a0 \u00a0 \u00a0 \u00a0 \u00a0 \u00a0 \u00a0 \u00a0 \u00a0 \u00a0 \u00a0 \u00a0 \u00a0 \u00a0 \u00a0 \u00a0 \u00a0 \u00a0 \u00a0 \u00a0 \u00a0 \u00a0 \u00a0 \u00a0 \u00a0 \u00a0 \u00a0 \u00a0 \u00a0 \u00a0 \u00a0 \u00a0 \u00a0 \u00a0 \u00a0 \u00a0 \u00a0 \u00a0 \u00a0 \u00a0 \u00a0 \u00a0 \u00a0 \u00a0 \u00a0 \u00a0 \u00a0 \u00a0 \u00a0 Les accessoires\u00a0<\/strong><\/p>\n<p>&nbsp;<\/p>\n<p>Casque, lumi\u00e8re, pack s\u00e9curit\u00e9, sonnette, support smartphone&#8230;, les accessoires Micro sont \u00e9galement \u00e0 l&rsquo;honneur pour la semaine europ\u00e9enne de la mobilit\u00e9 2021 ! D\u00e9couvrez-les juste ci-dessous et cliquez sur celui-ci qu&rsquo;il vous faut !<\/p>\n<p><a href=\"https:\/\/www.micro-mobility.fr\/1619-casque-bleu-ocean.html\" target=\"_blank\" rel=\"noopener\"><img decoding=\"async\" loading=\"lazy\" class=\"alignleft wp-image-2183\" title=\"Casque bleu oc\u00e9an\" src=\"https:\/\/www.micro-mobility.fr\/blog\/wp-content\/uploads\/2021\/09\/casque-bleu-ocean-225x300.jpg\" alt=\"Casque Bleu oc\u00e9an\" width=\"125\" height=\"167\" srcset=\"https:\/\/www.micro-mobility.fr\/blog\/wp-content\/uploads\/2021\/09\/casque-bleu-ocean-225x300.jpg 225w, https:\/\/www.micro-mobility.fr\/blog\/wp-content\/uploads\/2021\/09\/casque-bleu-ocean-768x1023.jpg 768w, https:\/\/www.micro-mobility.fr\/blog\/wp-content\/uploads\/2021\/09\/casque-bleu-ocean.jpg 800w\" sizes=\"(max-width: 125px) 100vw, 125px\" \/><\/a> <a href=\"https:\/\/www.micro-mobility.fr\/1287-casque-micro-noir.html\" target=\"_blank\" rel=\"noopener\"><img decoding=\"async\" loading=\"lazy\" class=\"alignleft wp-image-2184\" title=\"Casque noir\" src=\"https:\/\/www.micro-mobility.fr\/blog\/wp-content\/uploads\/2021\/09\/casque-micro-noir-225x300.jpg\" alt=\"Casque noir \" width=\"125\" height=\"167\" srcset=\"https:\/\/www.micro-mobility.fr\/blog\/wp-content\/uploads\/2021\/09\/casque-micro-noir-225x300.jpg 225w, https:\/\/www.micro-mobility.fr\/blog\/wp-content\/uploads\/2021\/09\/casque-micro-noir-768x1023.jpg 768w, https:\/\/www.micro-mobility.fr\/blog\/wp-content\/uploads\/2021\/09\/casque-micro-noir.jpg 800w\" sizes=\"(max-width: 125px) 100vw, 125px\" \/><\/a> <a href=\"https:\/\/www.micro-mobility.fr\/1621-casque-rouge-automne.html\" target=\"_blank\" rel=\"noopener\"><img decoding=\"async\" loading=\"lazy\" class=\"alignleft wp-image-2185\" title=\"Casque rouge automne\" src=\"https:\/\/www.micro-mobility.fr\/blog\/wp-content\/uploads\/2021\/09\/casque-rouge-automne-225x300.jpg\" alt=\"Casque rouge automne\" width=\"125\" height=\"167\" srcset=\"https:\/\/www.micro-mobility.fr\/blog\/wp-content\/uploads\/2021\/09\/casque-rouge-automne-225x300.jpg 225w, https:\/\/www.micro-mobility.fr\/blog\/wp-content\/uploads\/2021\/09\/casque-rouge-automne-768x1023.jpg 768w, https:\/\/www.micro-mobility.fr\/blog\/wp-content\/uploads\/2021\/09\/casque-rouge-automne.jpg 800w\" sizes=\"(max-width: 125px) 100vw, 125px\" \/><\/a> <a href=\"https:\/\/www.micro-mobility.fr\/1620-casque-vert-sapin.html\" target=\"_blank\" rel=\"noopener\"><img decoding=\"async\" loading=\"lazy\" class=\"alignleft wp-image-2186\" title=\"Casque vert sapin\" src=\"https:\/\/www.micro-mobility.fr\/blog\/wp-content\/uploads\/2021\/09\/casque-vert-sapin-225x300.jpg\" alt=\"Casque vert sapin\" width=\"125\" height=\"167\" srcset=\"https:\/\/www.micro-mobility.fr\/blog\/wp-content\/uploads\/2021\/09\/casque-vert-sapin-225x300.jpg 225w, https:\/\/www.micro-mobility.fr\/blog\/wp-content\/uploads\/2021\/09\/casque-vert-sapin-768x1023.jpg 768w, https:\/\/www.micro-mobility.fr\/blog\/wp-content\/uploads\/2021\/09\/casque-vert-sapin.jpg 800w\" sizes=\"(max-width: 125px) 100vw, 125px\" \/><\/a><\/p>\n<p>&nbsp;<\/p>\n<p>&nbsp;<\/p>\n<p>&nbsp;<\/p>\n<\/div>\n<p>&nbsp;<\/p>\n<p>&nbsp;<\/p>\n<p>&nbsp;<\/p>\n<p><a href=\"https:\/\/www.micro-mobility.fr\/1599-pack-securite-trottinette-m.html\" target=\"_blank\" rel=\"noopener\"><img decoding=\"async\" loading=\"lazy\" class=\"alignleft wp-image-2188\" title=\"Pack s\u00e9curit\u00e9 trottinette - Taille M \" src=\"https:\/\/www.micro-mobility.fr\/blog\/wp-content\/uploads\/2021\/09\/pack-securite-trottinette-m.jpg\" alt=\"Pack s\u00e9curit\u00e9 trottinette - Taille M \" width=\"133\" height=\"178\" srcset=\"https:\/\/www.micro-mobility.fr\/blog\/wp-content\/uploads\/2021\/09\/pack-securite-trottinette-m.jpg 800w, https:\/\/www.micro-mobility.fr\/blog\/wp-content\/uploads\/2021\/09\/pack-securite-trottinette-m-225x300.jpg 225w, https:\/\/www.micro-mobility.fr\/blog\/wp-content\/uploads\/2021\/09\/pack-securite-trottinette-m-768x1023.jpg 768w\" sizes=\"(max-width: 133px) 100vw, 133px\" \/><\/a><a href=\"https:\/\/www.micro-mobility.fr\/1427-lumiere-deluxe-bleu.html\" target=\"_blank\" rel=\"noopener\"><img decoding=\"async\" loading=\"lazy\" class=\"alignleft wp-image-2187\" title=\"Lumi\u00e8re deluxe bleu trottinette \" src=\"https:\/\/www.micro-mobility.fr\/blog\/wp-content\/uploads\/2021\/09\/lumiere-deluxe-bleu.jpg\" alt=\"Lumi\u00e8re deluxe bleu trottinette \" width=\"136\" height=\"181\" srcset=\"https:\/\/www.micro-mobility.fr\/blog\/wp-content\/uploads\/2021\/09\/lumiere-deluxe-bleu.jpg 800w, https:\/\/www.micro-mobility.fr\/blog\/wp-content\/uploads\/2021\/09\/lumiere-deluxe-bleu-225x300.jpg 225w, https:\/\/www.micro-mobility.fr\/blog\/wp-content\/uploads\/2021\/09\/lumiere-deluxe-bleu-768x1023.jpg 768w\" sizes=\"(max-width: 136px) 100vw, 136px\" \/><\/a> \u00a0<a href=\"https:\/\/www.micro-mobility.fr\/578-sonnette-noir.html\" target=\"_blank\" rel=\"noopener\"><img decoding=\"async\" loading=\"lazy\" class=\"alignleft wp-image-2189\" title=\"Sonnette noir trottinette \" src=\"https:\/\/www.micro-mobility.fr\/blog\/wp-content\/uploads\/2021\/09\/sonnette-noir.jpg\" alt=\"Sonnette noir trottinette \" width=\"133\" height=\"178\" srcset=\"https:\/\/www.micro-mobility.fr\/blog\/wp-content\/uploads\/2021\/09\/sonnette-noir.jpg 800w, https:\/\/www.micro-mobility.fr\/blog\/wp-content\/uploads\/2021\/09\/sonnette-noir-225x300.jpg 225w, https:\/\/www.micro-mobility.fr\/blog\/wp-content\/uploads\/2021\/09\/sonnette-noir-768x1023.jpg 768w\" sizes=\"(max-width: 133px) 100vw, 133px\" \/><\/a> <a href=\"https:\/\/www.micro-mobility.fr\/1436-support-pour-smartphone.html\" target=\"_blank\" rel=\"noopener\"><img decoding=\"async\" loading=\"lazy\" class=\"alignleft wp-image-2190\" title=\"Support pour smartphone trottinette \" src=\"https:\/\/www.micro-mobility.fr\/blog\/wp-content\/uploads\/2021\/09\/support-pour-smartphone.jpg\" alt=\"Support pour smartphone trottinette \" width=\"133\" height=\"178\" srcset=\"https:\/\/www.micro-mobility.fr\/blog\/wp-content\/uploads\/2021\/09\/support-pour-smartphone.jpg 800w, https:\/\/www.micro-mobility.fr\/blog\/wp-content\/uploads\/2021\/09\/support-pour-smartphone-225x300.jpg 225w, https:\/\/www.micro-mobility.fr\/blog\/wp-content\/uploads\/2021\/09\/support-pour-smartphone-768x1023.jpg 768w\" sizes=\"(max-width: 133px) 100vw, 133px\" \/><\/a><\/p>\n<div class=\"rte\">\n<p>&nbsp;<\/p>\n<p>&nbsp;<\/p>\n<p>&nbsp;<\/p>\n<p>&nbsp;<\/p>\n<p>&nbsp;<\/p>\n<\/div>\n<p>&nbsp;<\/p>\n<p>Et vous, vous participez avec votre entreprise ou seul, \u00e0 la semaine europ\u00e9enne de la mobilit\u00e9 2021 ?<\/p>\n<p>&nbsp;<\/p>\n<div class=\"rte\">\n<p><strong>Retrouvez-nous sur nos diff\u00e9rents r\u00e9seaux :<\/strong><\/p>\n<p>&nbsp;<\/p>\n<p><strong><img decoding=\"async\" loading=\"lazy\" class=\"wp-image-1271 alignleft\" src=\"https:\/\/www.micro-mobility.fr\/blog\/wp-content\/uploads\/2018\/10\/instagram-logo-transparent-png-571.png\" sizes=\"(max-width: 53px) 100vw, 53px\" srcset=\"https:\/\/www.micro-mobility.fr\/blog\/wp-content\/uploads\/2018\/10\/instagram-logo-transparent-png-571.png 1000w, https:\/\/www.micro-mobility.fr\/blog\/wp-content\/uploads\/2018\/10\/instagram-logo-transparent-png-571-300x300.png 300w, https:\/\/www.micro-mobility.fr\/blog\/wp-content\/uploads\/2018\/10\/instagram-logo-transparent-png-571-150x150.png 150w, https:\/\/www.micro-mobility.fr\/blog\/wp-content\/uploads\/2018\/10\/instagram-logo-transparent-png-571-768x768.png 768w\" alt=\"\" width=\"53\" height=\"53\" \/><\/strong>Suivez-nous sur notre compte Instagram pour retrouver nos aventures !<\/p>\n<p><a href=\"https:\/\/www.instagram.com\/micromobilityfrance\/?hl=fr\" target=\"_blank\" rel=\"noopener noreferrer\"><strong>@micromobilityfrance<\/strong><\/a><\/p>\n<p>&nbsp;<\/p>\n<p><strong><img decoding=\"async\" loading=\"lazy\" class=\"wp-image-1272 alignleft\" src=\"https:\/\/www.micro-mobility.fr\/blog\/wp-content\/uploads\/2018\/10\/584ac2d03ac3a570f94a666d.png\" sizes=\"(max-width: 50px) 100vw, 50px\" srcset=\"https:\/\/www.micro-mobility.fr\/blog\/wp-content\/uploads\/2018\/10\/584ac2d03ac3a570f94a666d.png 250w, https:\/\/www.micro-mobility.fr\/blog\/wp-content\/uploads\/2018\/10\/584ac2d03ac3a570f94a666d-150x150.png 150w\" alt=\"\" width=\"50\" height=\"50\" \/><\/strong><img decoding=\"async\" loading=\"lazy\" class=\"alignleft wp-image-2115\" src=\"https:\/\/www.micro-mobility.fr\/blog\/wp-content\/uploads\/2018\/07\/linkedin-300x300.png\" sizes=\"(max-width: 50px) 100vw, 50px\" srcset=\"https:\/\/www.micro-mobility.fr\/blog\/wp-content\/uploads\/2018\/07\/linkedin-300x300.png 300w, https:\/\/www.micro-mobility.fr\/blog\/wp-content\/uploads\/2018\/07\/linkedin-150x150.png 150w, https:\/\/www.micro-mobility.fr\/blog\/wp-content\/uploads\/2018\/07\/linkedin.png 512w\" alt=\"\" width=\"50\" height=\"50\" \/>Retrouvez-nous \u00e9galement sur notre page Facebook et Linkedin pour suivre nos actualit\u00e9s !<\/p>\n<p><a href=\"https:\/\/www.facebook.com\/MicroMobilityFrance\/\" target=\"_blank\" rel=\"noopener noreferrer\"><strong>Micro Mobility France<\/strong><\/a>\u00a0et\u00a0<strong><a href=\"https:\/\/www.linkedin.com\/company\/micro-mobility-france\/?viewAsMember=true\" target=\"_blank\" rel=\"nofollow noopener\">MICRO MOBILITY FRANCE (Linkedin)<\/a><\/strong><\/p>\n<p>&nbsp;<\/p>\n<p><img decoding=\"async\" loading=\"lazy\" class=\"wp-image-1289 alignleft\" src=\"https:\/\/www.micro-mobility.fr\/blog\/wp-content\/uploads\/2020\/11\/580b57fcd9996e24bc43c545.png\" sizes=\"(max-width: 50px) 100vw, 50px\" srcset=\"https:\/\/www.micro-mobility.fr\/blog\/wp-content\/uploads\/2020\/11\/580b57fcd9996e24bc43c545.png 1024w, https:\/\/www.micro-mobility.fr\/blog\/wp-content\/uploads\/2020\/11\/580b57fcd9996e24bc43c545-300x211.png 300w, https:\/\/www.micro-mobility.fr\/blog\/wp-content\/uploads\/2020\/11\/580b57fcd9996e24bc43c545-768x541.png 768w\" alt=\"\" width=\"50\" height=\"35\" \/><\/p>\n<p>Pour voir nos tutoriels SAV et toutes nos vid\u00e9os autour de Micro, rendez-vous sur notre cha\u00eene YouTube !<\/p>\n<p><a href=\"https:\/\/www.youtube.com\/channel\/UCsLJ7ihEkJGE-pmGQDE1H7w\/featured?view_as=subscriber\" target=\"_blank\" rel=\"nofollow noopener noreferrer\"><strong>Micro Mobility France<\/strong><\/a><\/p>\n<p>&nbsp;<\/p>\n<\/div>\n","protected":false},"excerpt":{"rendered":"<p>Comme chaque ann\u00e9e, la r\u00e9gion Auvergne Rh\u00f4ne-Alpes organise la semaine europ\u00e9enne de la mobilit\u00e9 pour inciter les citadins \u00e0 adopter une d\u00e9marche \u00e9co-citoyenne en privil\u00e9giant les transports doux pendant quelques jours. Le th\u00e8me de cette ann\u00e9e est \u00ab En s\u00e9curit\u00e9 &#038; en bonne sant\u00e9 avec les mobilit\u00e9s durables \u00bb !<\/p>\n","protected":false},"author":6,"featured_media":2199,"comment_status":"closed","ping_status":"open","sticky":false,"template":"","format":"standard","meta":[],"categories":[1,4,6,8],"tags":[191,134,187,190,188,76,186,189,179,10,43,133,138],"aioseo_notices":[],"_links":{"self":[{"href":"https:\/\/www.micro-mobility.fr\/blog\/wp-json\/wp\/v2\/posts\/2173"}],"collection":[{"href":"https:\/\/www.micro-mobility.fr\/blog\/wp-json\/wp\/v2\/posts"}],"about":[{"href":"https:\/\/www.micro-mobility.fr\/blog\/wp-json\/wp\/v2\/types\/post"}],"author":[{"embeddable":true,"href":"https:\/\/www.micro-mobility.fr\/blog\/wp-json\/wp\/v2\/users\/6"}],"replies":[{"embeddable":true,"href":"https:\/\/www.micro-mobility.fr\/blog\/wp-json\/wp\/v2\/comments?post=2173"}],"version-history":[{"count":45,"href":"https:\/\/www.micro-mobility.fr\/blog\/wp-json\/wp\/v2\/posts\/2173\/revisions"}],"predecessor-version":[{"id":4331,"href":"https:\/\/www.micro-mobility.fr\/blog\/wp-json\/wp\/v2\/posts\/2173\/revisions\/4331"}],"wp:featuredmedia":[{"embeddable":true,"href":"https:\/\/www.micro-mobility.fr\/blog\/wp-json\/wp\/v2\/media\/2199"}],"wp:attachment":[{"href":"https:\/\/www.micro-mobility.fr\/blog\/wp-json\/wp\/v2\/media?parent=2173"}],"wp:term":[{"taxonomy":"category","embeddable":true,"href":"https:\/\/www.micro-mobility.fr\/blog\/wp-json\/wp\/v2\/categories?post=2173"},{"taxonomy":"post_tag","embeddable":true,"href":"https:\/\/www.micro-mobility.fr\/blog\/wp-json\/wp\/v2\/tags?post=2173"}],"curies":[{"name":"wp","href":"https:\/\/api.w.org\/{rel}","templated":true}]}}