{"id":2250,"date":"2022-06-08T10:00:49","date_gmt":"2022-06-08T08:00:49","guid":{"rendered":"https:\/\/www.micro-mobility.fr\/blog\/?p=2250"},"modified":"2022-06-27T15:14:32","modified_gmt":"2022-06-27T13:14:32","slug":"lutte-contre-pollution-maritime","status":"publish","type":"post","link":"https:\/\/www.micro-mobility.fr\/blog\/lutte-contre-pollution-maritime\/","title":{"rendered":"\ud835\udc0c\ud835\udc08\ud835\udc02\ud835\udc11\ud835\udc0e X \ud835\udc0f\ud835\udc00\ud835\udc11\ud835\udc0b\ud835\udc04\ud835\udc18  : Tous engag\u00e9s pour lutter contre la pollution maritime"},"content":{"rendered":"<p>L&rsquo;oc\u00e9an couvre plus de 70% de la plan\u00e8te, c&rsquo;est notre source de vie soutenant la subsistance de l&rsquo;humanit\u00e9 et celle de tous les autres organismes sur terre. L&rsquo;oc\u00e9an produit 50% de l&rsquo;oxyg\u00e8ne de la plan\u00e8te et abrite la majeure partie de a biodiversit\u00e9.<\/p>\n<p>L&rsquo;oc\u00e9an est aussi la cl\u00e9 de notre \u00e9conomie. L&rsquo;Homme a donc besoin de l&rsquo;oc\u00e9an pour survivre et l&rsquo;oc\u00e9an a besoin d&rsquo;un soutien pour lutter contre toute la pollution maritime et continuer \u00e0 remplir ses fonctions.<\/p>\n<h2>8 Juin : Journ\u00e9e Mondiale des Oc\u00e9ans<\/h2>\n<p><span style=\"font-weight: 400;\">Le 8 Juin de chaque ann\u00e9e a lieu la Journ\u00e9e Mondiale des Oc\u00e9ans. Cette d\u00e9marche, lanc\u00e9e en 1992 \u00e0 l\u2019issue du sommet de Rio, vise \u00e0 sensibiliser le grand public \u00e0 une meilleure gestion des oc\u00e9ans et de leurs ressources et r\u00e9duire la pollution maritime.\u00a0<\/span><\/p>\n<p><span style=\"font-weight: 400;\">Cette journ\u00e9e se propose d\u2019\u00eatre l\u2019occasion d\u2019informer sur les enjeux, susciter l\u2019envie d\u2019adopter un \u201ccomportement durable\u201d et donner des pistes d\u2019actions encourageant \u00e0 agir individuellement et collectivement pour une meilleure gestion des ressources marines.<\/span><\/p>\n<p>&nbsp;<\/p>\n<p>Cette ann\u00e9e, la Journ\u00e9e Mondiale des Oc\u00e9ans va \u00e9clairer le th\u00e8me : <strong>\u00ab\u00a0Revitalisation : Actions collectives pour les oc\u00e9ans\u00a0\u00bb<\/strong>.<\/p>\n<blockquote>\n<p style=\"text-align: center;\">\u00ab\u00a0L&rsquo;oc\u00e9an nous relie, nous fait vivre et nous soutient tous. Pourtant, sa sant\u00e9 est \u00e0 un point critique, tout comme le bien-\u00eatre de tous ceux qui en d\u00e9pendant. Comme les ann\u00e9es pass\u00e9es nous l&rsquo;ont montr\u00e9, nous devons travailler ensemble pour cr\u00e9er un nouvel \u00e9quilibre avec l&rsquo;oc\u00e9an qui n&rsquo;\u00e9puise plus sa richesse mais qui, au contraire, lui redonne son dynamisme et lui apporte une nouvelle vie.\u00a0\u00bb <em>United Nations World Oceans Day<\/em><\/p>\n<\/blockquote>\n<p>&nbsp;<\/p>\n<p><span style=\"font-weight: 400;\">Aujourd\u2019hui, la crise du plastique est massive, complexe et \u00e9troitement li\u00e9e au changement climatique. Mais cela touche tout le monde, et \ud835\udde3\ud835\uddd4\ud835\udde5\ud835\udde7\ud835\udde2\ud835\udde8\ud835\udde7. \ud83c\udf0d<\/span><\/p>\n<p><span style=\"font-weight: 400;\">Micro Mobility s\u2019engage dans la lutte pour la protection de l\u2019environnement, mais avant d\u2019en savoir plus, petit rappel sur la situation actuelle.<\/span><\/p>\n<p>&nbsp;<\/p>\n<h2>Rappel sur la pollution maritime<\/h2>\n<p><img decoding=\"async\" loading=\"lazy\" class=\"alignleft wp-image-2254\" src=\"https:\/\/www.micro-mobility.fr\/blog\/wp-content\/uploads\/2022\/03\/5d721e802300004e0050f405.jpeg\" alt=\"image pollution maritime\" width=\"318\" height=\"179\" srcset=\"https:\/\/www.micro-mobility.fr\/blog\/wp-content\/uploads\/2022\/03\/5d721e802300004e0050f405.jpeg 1778w, https:\/\/www.micro-mobility.fr\/blog\/wp-content\/uploads\/2022\/03\/5d721e802300004e0050f405-300x169.jpeg 300w, https:\/\/www.micro-mobility.fr\/blog\/wp-content\/uploads\/2022\/03\/5d721e802300004e0050f405-1024x576.jpeg 1024w, https:\/\/www.micro-mobility.fr\/blog\/wp-content\/uploads\/2022\/03\/5d721e802300004e0050f405-768x432.jpeg 768w, https:\/\/www.micro-mobility.fr\/blog\/wp-content\/uploads\/2022\/03\/5d721e802300004e0050f405-1536x864.jpeg 1536w\" sizes=\"(max-width: 318px) 100vw, 318px\" \/>Chaque ann\u00e9e, c\u2019est pr\u00e8s de\u00a0<strong>8 millions de tonnes de d\u00e9chets plastiques<\/strong>\u00a0qui s\u2019infiltrent dans nos oc\u00e9ans. \ud83c\udf0a<\/p>\n<p>La pollution maritime est devenue un v\u00e9ritable fl\u00e9au environnemental, ces d\u00e9chets proviennent principalement de l\u2019industrie maritime (chaluts, cordes, filets de p\u00eache\u2026).<\/p>\n<p>Si nous ne r\u00e9agissons pas maintenant, on pr\u00e9voit qu\u2019il y ait plus de plastique que de poissons dans les oc\u00e9ans, d\u2019ici 2050\u2026 \ud83d\udc20<\/p>\n<p>C&rsquo;est pour cela qu&rsquo;en 2020, nous avons lanc\u00e9 une gamme de trottinettes durables pour enfants, qui utilise du plastique oc\u00e9anique recycl\u00e9. Dans le cadre du \u00ab 1% pour la Plan\u00e8te \u00bb, <strong>Micro fait don de 1% des ventes de ses trottinettes \u00e9cologiques \u00e0 des organisations \u00e0 but non lucratif d\u00e9di\u00e9es \u00e0 la protection de l&rsquo;environnement.\u00a0<\/strong><\/p>\n<p>Pour d\u00e9couvrir plus en d\u00e9tails notre gamme \u00e9cologique de trottinettes pour enfants, lisez notre article juste ici : <a href=\"https:\/\/www.micro-mobility.fr\/blog\/nouveautes-mini-maxi-micro-deluxe-eco\/\">Nouveaut\u00e9s : Mini et Maxi Micro Deluxe \u00c9co !\u00a0<\/a><\/p>\n<p>&nbsp;<\/p>\n<p><img decoding=\"async\" loading=\"lazy\" class=\"alignnone wp-image-2251 size-full\" src=\"https:\/\/www.micro-mobility.fr\/blog\/wp-content\/uploads\/2022\/03\/png-Parley-for-the-Oceans-fr21.jpg\" alt=\"\" width=\"1308\" height=\"368\" srcset=\"https:\/\/www.micro-mobility.fr\/blog\/wp-content\/uploads\/2022\/03\/png-Parley-for-the-Oceans-fr21.jpg 1308w, https:\/\/www.micro-mobility.fr\/blog\/wp-content\/uploads\/2022\/03\/png-Parley-for-the-Oceans-fr21-300x84.jpg 300w, https:\/\/www.micro-mobility.fr\/blog\/wp-content\/uploads\/2022\/03\/png-Parley-for-the-Oceans-fr21-1024x288.jpg 1024w, https:\/\/www.micro-mobility.fr\/blog\/wp-content\/uploads\/2022\/03\/png-Parley-for-the-Oceans-fr21-768x216.jpg 768w\" sizes=\"(max-width: 1308px) 100vw, 1308px\" \/><\/p>\n<h2><\/h2>\n<p>&nbsp;<\/p>\n<h2>Qu&rsquo;est-ce que 1% pour la Plan\u00e8te ?<\/h2>\n<p>1% for the Planet est une organisation internationale \u00e0 but non lucratif d\u00e9di\u00e9e au bien-\u00eatre de notre plan\u00e8te et de son avenir g\u00e9n\u00e9rations.<\/p>\n<p>Il incite les entreprises et les particuliers \u00e0 soutenir les organisations environnementales \u00e0 but non lucratif par le biais de leurs adh\u00e9sions et gestes quotidiens.<\/p>\n<p>Depuis sa fondation en 2002, ses membres ont fait don de plus de 265 millions de dollars \u00e0 des organisations environnementales \u00e0 but non lucratif.<\/p>\n<p>Ainsi, les b\u00e9n\u00e9fices revers\u00e9s par <a href=\"https:\/\/www.micro-mobility.fr\/\">Micro<\/a> soutiennent Parley\u2019s Programmes \u00e9ducatifs, dans le but de fournir un acc\u00e8s mondial \u00e0 l&rsquo;\u00e9ducation, aux outils et exp\u00e9riences tout en \u00e9tant tourn\u00e9e vers la conservation marine. \ud83d\udc20<\/p>\n<h4><\/h4>\n<p>&nbsp;<\/p>\n<h4><strong>Qui est Parley ?\u00a0<\/strong><\/h4>\n<p><a href=\"https:\/\/www.parley.tv\/#fortheoceans\"><span style=\"font-weight: 400;\">Parley for the Oceans<\/span><\/a><span style=\"font-weight: 400;\"> est un r\u00e9seau mondial o\u00f9 de nombreux acteurs se r\u00e9unissent pour prendre conscience de la beaut\u00e9 et de la fragilit\u00e9 des oc\u00e9ans afin de collaborer sur des projets communs pour aider \u00e0 mettre fin \u00e0 leur destruction. \ud83c\udf0a<\/span><\/p>\n<p><span style=\"font-weight: 400;\">\u00c0 ce jour, Parley a form\u00e9 des alliances avec des marques et des organisations comme <\/span><a href=\"https:\/\/www.adidas.fr\/parley\"><span style=\"font-weight: 400;\">Adidas<\/span><\/a><span style=\"font-weight: 400;\">, <\/span><a href=\"https:\/\/about.americanexpress.com\/newsroom\/press-releases\/news-details\/2019\/American-Express-and-Parley-for-the-Oceans-Announce-First-Ever-Card-Made-Primarily-with-Reclaimed-Plastic-from-Parley-and-Launch-a-Global-Campaign-to-BackOurOceans-09-16-2019\/default.aspx\"><span style=\"font-weight: 400;\">American Express<\/span><\/a><span style=\"font-weight: 400;\">, <\/span><a href=\"https:\/\/www.parley.tv\/un-x-parley-general-assembly\"><span style=\"font-weight: 400;\">United Nations<\/span><\/a><span style=\"font-weight: 400;\"> ou la Banque Mondiale &#8211; The World Bank. \ud83d\ude4c\ud83c\udffc<\/span><\/p>\n<p>&nbsp;<\/p>\n<p>Les b\u00e9n\u00e9fices de Micro soutiennent les programmes \u00e9ducatifs de Parley, dans le but de fournir un acc\u00e8s mondial \u00e0 l&rsquo;\u00e9ducation, aux outils et aux exp\u00e9riences oc\u00e9aniques, d&rsquo;inspirer la conservation marine et de renforcer un r\u00e9seau de leaders influents : Ocean Guardians.<\/p>\n<p>Apprenez-en plus sur Parley et sa mission sur <a href=\"https:\/\/www.parley.tv\/#fortheoceans\">www.parley.tv<\/a>.<\/p>\n<p>&nbsp;<\/p>\n<h4><strong>En quoi co<\/strong><strong>nsistent les programmes d&rsquo;\u00e9ducation de Parley ?\u00a0<\/strong><\/h4>\n<p>Les programmes d&rsquo;\u00e9ducation de Parley comprennent plusieurs initiatives\u00a0:<\/p>\n<ul>\n<li><em><strong>Ocean Schools<\/strong><\/em> : une approche immersive de l&rsquo;\u00e9ducation \u00e0 l&rsquo;environnement visant \u00e0 favoriser une relation personnelle avec l&rsquo;oc\u00e9an, \u00e0 inspirer la conservation des oc\u00e9ans et \u00e0 former une nouvelle classe d&rsquo;ambassadeurs de l&rsquo;oc\u00e9an.<\/li>\n<li><em><strong>Stations AIR<\/strong><\/em> : syst\u00e8mes de conteneurs modulaires ou espaces \u00e9ducatifs qui servent de plaques tournantes pour la collaboration, la sensibilisation, l&rsquo;exploration et l&rsquo;activisme.<\/li>\n<li><em><strong>Sommets Ocean Uprise<\/strong><\/em>\u00a0: sommets de 5\u00a0jours ax\u00e9s sur la compr\u00e9hension scientifique et culturelle de l&rsquo;environnement marin et<br \/>\nco-cr\u00e9er des solutions, avec des conf\u00e9renciers, des \u00e9ducateurs et des invit\u00e9s sp\u00e9ciaux de classe mondiale.<\/li>\n<li><em><strong>Nettoyage des oc\u00e9ans<\/strong><\/em> : retirez les d\u00e9bris de plastique des plages, des \u00eeles \u00e9loign\u00e9es, des rivi\u00e8res, des mangroves et de la haute mer.<\/li>\n<li><em><strong>\u00c9v\u00e9nements<\/strong><\/em> : tels que la Semaine mondiale des oc\u00e9ans, Run for the Oceans et Ocean2Ocean, donnent un aper\u00e7u de l&rsquo;\u00e9tat des oc\u00e9ans dans le but de sensibiliser, de cr\u00e9er des collaborations et d&rsquo;obtenir du soutien pour des initiatives, des projets et des solutions.<\/li>\n<\/ul>\n<h4><\/h4>\n<p>&nbsp;<\/p>\n<h4><strong>Pourquoi Micro Mobility soutient des associations environnementales ?\u00a0<\/strong><\/h4>\n<p>Pour Wim Ouboter, fondateur de Micro-Mobility Systems \u00ab Aujourd&rsquo;hui, nous savons que les d\u00e9fis auxquels notre monde est confront\u00e9 sont trop grands pour qu&rsquo;une seule personne ou une organisation puisse les r\u00e9soudre seule. Pour faire un changement positif et significatif, nous devons tous travailler ensemble. Les entreprises\u00a0comme la n\u00f4tre ont une obligation encore plus grande d&rsquo;aider. Notre partenariat avec 1% for the Planet est un autre pas dans la bonne direction \u00bb<\/p>\n<p>&nbsp;<\/p>\n<p><strong>Une belle initiative non ? <\/strong>\ud83d\udc99<\/p>\n<p>&nbsp;<\/p>\n<hr \/>\n<p><strong>Retrouvez-nous sur nos diff\u00e9rents r\u00e9seaux :<\/strong><\/p>\n<p>&nbsp;<\/p>\n<p><strong><img decoding=\"async\" loading=\"lazy\" class=\"wp-image-1271 alignleft\" src=\"https:\/\/www.micro-mobility.fr\/blog\/wp-content\/uploads\/2018\/10\/instagram-logo-transparent-png-571.png\" sizes=\"(max-width: 53px) 100vw, 53px\" srcset=\"https:\/\/www.micro-mobility.fr\/blog\/wp-content\/uploads\/2018\/10\/instagram-logo-transparent-png-571.png 1000w, https:\/\/www.micro-mobility.fr\/blog\/wp-content\/uploads\/2018\/10\/instagram-logo-transparent-png-571-300x300.png 300w, https:\/\/www.micro-mobility.fr\/blog\/wp-content\/uploads\/2018\/10\/instagram-logo-transparent-png-571-150x150.png 150w, https:\/\/www.micro-mobility.fr\/blog\/wp-content\/uploads\/2018\/10\/instagram-logo-transparent-png-571-768x768.png 768w\" alt=\"\" width=\"53\" height=\"53\" \/><\/strong>Suivez-nous sur notre compte Instagram pour retrouver nos aventures !<\/p>\n<p><a href=\"https:\/\/www.instagram.com\/micromobilityfrance\/?hl=fr\" target=\"_blank\" rel=\"noopener noreferrer\"><strong>@micromobilityfrance<\/strong><\/a><\/p>\n<p>&nbsp;<\/p>\n<p><strong><img decoding=\"async\" loading=\"lazy\" class=\"wp-image-1272 alignleft\" src=\"https:\/\/www.micro-mobility.fr\/blog\/wp-content\/uploads\/2018\/10\/584ac2d03ac3a570f94a666d.png\" sizes=\"(max-width: 50px) 100vw, 50px\" srcset=\"https:\/\/www.micro-mobility.fr\/blog\/wp-content\/uploads\/2018\/10\/584ac2d03ac3a570f94a666d.png 250w, https:\/\/www.micro-mobility.fr\/blog\/wp-content\/uploads\/2018\/10\/584ac2d03ac3a570f94a666d-150x150.png 150w\" alt=\"\" width=\"50\" height=\"50\" \/><\/strong><\/p>\n<p>Retrouvez-nous sur notre page Facebook pour suivre nos aventures !<\/p>\n<p><a href=\"https:\/\/www.facebook.com\/MicroMobilityFrance\/\" target=\"_blank\" rel=\"noopener noreferrer\"><strong>Micro Mobility France<\/strong><\/a><\/p>\n<p>&nbsp;<\/p>\n<p><img decoding=\"async\" loading=\"lazy\" class=\"alignleft wp-image-2115\" src=\"https:\/\/www.micro-mobility.fr\/blog\/wp-content\/uploads\/2018\/07\/linkedin-300x300.png\" sizes=\"(max-width: 50px) 100vw, 50px\" srcset=\"https:\/\/www.micro-mobility.fr\/blog\/wp-content\/uploads\/2018\/07\/linkedin-300x300.png 300w, https:\/\/www.micro-mobility.fr\/blog\/wp-content\/uploads\/2018\/07\/linkedin-150x150.png 150w, https:\/\/www.micro-mobility.fr\/blog\/wp-content\/uploads\/2018\/07\/linkedin.png 512w\" alt=\"\" width=\"50\" height=\"50\" \/>Rendez-vous \u00e9galement sur notre compte Linkedin pour suivre nos actualit\u00e9s !<\/p>\n<p><strong><a href=\"https:\/\/www.linkedin.com\/company\/micro-mobility-france\/?viewAsMember=true\" target=\"_blank\" rel=\"nofollow noopener\">Micro Mobility France<\/a><\/strong><\/p>\n<p>&nbsp;<\/p>\n<p><img decoding=\"async\" loading=\"lazy\" class=\"wp-image-1289 alignleft\" src=\"https:\/\/www.micro-mobility.fr\/blog\/wp-content\/uploads\/2020\/11\/580b57fcd9996e24bc43c545.png\" sizes=\"(max-width: 50px) 100vw, 50px\" srcset=\"https:\/\/www.micro-mobility.fr\/blog\/wp-content\/uploads\/2020\/11\/580b57fcd9996e24bc43c545.png 1024w, https:\/\/www.micro-mobility.fr\/blog\/wp-content\/uploads\/2020\/11\/580b57fcd9996e24bc43c545-300x211.png 300w, https:\/\/www.micro-mobility.fr\/blog\/wp-content\/uploads\/2020\/11\/580b57fcd9996e24bc43c545-768x541.png 768w\" alt=\"\" width=\"50\" height=\"35\" \/><\/p>\n<p>Pour voir nos tutoriels SAV et toutes nos vid\u00e9os autour de Micro, rendez-vous sur notre cha\u00eene YouTube !<\/p>\n<p><a href=\"https:\/\/www.youtube.com\/channel\/UCsLJ7ihEkJGE-pmGQDE1H7w\/featured?view_as=subscriber\" target=\"_blank\" rel=\"nofollow noopener noreferrer\"><strong>Micro Mobility France<\/strong><\/a><\/p>\n","protected":false},"excerpt":{"rendered":"<p>Aujourd&rsquo;hui, le 8 Juin, nous c\u00e9l\u00e9brons la Journ\u00e9e Mondiale des Oc\u00e9ans. Cette journ\u00e9e repr\u00e9sente un gros enjeux pour lutter contre la pollution maritime et am\u00e9liorer l&rsquo;avenir des oc\u00e9ans.<\/p>\n","protected":false},"author":6,"featured_media":2431,"comment_status":"closed","ping_status":"open","sticky":false,"template":"","format":"standard","meta":[],"categories":[1,4,6],"tags":[152,134,203,14,39,202],"aioseo_notices":[],"_links":{"self":[{"href":"https:\/\/www.micro-mobility.fr\/blog\/wp-json\/wp\/v2\/posts\/2250"}],"collection":[{"href":"https:\/\/www.micro-mobility.fr\/blog\/wp-json\/wp\/v2\/posts"}],"about":[{"href":"https:\/\/www.micro-mobility.fr\/blog\/wp-json\/wp\/v2\/types\/post"}],"author":[{"embeddable":true,"href":"https:\/\/www.micro-mobility.fr\/blog\/wp-json\/wp\/v2\/users\/6"}],"replies":[{"embeddable":true,"href":"https:\/\/www.micro-mobility.fr\/blog\/wp-json\/wp\/v2\/comments?post=2250"}],"version-history":[{"count":16,"href":"https:\/\/www.micro-mobility.fr\/blog\/wp-json\/wp\/v2\/posts\/2250\/revisions"}],"predecessor-version":[{"id":2454,"href":"https:\/\/www.micro-mobility.fr\/blog\/wp-json\/wp\/v2\/posts\/2250\/revisions\/2454"}],"wp:featuredmedia":[{"embeddable":true,"href":"https:\/\/www.micro-mobility.fr\/blog\/wp-json\/wp\/v2\/media\/2431"}],"wp:attachment":[{"href":"https:\/\/www.micro-mobility.fr\/blog\/wp-json\/wp\/v2\/media?parent=2250"}],"wp:term":[{"taxonomy":"category","embeddable":true,"href":"https:\/\/www.micro-mobility.fr\/blog\/wp-json\/wp\/v2\/categories?post=2250"},{"taxonomy":"post_tag","embeddable":true,"href":"https:\/\/www.micro-mobility.fr\/blog\/wp-json\/wp\/v2\/tags?post=2250"}],"curies":[{"name":"wp","href":"https:\/\/api.w.org\/{rel}","templated":true}]}}