{"id":2263,"date":"2022-05-09T12:17:05","date_gmt":"2022-05-09T10:17:05","guid":{"rendered":"https:\/\/www.micro-mobility.fr\/blog\/?p=2263"},"modified":"2025-03-10T14:07:29","modified_gmt":"2025-03-10T13:07:29","slug":"casque-trottinettes-electriques","status":"publish","type":"post","link":"https:\/\/www.micro-mobility.fr\/blog\/casque-trottinettes-electriques\/","title":{"rendered":"Le casque est-il obligatoire en trottinettes \u00e9lectriques ?"},"content":{"rendered":"<p><span style=\"font-weight: 400;\">Depuis la cr\u00e9ation des <a href=\"https:\/\/www.micro-mobility.fr\/116-trottinette-electrique\">trottinettes \u00e9lectriques<\/a>, le nombre de bless\u00e9s ne cesse d\u2019augmenter. On le sait, l\u2019utilisation d\u2019engins motoris\u00e9s pr\u00e9sente de nombreux risques que ce soit pour l\u2019utilisateur ou pour les personnes externes.\u00a0<\/span><\/p>\n<p><span style=\"font-weight: 400;\">Mais la question \u00e0 se poser est : Quels \u00e9quipements sont obligatoires pour les utilisateurs de trottinettes \u00e9lectriques ? Le casque ? Le gilet r\u00e9fl\u00e9chissant ?<\/span><\/p>\n<p><span style=\"font-weight: 400;\">Vous trouverez toutes les r\u00e9ponses \u00e0 vos questions<\/span> <span style=\"font-weight: 400;\">dans notre article.\u00a0<\/span><\/p>\n<p><img decoding=\"async\" loading=\"lazy\" class=\"aligncenter wp-image-2322\" src=\"https:\/\/www.micro-mobility.fr\/blog\/wp-content\/uploads\/2022\/05\/MicrosoftTeams-image-3-scaled.jpg\" alt=\"Image de trottinette \u00e9lectrique\" width=\"805\" height=\"453\" srcset=\"https:\/\/www.micro-mobility.fr\/blog\/wp-content\/uploads\/2022\/05\/MicrosoftTeams-image-3-scaled.jpg 2560w, https:\/\/www.micro-mobility.fr\/blog\/wp-content\/uploads\/2022\/05\/MicrosoftTeams-image-3-300x169.jpg 300w, https:\/\/www.micro-mobility.fr\/blog\/wp-content\/uploads\/2022\/05\/MicrosoftTeams-image-3-1024x576.jpg 1024w, https:\/\/www.micro-mobility.fr\/blog\/wp-content\/uploads\/2022\/05\/MicrosoftTeams-image-3-768x432.jpg 768w, https:\/\/www.micro-mobility.fr\/blog\/wp-content\/uploads\/2022\/05\/MicrosoftTeams-image-3-1536x864.jpg 1536w, https:\/\/www.micro-mobility.fr\/blog\/wp-content\/uploads\/2022\/05\/MicrosoftTeams-image-3-2048x1152.jpg 2048w\" sizes=\"(max-width: 805px) 100vw, 805px\" \/><\/p>\n<p>&nbsp;<\/p>\n<h1>Les r\u00e9glementations concernant les EDPM<\/h1>\n<p><span style=\"font-weight: 400;\">Depuis 2019, les EDPM (Engins de D\u00e9placements Personnels Motoris\u00e9s) ont \u00e9t\u00e9 introduits dans le <strong>code de la route<\/strong>, ce qui a permis de clarifier les r\u00e8gles concernant leur usage.\u00a0<\/span><\/p>\n<p><span style=\"font-weight: 400;\">Les utilisateurs d\u2019EDPM ne sont donc plus consid\u00e9r\u00e9s comme des pi\u00e9tons, ils doivent donc respecter les r\u00e8gles du code de la route.\u00a0<\/span><\/p>\n<p>&nbsp;<\/p>\n<h2><b>Mais qu\u2019est<\/b> <b>ce que les EDPM ?<\/b><\/h2>\n<p><span style=\"font-weight: 400;\">Les Engins de D\u00e9placements Personnels Motoris\u00e9s sont des v\u00e9hicules n\u2019ayant pas de place assise et destin\u00e9s \u00e0 transporter uniquement un p<\/span>assager. Les moteurs sont non-thermiques. Les EDPM comprennent les hoverboards, les gyropodes, les monoroues et les trottinettes \u00e9lectriques.<\/p>\n<p><span style=\"font-weight: 400;\">Tandis que les EDP sont des Engins de D\u00e9placements Personnels non motoris\u00e9s, comme par exemple, les skates, rollers, trottinettes <\/span><span style=\"font-weight: 400;\">non motoris\u00e9es. Le code de la route assimile ces engins \u00e0 des pi\u00e9tons selon l\u2019article R 412-34, alors qu\u2019il assimile les EDPM \u00e0 des v\u00e9los.\u00a0<\/span><\/p>\n<p>&nbsp;<\/p>\n<h4><b>Quelques r\u00e8gles pour les EDPM<\/b><\/h4>\n<p>&nbsp;<\/p>\n<h2><img decoding=\"async\" loading=\"lazy\" class=\"alignleft wp-image-2285\" src=\"https:\/\/www.micro-mobility.fr\/blog\/wp-content\/uploads\/2022\/04\/Micro-Explorer-scaled.jpg\" alt=\"Trottinette \u00e9lectrique Micro Mobility \" width=\"272\" height=\"408\" srcset=\"https:\/\/www.micro-mobility.fr\/blog\/wp-content\/uploads\/2022\/04\/Micro-Explorer-scaled.jpg 1707w, https:\/\/www.micro-mobility.fr\/blog\/wp-content\/uploads\/2022\/04\/Micro-Explorer-200x300.jpg 200w, https:\/\/www.micro-mobility.fr\/blog\/wp-content\/uploads\/2022\/04\/Micro-Explorer-683x1024.jpg 683w, https:\/\/www.micro-mobility.fr\/blog\/wp-content\/uploads\/2022\/04\/Micro-Explorer-768x1152.jpg 768w, https:\/\/www.micro-mobility.fr\/blog\/wp-content\/uploads\/2022\/04\/Micro-Explorer-1024x1536.jpg 1024w, https:\/\/www.micro-mobility.fr\/blog\/wp-content\/uploads\/2022\/04\/Micro-Explorer-1365x2048.jpg 1365w\" sizes=\"(max-width: 272px) 100vw, 272px\" \/><\/h2>\n<p>&nbsp;<\/p>\n<p><span style=\"font-weight: 400;\">Les EDPM doivent donc circuler \u00e0 la <strong>vit<\/strong><\/span><strong>esse maximale de 25 km\/h<\/strong> sur une piste cyclable lorsqu\u2019elle existe, toujours dans le sens de la circulation. Sinon, les utilisateurs doivent se d\u00e9placer dans les zones suivantes :<\/p>\n<p style=\"padding-left: 40px;\"><span style=\"font-weight: 400;\">\u21d2 Les routes o\u00f9 la vitesse autoris\u00e9e maximale est de 50 km\/h. Les conducteurs d\u2019EDPM ne doivent jamais rouler de front sur la chauss\u00e9e. Ils ne doivent pas exc\u00e9der <strong>les 25 km\/h.<\/strong><\/span><\/p>\n<p style=\"padding-left: 40px;\"><span style=\"font-weight: 400;\">\u21d2 Les aires pi\u00e9tonnes \u00e0 condition de ne pas exc\u00e9der les 6 km\/h, et de ne pas d\u00e9ranger les pi\u00e9tons.\u00a0<\/span><\/p>\n<p style=\"padding-left: 40px;\"><span style=\"font-weight: 400;\">\u21d2 Les trottoirs <\/span>si le maire l\u2019autorise<span style=\"font-weight: 400;\">, dans ce cas, la vitesse maximale autoris\u00e9e est de 6 km\/h.<\/span><\/p>\n<p style=\"padding-left: 40px;\"><span style=\"font-weight: 400;\">\u21d2 Par d\u00e9rogation, l\u2019autorit\u00e9 investie du pouvoir de police de la circulation peut autoriser la circulation sur les routes dont la vitesse maximale autoris\u00e9e est de 80 km\/h, sous r\u00e9serve que l\u2019\u00e9tat et le profil de la chauss\u00e9e ainsi que les conditions de trafic le permettent.<\/span><\/p>\n<p>&nbsp;<\/p>\n<p>&nbsp;<\/p>\n<p>&nbsp;<\/p>\n<h2><\/h2>\n<h2><strong>Trottinettes \u00e9lectriques, \u00e0 partir de quel \u00e2ge ?<\/strong><\/h2>\n<p><span style=\"font-weight: 400;\">Les trottinettes \u00e9lectriques sont autoris\u00e9es pour les <strong>enfants de plus de 12 ans<\/strong>.\u00a0<\/span><\/p>\n<p><span style=\"font-weight: 400;\">Le fait de ne pas respecter les r\u00e8gles du Gouvernement est puni d\u2019une amende pr\u00e9vue pour les contraventions de la deuxi\u00e8me classe.<\/span><\/p>\n<p>&nbsp;<\/p>\n<h2><b>Mais alors les casques sont obligatoires ou pas ?<\/b><\/h2>\n<p><span style=\"font-weight: 400;\">Selon la S\u00e9curit\u00e9 Routi\u00e8re France, le port du casque n\u2019est pas obligatoire pour les conducteurs de trottinettes \u00e9lectriques mais il reste <\/span><span style=\"color: #e60000;\"><b>fortement conseill\u00e9<\/b><span style=\"font-weight: 400;\">.\u00a0<\/span><\/span><\/p>\n<p><span style=\"font-weight: 400;\">Il est obligatoire dans le cas de la circulation sur une route don<\/span><span style=\"font-weight: 400;\">t la vitesse maximale est de 80 km\/h, le conducteur doit se conformer \u00e0 plusieurs r\u00e8gles\u00a0 :\u00a0<\/span><\/p>\n<ul>\n<li style=\"font-weight: 400;\" aria-level=\"1\"><span style=\"font-weight: 400;\">Il doit obligatoirement porter un casque conforme \u00e0 la r\u00e9glementation et attach\u00e9.<\/span><\/li>\n<li style=\"font-weight: 400;\" aria-level=\"1\"><span style=\"font-weight: 400;\">Il doit porter un gilet de haute visibilit\u00e9, ou un \u00e9quipement r\u00e9tro-r\u00e9fl\u00e9chissant<\/span><\/li>\n<li style=\"font-weight: 400;\" aria-level=\"1\"><span style=\"font-weight: 400;\">Il\u00a0doit porter sur lui un dispositif d\u2019\u00e9clairage compl\u00e9mentaire non \u00e9blouissant et on clignotant\u00a0<\/span><\/li>\n<li style=\"font-weight: 400;\" aria-level=\"1\"><span style=\"font-weight: 400;\">Il doit circuler avec les feux de position allum\u00e9s de jour comme de nuit.<\/span><\/li>\n<\/ul>\n<p><span style=\"font-weight: 400;\">Micro vous <strong>recommande vivement de vous d\u00e9placer avec un casque adapt\u00e9<\/strong>. Nous vous proposons une large gamme de casque qui pourra s\u2019adapter \u00e0 toutes vos envies et besoins, par exemple :\u00a0<\/span><\/p>\n<p><a href=\"https:\/\/www.micro-mobility.fr\/1287-casque-micro-noir.html\"><img decoding=\"async\" loading=\"lazy\" class=\"alignleft wp-image-2280\" src=\"https:\/\/www.micro-mobility.fr\/blog\/wp-content\/uploads\/2022\/04\/small-Micro-Helmet-Black-V2-270x300.jpg\" alt=\"Casque Noir Micro-Mobility\" width=\"100\" height=\"111\" srcset=\"https:\/\/www.micro-mobility.fr\/blog\/wp-content\/uploads\/2022\/04\/small-Micro-Helmet-Black-V2-270x300.jpg 270w, https:\/\/www.micro-mobility.fr\/blog\/wp-content\/uploads\/2022\/04\/small-Micro-Helmet-Black-V2.jpg 432w\" sizes=\"(max-width: 100px) 100vw, 100px\" \/><\/a><\/p>\n<p>&nbsp;<\/p>\n<p style=\"padding-left: 80px;\"><span style=\"font-weight: 400;\">Le <\/span><a href=\"https:\/\/www.micro-mobility.fr\/1287-casque-micro-noir.html\"><span style=\"font-weight: 400;\">casque Noir<\/span><\/a><span style=\"font-weight: 400;\"> : Le casque qui r\u00e9pond aux normes de s\u00e9curit\u00e9 europ\u00e9ennes strictes pour les ados et les adultes avec une coque moul\u00e9e en ABS, un rembourrage int\u00e9rieur amovible et lavable \u00e0 la main et 10 a\u00e9rations pour plus de confort et de s\u00e9curit\u00e9.<\/span><\/p>\n<p>&nbsp;<\/p>\n<p><a href=\"https:\/\/www.micro-mobility.fr\/1741-casque-micro-smart-led-noir.html\"><span style=\"font-weight: 400;\"><img decoding=\"async\" loading=\"lazy\" class=\"alignleft wp-image-2318\" src=\"https:\/\/www.micro-mobility.fr\/blog\/wp-content\/uploads\/2022\/05\/png-Micro-Smart-Helmet-M-4.png\" alt=\"Casque LED Bluetooth Micro-Mobility\" width=\"138\" height=\"147\" srcset=\"https:\/\/www.micro-mobility.fr\/blog\/wp-content\/uploads\/2022\/05\/png-Micro-Smart-Helmet-M-4.png 4448w, https:\/\/www.micro-mobility.fr\/blog\/wp-content\/uploads\/2022\/05\/png-Micro-Smart-Helmet-M-4-281x300.png 281w, https:\/\/www.micro-mobility.fr\/blog\/wp-content\/uploads\/2022\/05\/png-Micro-Smart-Helmet-M-4-961x1024.png 961w, https:\/\/www.micro-mobility.fr\/blog\/wp-content\/uploads\/2022\/05\/png-Micro-Smart-Helmet-M-4-768x819.png 768w, https:\/\/www.micro-mobility.fr\/blog\/wp-content\/uploads\/2022\/05\/png-Micro-Smart-Helmet-M-4-1441x1536.png 1441w, https:\/\/www.micro-mobility.fr\/blog\/wp-content\/uploads\/2022\/05\/png-Micro-Smart-Helmet-M-4-1921x2048.png 1921w\" sizes=\"(max-width: 138px) 100vw, 138px\" \/><\/span><\/a><\/p>\n<p>&nbsp;<\/p>\n<p style=\"padding-left: 40px;\"><span style=\"font-weight: 400;\">Le <\/span><a href=\"https:\/\/www.micro-mobility.fr\/1741-casque-micro-smart-led-noir.html\"><span style=\"font-weight: 400;\">casque Smart LED<\/span><\/a><span style=\"font-weight: 400;\"> : Le casque LED connect\u00e9 en Bluetooth pour des d\u00e9placements s\u00e9curis\u00e9s de jour comme de nuit. Ce casque est \u00e9quip\u00e9 de lumi\u00e8res LED blanches \u00e0 l\u2019avant et rouges \u00e0 l\u2019arri\u00e8re et fonctionne \u00e0 l&rsquo;aide d&rsquo;une t\u00e9l\u00e9commande qui se placer directement sur le guidon de la trottinette.<\/span><\/p>\n<p>&nbsp;<\/p>\n<p>&nbsp;<\/p>\n<h4><\/h4>\n<h4><b>Quels \u00e9quipements sont obligatoires en trottinettes \u00e9lectriques ?<\/b><\/h4>\n<p><span style=\"font-weight: 400;\">M\u00eame si le port du c<\/span>asque n\u2019est pas obligatoire, le Gouvernement Fran\u00e7ais insiste sur <strong>d\u2019autres \u00e9quipements obligatoires<\/strong> \u00e0 avoir lors d\u2019un d\u00e9placement en trottinettes \u00e9lectriques et autres EDPM.<\/p>\n<p><span style=\"font-weight: 400;\">La trottinette doit donc \u00eatre \u00e9quip\u00e9e :\u00a0<\/span><\/p>\n<p><a href=\"https:\/\/www.securite-routiere.gouv.fr\/reglementation-liee-aux-modes-de-deplacements\/reglementation-des-edpm#:~:text=R%C3%A8gles%20g%C3%A9n%C3%A9rales&amp;text=La%20conduite%20d'un%20EDPM,le%20t%C3%A9l%C3%A9phone%20tenu%20en%20main.\"><img decoding=\"async\" loading=\"lazy\" class=\"alignleft wp-image-2319\" src=\"https:\/\/www.micro-mobility.fr\/blog\/wp-content\/uploads\/2022\/05\/sr_trottinette_equipement.png\" alt=\"Equipements obligatoires trottinette \u00e9lectrique\" width=\"466\" height=\"466\" srcset=\"https:\/\/www.micro-mobility.fr\/blog\/wp-content\/uploads\/2022\/05\/sr_trottinette_equipement.png 768w, https:\/\/www.micro-mobility.fr\/blog\/wp-content\/uploads\/2022\/05\/sr_trottinette_equipement-300x300.png 300w, https:\/\/www.micro-mobility.fr\/blog\/wp-content\/uploads\/2022\/05\/sr_trottinette_equipement-150x150.png 150w\" sizes=\"(max-width: 466px) 100vw, 466px\" \/><\/a><\/p>\n<p>&nbsp;<\/p>\n<p>&nbsp;<\/p>\n<ul>\n<li style=\"font-weight: 400;\" aria-level=\"1\">D\u2019<strong>\u00e9quipements r\u00e9tro-r\u00e9fl\u00e9chissant<\/strong> arri\u00e8res et lat\u00e9raux en cas de circulation la nuit ou de visibilit\u00e9 insuffisante la journ\u00e9e<\/li>\n<li style=\"font-weight: 400;\" aria-level=\"1\"><span style=\"font-weight: 400;\">D\u2019un <strong>syst\u00e8me de freinage<\/strong>\u00a0<\/span><\/li>\n<li style=\"font-weight: 400;\" aria-level=\"1\"><span style=\"font-weight: 400;\">D\u2019un <strong>avertisseur sonore<\/strong> (sonnette ou klaxon)<\/span><\/li>\n<li style=\"font-weight: 400;\" aria-level=\"1\"><span style=\"font-weight: 400;\">De <strong>feux<\/strong> (avant et arri\u00e8re)<\/span><\/li>\n<\/ul>\n<p>&nbsp;<\/p>\n<p>Vous trouverez <a href=\"https:\/\/www.securite-routiere.gouv.fr\/reglementation-liee-aux-modes-de-deplacements\/reglementation-des-edpm#:~:text=R%C3%A8gles%20g%C3%A9n%C3%A9rales&amp;text=La%20conduite%20d'un%20EDPM,le%20t%C3%A9l%C3%A9phone%20tenu%20en%20main.\">ici<\/a> toutes les r\u00e9glementations li\u00e9es aux EDPM.<\/p>\n<p>&nbsp;<\/p>\n<p>&nbsp;<\/p>\n<p>&nbsp;<\/p>\n<p>&nbsp;<\/p>\n<p>&nbsp;<\/p>\n<p>&nbsp;<\/p>\n<p><span style=\"font-weight: 400;\">N\u2019h\u00e9sitez pas \u00e0 visiter notre site <\/span><a href=\"https:\/\/www.micro-mobility.fr\/\"><span style=\"font-weight: 400;\">Micro Mobility<\/span><\/a><span style=\"font-weight: 400;\"> et d\u00e9couvrir notre gamme d\u2019accessoires qui permettent de voir, d\u2019\u00eatre vu et de se faire entendre.\u00a0<\/span><\/p>\n<p><span style=\"font-weight: 400;\">Nous vous proposons entre autres :\u00a0<\/span><\/p>\n<p><a href=\"https:\/\/www.micro-mobility.fr\/1356-lumiere-deluxe-noir.html\"><span style=\"font-weight: 400;\"><img decoding=\"async\" loading=\"lazy\" class=\"wp-image-2268 alignleft\" src=\"https:\/\/www.micro-mobility.fr\/blog\/wp-content\/uploads\/2022\/04\/medium-Micro-Light-Deluxe-Black-V2.jpg\" alt=\"\" width=\"113\" height=\"100\" srcset=\"https:\/\/www.micro-mobility.fr\/blog\/wp-content\/uploads\/2022\/04\/medium-Micro-Light-Deluxe-Black-V2.jpg 862w, https:\/\/www.micro-mobility.fr\/blog\/wp-content\/uploads\/2022\/04\/medium-Micro-Light-Deluxe-Black-V2-300x267.jpg 300w, https:\/\/www.micro-mobility.fr\/blog\/wp-content\/uploads\/2022\/04\/medium-Micro-Light-Deluxe-Black-V2-768x684.jpg 768w\" sizes=\"(max-width: 113px) 100vw, 113px\" \/> <\/span><\/a><\/p>\n<p>&nbsp;<\/p>\n<p><span style=\"font-weight: 400;\">La <\/span><a href=\"https:\/\/www.micro-mobility.fr\/1356-lumiere-deluxe-noir.html\"><span style=\"font-weight: 400;\">lumi\u00e8re Deluxe Noir<\/span><\/a><span style=\"font-weight: 400;\"> qui est l\u2019accessoire indispensable pour \u00eatre vu dans la nuit. <\/span><i><span style=\"font-weight: 400;\">S\u2019adapte sur toutes les trottinettes Micro.<\/span><\/i><\/p>\n<p>&nbsp;<\/p>\n<p>&nbsp;<\/p>\n<p><a href=\"https:\/\/www.micro-mobility.fr\/1099-lumiere-led-clip-magnet.html\"><img decoding=\"async\" loading=\"lazy\" class=\"wp-image-2267 alignleft\" src=\"https:\/\/www.micro-mobility.fr\/blog\/wp-content\/uploads\/2022\/04\/medium-Magnet-Light.jpg\" alt=\"\" width=\"113\" height=\"92\" srcset=\"https:\/\/www.micro-mobility.fr\/blog\/wp-content\/uploads\/2022\/04\/medium-Magnet-Light.jpg 948w, https:\/\/www.micro-mobility.fr\/blog\/wp-content\/uploads\/2022\/04\/medium-Magnet-Light-300x243.jpg 300w, https:\/\/www.micro-mobility.fr\/blog\/wp-content\/uploads\/2022\/04\/medium-Magnet-Light-768x622.jpg 768w\" sizes=\"(max-width: 113px) 100vw, 113px\" \/><\/a><\/p>\n<p>&nbsp;<\/p>\n<p><span style=\"font-weight: 400;\">La <\/span><a href=\"https:\/\/www.micro-mobility.fr\/1099-lumiere-led-clip-magnet.html\"><span style=\"font-weight: 400;\">lumi\u00e8re Magnet<\/span><\/a><span style=\"font-weight: 400;\"> qui se clipse sur les v\u00eatements et qui permet d\u2019\u00eatre vu dans la nuit<\/span><\/p>\n<p>&nbsp;<\/p>\n<p>&nbsp;<\/p>\n<p><img decoding=\"async\" loading=\"lazy\" class=\"wp-image-2331 alignleft\" src=\"https:\/\/www.micro-mobility.fr\/blog\/wp-content\/uploads\/2022\/05\/png-Bell-Black.png\" alt=\"\" width=\"116\" height=\"117\" srcset=\"https:\/\/www.micro-mobility.fr\/blog\/wp-content\/uploads\/2022\/05\/png-Bell-Black.png 1206w, https:\/\/www.micro-mobility.fr\/blog\/wp-content\/uploads\/2022\/05\/png-Bell-Black-298x300.png 298w, https:\/\/www.micro-mobility.fr\/blog\/wp-content\/uploads\/2022\/05\/png-Bell-Black-1016x1024.png 1016w, https:\/\/www.micro-mobility.fr\/blog\/wp-content\/uploads\/2022\/05\/png-Bell-Black-150x150.png 150w, https:\/\/www.micro-mobility.fr\/blog\/wp-content\/uploads\/2022\/05\/png-Bell-Black-768x774.png 768w\" sizes=\"(max-width: 116px) 100vw, 116px\" \/><\/p>\n<p>&nbsp;<\/p>\n<p><span style=\"font-weight: 400;\">La <\/span><a href=\"https:\/\/www.micro-mobility.fr\/578-sonnette-noir.html\"><span style=\"font-weight: 400;\">sonnette<\/span><\/a><span style=\"font-weight: 400;\">, d\u00e9clin\u00e9e en diff\u00e9rents mod\u00e8les, est un bon moyen de signaler sa pr\u00e9sence.<\/span><\/p>\n<p><span style=\"font-weight: 400;\">\u00a0<\/span><\/p>\n<p>&nbsp;<\/p>\n<p>&nbsp;<\/p>\n<p><span style=\"font-weight: 400;\">Chez Micro, pour l\u2019achat d\u2019une trottinette \u00e9lectrique <\/span><a href=\"https:\/\/www.micro-mobility.fr\/1875-trottinette-electrique-micro-merlin-ii.html\"><span style=\"font-weight: 400;\">Micro Merlin grey<\/span><\/a><span style=\"font-weight: 400;\">, le gile<\/span><span style=\"font-weight: 400;\">t r\u00e9fl\u00e9chissant\u00a0 <\/span>vous est offert !<\/p>\n<p><span style=\"font-weight: 400;\"><a href=\"https:\/\/www.micro-mobility.fr\/1666-trottinette-electrique-micro-merlin-grey-edition.html?search_query=merlin&amp;results=5\"><img decoding=\"async\" loading=\"lazy\" class=\"alignleft wp-image-2245 \" src=\"https:\/\/www.micro-mobility.fr\/blog\/wp-content\/uploads\/2021\/09\/trottinette-electrique-micro-merlin-1.png\" alt=\"\" width=\"188\" height=\"251\" srcset=\"https:\/\/www.micro-mobility.fr\/blog\/wp-content\/uploads\/2021\/09\/trottinette-electrique-micro-merlin-1.png 800w, https:\/\/www.micro-mobility.fr\/blog\/wp-content\/uploads\/2021\/09\/trottinette-electrique-micro-merlin-1-225x300.png 225w, https:\/\/www.micro-mobility.fr\/blog\/wp-content\/uploads\/2021\/09\/trottinette-electrique-micro-merlin-1-768x1023.png 768w\" sizes=\"(max-width: 188px) 100vw, 188px\" \/><\/a><\/span><\/p>\n<p>&nbsp;<\/p>\n<p>&nbsp;<\/p>\n<p>Cette trottinette \u00e9lectrique sera id\u00e9ale pour les citadins \u00e0 la recherche d&rsquo;un mod\u00e8le compact et puissant !<\/p>\n<p>&nbsp;<\/p>\n<p>Il ne vous reste plus qu\u2019\u00e0 trouver le casque qui s&rsquo;adapte le mieux \u00e0 vos besoins.<\/p>\n<p>&nbsp;<\/p>\n<p>&nbsp;<\/p>\n<p>&nbsp;<\/p>\n<p>&nbsp;<\/p>\n<h4><b>P<\/b><b>ourquoi le port du casque n\u2019est pas obligatoire (mais fortement recommand\u00e9) ?\u00a0<\/b><\/h4>\n<p><span style=\"font-weight: 400;\">Le port du casque n\u2019<\/span><span style=\"font-weight: 400;\">est pas obligatoire pour les trottinettes \u00e9lectriques pour diff\u00e9rentes raisons.\u00a0<\/span><\/p>\n<p><span style=\"font-weight: 400;\">Selon les associations de cyclistes, rendre le port du casque obligatoire d\u00e9couragerait l\u2019utilisation des trottinettes \u00e9lectriques et autres EDPM. Le casque est vu comme un accessoire contraignant et encombrant, que l\u2019on ne saurait pas o\u00f9 ranger. Cette obligation limiterait donc les utilisateurs amateurs de mode de d\u00e9placements doux.\u00a0<\/span><\/p>\n<p><span style=\"font-weight: 400;\">De plus, cela co<\/span><span style=\"font-weight: 400;\">mpliquerait les soci\u00e9t\u00e9s de trottinettes en libre-service. Plusieurs questions se posent pour eux, o\u00f9 placer le casque sur la trottinette, question hygi\u00e8ne, les vols\u2026<\/span><\/p>\n<p><img decoding=\"async\" loading=\"lazy\" class=\"wp-image-2348 aligncenter\" src=\"https:\/\/www.micro-mobility.fr\/blog\/wp-content\/uploads\/2022\/05\/Blue-Modern-Watercolor-Flowers-Paper-Quote-Animated-Instagram-Post-1.png\" alt=\"\" width=\"483\" height=\"483\" srcset=\"https:\/\/www.micro-mobility.fr\/blog\/wp-content\/uploads\/2022\/05\/Blue-Modern-Watercolor-Flowers-Paper-Quote-Animated-Instagram-Post-1.png 1080w, https:\/\/www.micro-mobility.fr\/blog\/wp-content\/uploads\/2022\/05\/Blue-Modern-Watercolor-Flowers-Paper-Quote-Animated-Instagram-Post-1-300x300.png 300w, https:\/\/www.micro-mobility.fr\/blog\/wp-content\/uploads\/2022\/05\/Blue-Modern-Watercolor-Flowers-Paper-Quote-Animated-Instagram-Post-1-1024x1024.png 1024w, https:\/\/www.micro-mobility.fr\/blog\/wp-content\/uploads\/2022\/05\/Blue-Modern-Watercolor-Flowers-Paper-Quote-Animated-Instagram-Post-1-150x150.png 150w, https:\/\/www.micro-mobility.fr\/blog\/wp-content\/uploads\/2022\/05\/Blue-Modern-Watercolor-Flowers-Paper-Quote-Animated-Instagram-Post-1-768x768.png 768w\" sizes=\"(max-width: 483px) 100vw, 483px\" \/><\/p>\n<p><span style=\"font-weight: 400;\">Le port du casque permet de r\u00e9duire fortement les risques de blessures, c\u2019est pourquoi nous vous recommandons d\u2019en porter un lors de vos d\u00e9placements.\u00a0<\/span><\/p>\n<p><span style=\"font-weight: 400;\">Retrouvez notre gamme de casques et accessoires sur notre site <a href=\"https:\/\/www.micro-mobility.fr\/\">Micro Mobility<\/a>. De nombreux casques sont destin\u00e9s aux enfants mais aussi aux adultes. <\/span><\/p>\n<p><span style=\"font-weight: 400;\">N\u2019attendez plus pour d\u00e9couvrir notre large gamme ! <img decoding=\"async\" loading=\"lazy\" class=\"an1\" src=\"https:\/\/fonts.gstatic.com\/s\/e\/notoemoji\/14.0\/1f6f4\/72.png\" alt=\"\ud83d\udef4\" width=\"18\" height=\"18\" data-emoji=\"\ud83d\udef4\" aria-label=\"\ud83d\udef4\" \/><\/span><\/p>\n<p>&nbsp;<\/p>\n<hr \/>\n<p>&nbsp;<\/p>\n<div class=\"rte\">\n<p><strong>Retrouvez-nous sur nos diff\u00e9rents r\u00e9seaux :<\/strong><\/p>\n<p><strong><img decoding=\"async\" loading=\"lazy\" class=\"wp-image-1271 alignleft\" src=\"https:\/\/www.micro-mobility.fr\/blog\/wp-content\/uploads\/2018\/10\/instagram-logo-transparent-png-571.png\" sizes=\"(max-width: 53px) 100vw, 53px\" srcset=\"https:\/\/www.micro-mobility.fr\/blog\/wp-content\/uploads\/2018\/10\/instagram-logo-transparent-png-571.png 1000w, https:\/\/www.micro-mobility.fr\/blog\/wp-content\/uploads\/2018\/10\/instagram-logo-transparent-png-571-300x300.png 300w, https:\/\/www.micro-mobility.fr\/blog\/wp-content\/uploads\/2018\/10\/instagram-logo-transparent-png-571-150x150.png 150w, https:\/\/www.micro-mobility.fr\/blog\/wp-content\/uploads\/2018\/10\/instagram-logo-transparent-png-571-768x768.png 768w\" alt=\"\" width=\"53\" height=\"53\" \/><\/strong>Suivez-nous sur notre compte Instagram pour retrouver nos aventures !<\/p>\n<p><a href=\"https:\/\/www.instagram.com\/micromobilityfrance\/?hl=fr\" target=\"_blank\" rel=\"noopener noreferrer\"><strong>@micromobilityfrance<\/strong><\/a><\/p>\n<p>&nbsp;<\/p>\n<p><strong><img decoding=\"async\" loading=\"lazy\" class=\"wp-image-1272 alignleft\" src=\"https:\/\/www.micro-mobility.fr\/blog\/wp-content\/uploads\/2018\/10\/584ac2d03ac3a570f94a666d.png\" sizes=\"(max-width: 50px) 100vw, 50px\" srcset=\"https:\/\/www.micro-mobility.fr\/blog\/wp-content\/uploads\/2018\/10\/584ac2d03ac3a570f94a666d.png 250w, https:\/\/www.micro-mobility.fr\/blog\/wp-content\/uploads\/2018\/10\/584ac2d03ac3a570f94a666d-150x150.png 150w\" alt=\"\" width=\"50\" height=\"50\" \/><\/strong><img decoding=\"async\" loading=\"lazy\" class=\"alignleft wp-image-2115\" src=\"https:\/\/www.micro-mobility.fr\/blog\/wp-content\/uploads\/2018\/07\/linkedin-300x300.png\" sizes=\"(max-width: 50px) 100vw, 50px\" srcset=\"https:\/\/www.micro-mobility.fr\/blog\/wp-content\/uploads\/2018\/07\/linkedin-300x300.png 300w, https:\/\/www.micro-mobility.fr\/blog\/wp-content\/uploads\/2018\/07\/linkedin-150x150.png 150w, https:\/\/www.micro-mobility.fr\/blog\/wp-content\/uploads\/2018\/07\/linkedin.png 512w\" alt=\"\" width=\"50\" height=\"50\" \/>Retrouvez-nous \u00e9galement sur notre page Facebook et Linkedin pour suivre nos actualit\u00e9s !<\/p>\n<p><a href=\"https:\/\/www.facebook.com\/MicroMobilityFrance\/\" target=\"_blank\" rel=\"noopener noreferrer\"><strong>Micro Mobility France<\/strong><\/a>\u00a0et\u00a0<strong><a href=\"https:\/\/www.linkedin.com\/company\/micro-mobility-france\/?viewAsMember=true\" target=\"_blank\" rel=\"nofollow noopener\">MICRO MOBILITY FRANCE (Linkedin)<\/a><\/strong><\/p>\n<p>&nbsp;<\/p>\n<p><img decoding=\"async\" loading=\"lazy\" class=\"wp-image-1289 alignleft\" src=\"https:\/\/www.micro-mobility.fr\/blog\/wp-content\/uploads\/2020\/11\/580b57fcd9996e24bc43c545.png\" sizes=\"(max-width: 50px) 100vw, 50px\" srcset=\"https:\/\/www.micro-mobility.fr\/blog\/wp-content\/uploads\/2020\/11\/580b57fcd9996e24bc43c545.png 1024w, https:\/\/www.micro-mobility.fr\/blog\/wp-content\/uploads\/2020\/11\/580b57fcd9996e24bc43c545-300x211.png 300w, https:\/\/www.micro-mobility.fr\/blog\/wp-content\/uploads\/2020\/11\/580b57fcd9996e24bc43c545-768x541.png 768w\" alt=\"\" width=\"50\" height=\"35\" \/><\/p>\n<p>Pour voir nos tutoriels SAV et toutes nos vid\u00e9os autour de Micro, rendez-vous sur notre cha\u00eene YouTube !<\/p>\n<p><a href=\"https:\/\/www.youtube.com\/channel\/UCsLJ7ihEkJGE-pmGQDE1H7w\/featured?view_as=subscriber\" target=\"_blank\" rel=\"nofollow noopener noreferrer\"><strong>Micro Mobility France<\/strong><\/a><\/p>\n<p>&nbsp;<\/p>\n<\/div>\n","protected":false},"excerpt":{"rendered":"<p>Depuis 2019, les trottinettes \u00e9lectriques ont \u00e9t\u00e9 introduites dans le code de la route ce qui a permis de clarifier les r\u00e8gles concernant leur usage. Nous pouvons alors nous demander si le casque est un accessoire obligatoire lors d&rsquo;un d\u00e9placement en trottinette \u00e9lectrique. Vous trouverez toutes les r\u00e9ponses \u00e0 vos questions dans cet article.<\/p>\n","protected":false},"author":6,"featured_media":2313,"comment_status":"closed","ping_status":"open","sticky":false,"template":"","format":"standard","meta":[],"categories":[1,4,5,8],"tags":[194,193,192,85,9,133,105,120],"aioseo_notices":[],"_links":{"self":[{"href":"https:\/\/www.micro-mobility.fr\/blog\/wp-json\/wp\/v2\/posts\/2263"}],"collection":[{"href":"https:\/\/www.micro-mobility.fr\/blog\/wp-json\/wp\/v2\/posts"}],"about":[{"href":"https:\/\/www.micro-mobility.fr\/blog\/wp-json\/wp\/v2\/types\/post"}],"author":[{"embeddable":true,"href":"https:\/\/www.micro-mobility.fr\/blog\/wp-json\/wp\/v2\/users\/6"}],"replies":[{"embeddable":true,"href":"https:\/\/www.micro-mobility.fr\/blog\/wp-json\/wp\/v2\/comments?post=2263"}],"version-history":[{"count":63,"href":"https:\/\/www.micro-mobility.fr\/blog\/wp-json\/wp\/v2\/posts\/2263\/revisions"}],"predecessor-version":[{"id":4163,"href":"https:\/\/www.micro-mobility.fr\/blog\/wp-json\/wp\/v2\/posts\/2263\/revisions\/4163"}],"wp:featuredmedia":[{"embeddable":true,"href":"https:\/\/www.micro-mobility.fr\/blog\/wp-json\/wp\/v2\/media\/2313"}],"wp:attachment":[{"href":"https:\/\/www.micro-mobility.fr\/blog\/wp-json\/wp\/v2\/media?parent=2263"}],"wp:term":[{"taxonomy":"category","embeddable":true,"href":"https:\/\/www.micro-mobility.fr\/blog\/wp-json\/wp\/v2\/categories?post=2263"},{"taxonomy":"post_tag","embeddable":true,"href":"https:\/\/www.micro-mobility.fr\/blog\/wp-json\/wp\/v2\/tags?post=2263"}],"curies":[{"name":"wp","href":"https:\/\/api.w.org\/{rel}","templated":true}]}}