{"id":2356,"date":"2022-05-30T10:02:13","date_gmt":"2022-05-30T08:02:13","guid":{"rendered":"https:\/\/www.micro-mobility.fr\/blog\/?p=2356"},"modified":"2024-01-09T16:35:49","modified_gmt":"2024-01-09T15:35:49","slug":"assurance-trottinette-electrique","status":"publish","type":"post","link":"https:\/\/www.micro-mobility.fr\/blog\/assurance-trottinette-electrique\/","title":{"rendered":"Micro X Owen : L&rsquo;assurance pour votre trottinette \u00e9lectrique ?"},"content":{"rendered":"<p><span style=\"font-weight: 400;\">Au fil des ann\u00e9es, les trottinettes \u00e9lectriques font de plus en plus partie de notre quotidien.\u00a0<\/span><\/p>\n<p><span style=\"font-weight: 400;\">Que ce soit pour aller au travail, se promener avec les enfants, ou faire ses courses, nous utilisons les trottinettes \u00e9lectriques partout et tout le temps.\u00a0<\/span><\/p>\n<p><span style=\"font-weight: 400;\">La <a href=\"https:\/\/www.micro-mobility.fr\/116-trottinette-electrique\">trottinette \u00e9lectrique<\/a> est malgr\u00e9 tout un moyen de transport qui peut pr\u00e9senter certains risques. Un accident est vite arriv\u00e9 et pour limiter les d\u00e9g\u00e2ts, il est important de souscrire \u00e0 un contrat d\u2019assurance. On vous explique tout ci-dessous !\u00a0<\/span><\/p>\n<p>&nbsp;<\/p>\n<p><img decoding=\"async\" loading=\"lazy\" class=\"aligncenter wp-image-2365 size-full\" src=\"https:\/\/www.micro-mobility.fr\/blog\/wp-content\/uploads\/2022\/05\/2112.w023.n001.1479B.p1.1479-scaled.jpg\" alt=\"visuel trottinette \u00e9lectrique\" width=\"2560\" height=\"812\" srcset=\"https:\/\/www.micro-mobility.fr\/blog\/wp-content\/uploads\/2022\/05\/2112.w023.n001.1479B.p1.1479-scaled.jpg 2560w, https:\/\/www.micro-mobility.fr\/blog\/wp-content\/uploads\/2022\/05\/2112.w023.n001.1479B.p1.1479-300x95.jpg 300w, https:\/\/www.micro-mobility.fr\/blog\/wp-content\/uploads\/2022\/05\/2112.w023.n001.1479B.p1.1479-1024x325.jpg 1024w, https:\/\/www.micro-mobility.fr\/blog\/wp-content\/uploads\/2022\/05\/2112.w023.n001.1479B.p1.1479-768x244.jpg 768w, https:\/\/www.micro-mobility.fr\/blog\/wp-content\/uploads\/2022\/05\/2112.w023.n001.1479B.p1.1479-1536x487.jpg 1536w, https:\/\/www.micro-mobility.fr\/blog\/wp-content\/uploads\/2022\/05\/2112.w023.n001.1479B.p1.1479-2048x650.jpg 2048w\" sizes=\"(max-width: 2560px) 100vw, 2560px\" \/><\/p>\n<h2><\/h2>\n<h2><b>Les EDPM, qu&rsquo;est-ce que c&rsquo;est ?\u00a0\u00a0<\/b><\/h2>\n<p><span style=\"font-weight: 400;\">Les trottinettes \u00e9lectriques font partie de la cat\u00e9gorie des EDPM. Les Engins de D\u00e9placements Personnels Motoris\u00e9s (EDPM) sont des v\u00e9hicules n\u2019ayant pas de place assise et destin\u00e9s \u00e0 transporter uniquement un passager. Les moteurs sont non-thermiques.\u00a0<\/span><\/p>\n<p><span style=\"font-weight: 400;\">Depuis 2019, ils ont \u00e9t\u00e9 introduits dans le code de la route, ce qui a permis de clarifier les r\u00e8gles concernant leur usage.\u00a0<\/span><\/p>\n<p><span style=\"font-weight: 400;\">Les utilisateurs d\u2019EDPM ne sont donc plus consid\u00e9r\u00e9s comme des pi\u00e9tons, ils doivent donc respecter les r\u00e8gles du code de la route.\u00a0<\/span><\/p>\n<p>&nbsp;<\/p>\n<h4><b>Quelques r\u00e8gles\u00a0<\/b><\/h4>\n<p><span style=\"font-weight: 400;\">Les EDPM et donc les trottinettes \u00e9lectriques doivent circuler \u00e0 la vitesse maximale de 25 km\/h sur une piste cyclable lorsqu\u2019elle existe, toujours dans le sens de la circulation.<\/span><\/p>\n<p><span style=\"font-weight: 400;\">Le port du casque n\u2019est pas obligatoire pour les conducteurs de trottinettes \u00e9lectriques mais il reste <\/span><b>fortement <\/b><b>conseill\u00e9<\/b>.<\/p>\n<p><a href=\"https:\/\/www.securite-routiere.gouv.fr\/reglementation-liee-aux-modes-de-deplacements\/reglementation-des-edpm\"><img decoding=\"async\" loading=\"lazy\" class=\"alignright wp-image-2319\" src=\"https:\/\/www.micro-mobility.fr\/blog\/wp-content\/uploads\/2022\/05\/sr_trottinette_equipement.png\" alt=\"\u00e9quipements trottinette \u00e9lectrique\" width=\"379\" height=\"379\" srcset=\"https:\/\/www.micro-mobility.fr\/blog\/wp-content\/uploads\/2022\/05\/sr_trottinette_equipement.png 768w, https:\/\/www.micro-mobility.fr\/blog\/wp-content\/uploads\/2022\/05\/sr_trottinette_equipement-300x300.png 300w, https:\/\/www.micro-mobility.fr\/blog\/wp-content\/uploads\/2022\/05\/sr_trottinette_equipement-150x150.png 150w\" sizes=\"(max-width: 379px) 100vw, 379px\" \/><\/a><\/p>\n<p>&nbsp;<\/p>\n<p>&nbsp;<\/p>\n<p><span style=\"font-weight: 400;\">Malgr\u00e9 le port du casque non obligatoire, la trottinette doit n\u00e9anmoins \u00eatre \u00e9quip\u00e9e :\u00a0<\/span><\/p>\n<p>&nbsp;<\/p>\n<ul>\n<li style=\"font-weight: 400;\" aria-level=\"1\"><b>D\u2019\u00e9quipements r\u00e9tro-r\u00e9fl\u00e9chissant<\/b><span style=\"font-weight: 400;\"> arri\u00e8res et lat\u00e9raux en<\/span>\u00a0cas de circulation la nuit ou de visibilit\u00e9 insuffisante la journ\u00e9e<\/li>\n<li style=\"font-weight: 400;\" aria-level=\"1\"><span style=\"font-weight: 400;\">D\u2019un <\/span><b>syst\u00e8me de freinage<\/b><\/li>\n<li style=\"font-weight: 400;\" aria-level=\"1\"><span style=\"font-weight: 400;\">D\u2019un <\/span><b>avertisseur sonore<\/b><span style=\"font-weight: 400;\"> (sonnette ou klaxon)<\/span><\/li>\n<li style=\"font-weight: 400;\" aria-level=\"1\"><span style=\"font-weight: 400;\">De <\/span><b>feux <\/b><span style=\"font-weight: 400;\">(avant et arri\u00e8re)\u00a0<\/span><\/li>\n<\/ul>\n<p>&nbsp;<\/p>\n<p>Pour plus d&rsquo;informations, n&rsquo;h\u00e9sitez pas \u00e0 consulter <a href=\"https:\/\/www.micro-mobility.fr\/blog\/casque-trottinettes-electriques\/\">notre article<\/a> \u00e0 ce sujet !<\/p>\n<p>&nbsp;<\/p>\n<h2><\/h2>\n<h2><b>Les assurances sont-elles obligatoires en trottinette \u00e9lectrique ?<\/b><\/h2>\n<p>&nbsp;<\/p>\n<h4><b>Quelle assurance obligatoire ?\u00a0<\/b><\/h4>\n<p>&nbsp;<\/p>\n<h4><img decoding=\"async\" loading=\"lazy\" class=\"wp-image-2367 alignleft\" src=\"https:\/\/www.micro-mobility.fr\/blog\/wp-content\/uploads\/2022\/05\/20944573.jpg\" alt=\"\" width=\"162\" height=\"162\" srcset=\"https:\/\/www.micro-mobility.fr\/blog\/wp-content\/uploads\/2022\/05\/20944573.jpg 7730w, https:\/\/www.micro-mobility.fr\/blog\/wp-content\/uploads\/2022\/05\/20944573-300x300.jpg 300w, https:\/\/www.micro-mobility.fr\/blog\/wp-content\/uploads\/2022\/05\/20944573-1024x1024.jpg 1024w, https:\/\/www.micro-mobility.fr\/blog\/wp-content\/uploads\/2022\/05\/20944573-768x768.jpg 768w\" sizes=\"(max-width: 162px) 100vw, 162px\" \/><\/h4>\n<p><span style=\"font-weight: 400;\">\u00catre assur\u00e9 en trottinette \u00e9lectrique est <\/span><b>obligatoire<\/b><span style=\"font-weight: 400;\">. Vous devez au minimum \u00eatre assur\u00e9 avec une assurance de <\/span><b>r<\/b><b>esponsabilit\u00e9 civile sp\u00e9cifique<\/b> aux NVEI (Nouveaux V\u00e9hicules \u00c9lectriques Individuels).<\/p>\n<p>Cette assurance vous permet, lorsque vous \u00eates responsable d\u2019un accident en trottinette \u00e9lectrique, d&rsquo;indemniser la victime.<\/p>\n<p><span style=\"font-weight: 400;\">En revanche, elle ne propose aucune indemnisation pour votre trottinette si celle-ci est endommag\u00e9e.\u00a0<\/span><\/p>\n<p><span style=\"font-weight: 400;\">Cette assurance est une extension de l\u2019assurance de responsabilit\u00e9 civile classique. En effet, cette derni\u00e8re ne s&rsquo;applique pas lorsque vous \u00eates \u00e0 bord d\u2019une trottinette \u00e9lectrique.\u00a0<\/span><\/p>\n<p><span style=\"font-weight: 400;\">Les assurances auto-moto ne sont pas valables puisque les trottinettes \u00e9lectriques ne sont pas assimil\u00e9es \u00e0 des cyclomoteurs.\u00a0<\/span><\/p>\n<p><span style=\"font-weight: 400;\">Vous devez donc souscrire \u00e0 un contrat distinct de vos autres contrats d\u2019assurance pour couvrir votre responsabilit\u00e9 civile qui d\u00e9pend de l\u2019utilisation d\u2019une trottinette \u00e9lectrique. Vous pouvez vous adresser directement \u00e0 votre assureur habituel, ou faire la d\u00e9marche aupr\u00e8s d\u2019un autre assureur.\u00a0<\/span><\/p>\n<p>&nbsp;<\/p>\n<h4><b>Qu\u2019est ce que couvre l\u2019assurance ?\u00a0<\/b><\/h4>\n<p><span style=\"font-weight: 400;\">L\u2019assurance de responsabilit\u00e9 civile sp\u00e9cifique aux trottinettes \u00e9lectriques ne couvre que les <\/span><b>domma<\/b><b>ges caus\u00e9s aux tiers<\/b>, que ce soit des personnes, du mat\u00e9riel ou des v\u00e9hicules. Si vous ne poss\u00e9dez pas cette assurance, tous ces frais seront \u00e0 votre charge.<\/p>\n<p><img decoding=\"async\" loading=\"lazy\" class=\"wp-image-2395 alignleft\" style=\"font-weight: bold;\" src=\"https:\/\/www.micro-mobility.fr\/blog\/wp-content\/uploads\/2022\/05\/43152-scaled.jpg\" alt=\"\" width=\"316\" height=\"230\" srcset=\"https:\/\/www.micro-mobility.fr\/blog\/wp-content\/uploads\/2022\/05\/43152-scaled.jpg 2560w, https:\/\/www.micro-mobility.fr\/blog\/wp-content\/uploads\/2022\/05\/43152-300x218.jpg 300w, https:\/\/www.micro-mobility.fr\/blog\/wp-content\/uploads\/2022\/05\/43152-1024x745.jpg 1024w, https:\/\/www.micro-mobility.fr\/blog\/wp-content\/uploads\/2022\/05\/43152-768x558.jpg 768w, https:\/\/www.micro-mobility.fr\/blog\/wp-content\/uploads\/2022\/05\/43152-1536x1117.jpg 1536w, https:\/\/www.micro-mobility.fr\/blog\/wp-content\/uploads\/2022\/05\/43152-2048x1489.jpg 2048w\" sizes=\"(max-width: 316px) 100vw, 316px\" \/><b><\/b><\/p>\n<p><span style=\"font-weight: 400;\">Cette assurance couvre donc les dommages que vous causez \u00e0 autrui en circulant en trottinette \u00e9lectrique et autres EDPM, si vous blessez un pi\u00e9ton ou un cycliste, si vous endommagez la devanture d\u2019un commerce\u2026<\/span><\/p>\n<p><span style=\"font-weight: 400;\">Cette assurance ne couvre en aucun cas les dommages mat\u00e9riels (vol, casse\u2026), ni les blessures <\/span>que vous vous faites en cas de chute ou autre accident.<\/p>\n<p>&nbsp;<\/p>\n<p>&nbsp;<\/p>\n<p>&nbsp;<\/p>\n<h4><b>Quelles assurances compl\u00e9mentaires ?\u00a0<\/b><\/h4>\n<p><span style=\"font-weight: 400;\">Des <\/span><b>assurances compl\u00e9mentaires<\/b><span style=\"font-weight: 400;\"> existent pour vous assurer contre les dommages mat\u00e9riels ou corporels qui ne sont pas couverts par l\u2019assurance de responsabilit\u00e9 civile obligatoire.\u00a0<\/span><\/p>\n<p><span style=\"font-weight: 400;\">Pour \u00eatre assur\u00e9 contre ces risques, vous devez souscrire \u00e0 des garanties suppl\u00e9mentaires :\u00a0<\/span><\/p>\n<ul>\n<li style=\"font-weight: 400;\" aria-level=\"1\"><b>La garantie dommages collision<\/b><span style=\"font-weight: 400;\">, vol, incendie et autres d\u00e9gradations : pour les dommages mat\u00e9riels caus\u00e9s \u00e0 la trottinette \u00e9lectrique. Prenez le temps de faire le calcul entre la valeur de la trottinette et le montant du remboursement \u00e9ventuel en cas de dommage mat\u00e9riel, en prenant en compte les franchises, le prix de la garantie\u2026<\/span><\/li>\n<li style=\"font-weight: 400;\" aria-level=\"1\"><b>La garantie personnelle du conducteur <\/b><span style=\"font-weight: 400;\">(ou individuelle accident) : pour les dommages corporels du conducteur lui-m\u00eame. Cette garantie peut \u00eatre comprise avec la responsabilit\u00e9 civile chez certains assureurs, ou souscrite en option.\u00a0<\/span><\/li>\n<\/ul>\n<p><b>Rappel <\/b><span style=\"font-weight: 400;\">: M\u00eame si le <a href=\"https:\/\/www.micro-mobility.fr\/blog\/casque-trottinettes-electriques\/\">port du casque n\u2019est pas obligatoire<\/a>, il est fortement recommand\u00e9 d\u2019en porter un. D\u2019une part, cela prot\u00e8ge l\u2019utilisateur. Et d\u2019autre part, de nombreuses assurances inscrivent le non port du casque comme une exclusion de garantie. <\/span><i><span style=\"font-weight: 400;\">Venez d\u00e9couvrir notre large gamme de casques sur notre <a href=\"https:\/\/www.micro-mobility.fr\/\">site internet<\/a>.\u00a0<\/span><\/i><\/p>\n<p>&nbsp;<\/p>\n<h4><b>Quels sont les risques si vous roulez sans assurance ?<\/b><\/h4>\n<p><span style=\"font-weight: 400;\">Si vous circulez en trottinette \u00e9lectrique sans assurance, cela constitue un d\u00e9lit.\u00a0<\/span><\/p>\n<p><span style=\"font-weight: 400;\">En l\u2019absence d\u2019assurance, vous vous exposez \u00e0 une peine d\u2019amende allant de <strong>400\u20ac \u00e0 3 750\u20ac<\/strong>.<\/span><\/p>\n<p><span style=\"font-weight: 400;\">Dans le cas o\u00f9 vous percutez et blessez un autre individu, ou que vous endommagez un v\u00e9hicule, et que vous n\u2019\u00eates pas assur\u00e9, vous devez int\u00e9gralement indemniser les personnes bless\u00e9es et prendre en charge les dommages mat\u00e9riels.\u00a0<\/span><\/p>\n<p><span style=\"font-weight: 400;\">Les peines sont assez importantes, ne prenez pas le risque de rouler sans assurance !\u00a0<\/span><\/p>\n<p>&nbsp;<\/p>\n<h2><b>Micro X Owen<\/b><img decoding=\"async\" loading=\"lazy\" class=\"alignright wp-image-2399\" style=\"font-size: 16px;\" src=\"https:\/\/www.micro-mobility.fr\/blog\/wp-content\/uploads\/2022\/05\/owen.png\" alt=\"Micro X Owen : Assurance pour trottinettes \u00e9lectriques\" width=\"286\" height=\"128\" srcset=\"https:\/\/www.micro-mobility.fr\/blog\/wp-content\/uploads\/2022\/05\/owen.png 633w, https:\/\/www.micro-mobility.fr\/blog\/wp-content\/uploads\/2022\/05\/owen-300x134.png 300w\" sizes=\"(max-width: 286px) 100vw, 286px\" \/><\/h2>\n<p><span style=\"font-weight: 400;\">Depuis d\u00e9but mai, Micro s&rsquo;est alli\u00e9\u00a0 \u00e0 <a href=\"https:\/\/www.assur-link.fr\/\"><span style=\"color: #000080;\"><strong>Owen<\/strong> <\/span><\/a>pour vous proposer de vous assurer contre la casse et les vols sur <a href=\"https:\/\/www.micro-mobility.fr\/116-trottinette-electrique\">notre gamme de trottinettes \u00e9lectriques<\/a> !<\/span><\/p>\n<p><span style=\"font-weight: 400;\">Cette assurance <strong>Casse \/ Vol<\/strong> vous offre :\u00a0<\/span><\/p>\n<ul>\n<li style=\"font-weight: 400;\" aria-level=\"1\"><span style=\"font-weight: 400;\">Une couverture contre tout <strong>dommage accidentel<\/strong> qui nuit au bon fonctionnement de la machine<\/span><\/li>\n<li style=\"font-weight: 400;\" aria-level=\"1\"><span style=\"font-weight: 400;\">Une couverture contre <strong>le vol par effraction et par agression<\/strong><\/span><\/li>\n<\/ul>\n<p>&nbsp;<\/p>\n<p><span style=\"font-weight: 400;\">Voici un tableau de la tarification des garanties pour les trottinettes \u00e9lectriques :\u00a0<\/span><\/p>\n<p><img decoding=\"async\" loading=\"lazy\" class=\"wp-image-2379 aligncenter\" src=\"https:\/\/www.micro-mobility.fr\/blog\/wp-content\/uploads\/2022\/05\/Capture-decran-2022-05-13-111411.png\" alt=\"\" width=\"551\" height=\"235\" srcset=\"https:\/\/www.micro-mobility.fr\/blog\/wp-content\/uploads\/2022\/05\/Capture-decran-2022-05-13-111411.png 755w, https:\/\/www.micro-mobility.fr\/blog\/wp-content\/uploads\/2022\/05\/Capture-decran-2022-05-13-111411-300x128.png 300w\" sizes=\"(max-width: 551px) 100vw, 551px\" \/><\/p>\n<p>Souscrire \u00e0 une assurance <a href=\"https:\/\/www.assur-link.fr\/\"><span style=\"color: #000080;\"><strong>Owen<\/strong><\/span> <\/a>via notre site est simple, il vous suffit de suivre 6 \u00e9tapes :<\/p>\n<p><b>1- Consultation <\/b><span style=\"font-weight: 400;\">: Je consulte la trottinette qui m\u2019int\u00e9resse. Il est indiqu\u00e9 sur cette page que je peux ajouter une assurance contre la casse et le vol.<\/span><\/p>\n<p><b>2- Information <\/b><span style=\"font-weight: 400;\">: Je souhaite m\u2019informer davantage sur le contenu de cette garantie optionnelle.<\/span><\/p>\n<p><b>3- Choix de la garantie<\/b><span style=\"font-weight: 400;\"> : Je choisis la garantie que je mets directement au panier.<\/span><\/p>\n<p><b>4- Mise au panier<\/b><span style=\"font-weight: 400;\"> : La garantie choisie s\u2019affiche dans le r\u00e9capitulatif de ma commande.\u00a0<\/span><\/p>\n<p><b>5- Adh\u00e9sion <\/b><span style=\"font-weight: 400;\">: Je confirme la prise de connaissance des conditions contractuelles pour valider mon adh\u00e9sion et je proc\u00e8de au paiement.\u00a0<\/span><\/p>\n<p><b>6- Finalisation <\/b><span style=\"font-weight: 400;\">: Je r\u00e8gle ma commande incluant la garantie souscrite et je re\u00e7ois les documents contractuels dans un mail s\u00e9par\u00e9.\u00a0<\/span><\/p>\n<p><i><span style=\"font-weight: 400;\">Sous 14 jours, vous pouvez annuler la souscription \u00e0 l\u2019assurance comme pour tout autre achat !<\/span><\/i><span style=\"font-weight: 400;\">\u00a0<\/span><\/p>\n<p>&nbsp;<\/p>\n<h4><strong>Pourquoi Micro a choisi <a href=\"https:\/\/www.assur-link.fr\/\">Owen<\/a> ?<\/strong><\/h4>\n<p><img decoding=\"async\" loading=\"lazy\" class=\"alignleft wp-image-2406\" src=\"https:\/\/www.micro-mobility.fr\/blog\/wp-content\/uploads\/2022\/05\/large-Merlin-with-Handbrake-Grey-Black.jpg\" alt=\"Image trottinette \u00e9lectrique Micro Merlin Grey Edition\" width=\"376\" height=\"282\" srcset=\"https:\/\/www.micro-mobility.fr\/blog\/wp-content\/uploads\/2022\/05\/large-Merlin-with-Handbrake-Grey-Black.jpg 1600w, https:\/\/www.micro-mobility.fr\/blog\/wp-content\/uploads\/2022\/05\/large-Merlin-with-Handbrake-Grey-Black-300x225.jpg 300w, https:\/\/www.micro-mobility.fr\/blog\/wp-content\/uploads\/2022\/05\/large-Merlin-with-Handbrake-Grey-Black-1024x768.jpg 1024w, https:\/\/www.micro-mobility.fr\/blog\/wp-content\/uploads\/2022\/05\/large-Merlin-with-Handbrake-Grey-Black-768x576.jpg 768w, https:\/\/www.micro-mobility.fr\/blog\/wp-content\/uploads\/2022\/05\/large-Merlin-with-Handbrake-Grey-Black-1536x1152.jpg 1536w\" sizes=\"(max-width: 376px) 100vw, 376px\" \/>Parce que Micro a toujours cherch\u00e9 \u00e0 proposer le meilleur pour ses clients, pour leur offrir un service toujours plus complet et adapt\u00e9 \u00e0 leurs besoins et leurs attentes.<\/p>\n<p>Owen permet de prendre en charge des \u00e9ventuels sinistres que pourrait causer vos trottinettes sur autrui. De ce fait, si vous causez des d\u00e9g\u00e2ts sur vos engins, ce sera \u00e0 l&rsquo;assurance de les prendre en charge, un souci en moins non ?<\/p>\n<p>Par cons\u00e9quent,\u00a0 la souscription \u00e0 une assurance trottinette vous fera \u00e9conomiser de l&rsquo;argent sur le long terme. Car, en cas d&rsquo;absence de cette derni\u00e8re, le propri\u00e9taire devra rembourser les dommages faits aux victimes, avec une majoration.<\/p>\n<p>&nbsp;<\/p>\n<p>Micro vous propose donc de vous assurer \u00e0 moindre co\u00fbts pour prot\u00e9ger votre engin \u00e0 deux roues !<\/p>\n<p>Retrouvez notre assurance avec notre partenaire <a href=\"https:\/\/www.assur-link.fr\/\"><span style=\"color: #000080;\"><strong>Owen<\/strong><\/span><\/a> sur notre site internet !<\/p>\n<p><strong>N&rsquo;h\u00e9sitez donc plus \u00e0 vous assurer pour vos d\u00e9placements en trottinettes \u00e9lectriques !<\/strong><\/p>\n<p>&nbsp;<\/p>\n<hr \/>\n<p><strong>Retrouvez-nous sur nos diff\u00e9rents r\u00e9seaux :<\/strong><\/p>\n<p>&nbsp;<\/p>\n<p><strong><img decoding=\"async\" loading=\"lazy\" class=\"wp-image-1271 alignleft\" src=\"https:\/\/www.micro-mobility.fr\/blog\/wp-content\/uploads\/2018\/10\/instagram-logo-transparent-png-571.png\" sizes=\"(max-width: 53px) 100vw, 53px\" srcset=\"https:\/\/www.micro-mobility.fr\/blog\/wp-content\/uploads\/2018\/10\/instagram-logo-transparent-png-571.png 1000w, https:\/\/www.micro-mobility.fr\/blog\/wp-content\/uploads\/2018\/10\/instagram-logo-transparent-png-571-300x300.png 300w, https:\/\/www.micro-mobility.fr\/blog\/wp-content\/uploads\/2018\/10\/instagram-logo-transparent-png-571-150x150.png 150w, https:\/\/www.micro-mobility.fr\/blog\/wp-content\/uploads\/2018\/10\/instagram-logo-transparent-png-571-768x768.png 768w\" alt=\"\" width=\"53\" height=\"53\" \/><\/strong>Suivez-nous sur notre compte Instagram pour retrouver nos aventures !<\/p>\n<p><a href=\"https:\/\/www.instagram.com\/micromobilityfrance\/?hl=fr\" target=\"_blank\" rel=\"noopener noreferrer\"><strong>@micromobilityfrance<\/strong><\/a><\/p>\n<p>&nbsp;<\/p>\n<p><strong><img decoding=\"async\" loading=\"lazy\" class=\"wp-image-1272 alignleft\" src=\"https:\/\/www.micro-mobility.fr\/blog\/wp-content\/uploads\/2018\/10\/584ac2d03ac3a570f94a666d.png\" sizes=\"(max-width: 50px) 100vw, 50px\" srcset=\"https:\/\/www.micro-mobility.fr\/blog\/wp-content\/uploads\/2018\/10\/584ac2d03ac3a570f94a666d.png 250w, https:\/\/www.micro-mobility.fr\/blog\/wp-content\/uploads\/2018\/10\/584ac2d03ac3a570f94a666d-150x150.png 150w\" alt=\"\" width=\"50\" height=\"50\" \/><\/strong><\/p>\n<p>Retrouvez-nous sur notre page Facebook pour suivre nos aventures !<\/p>\n<p><a href=\"https:\/\/www.facebook.com\/MicroMobilityFrance\/\" target=\"_blank\" rel=\"noopener noreferrer\"><strong>Micro Mobility France<\/strong><\/a><\/p>\n<p>&nbsp;<\/p>\n<p><img decoding=\"async\" loading=\"lazy\" class=\"alignleft wp-image-2115\" src=\"https:\/\/www.micro-mobility.fr\/blog\/wp-content\/uploads\/2018\/07\/linkedin-300x300.png\" sizes=\"(max-width: 50px) 100vw, 50px\" srcset=\"https:\/\/www.micro-mobility.fr\/blog\/wp-content\/uploads\/2018\/07\/linkedin-300x300.png 300w, https:\/\/www.micro-mobility.fr\/blog\/wp-content\/uploads\/2018\/07\/linkedin-150x150.png 150w, https:\/\/www.micro-mobility.fr\/blog\/wp-content\/uploads\/2018\/07\/linkedin.png 512w\" alt=\"\" width=\"50\" height=\"50\" \/>Rendez-vous \u00e9galement sur notre compte Linkedin pour suivre nos actualit\u00e9s !<\/p>\n<p><strong><a href=\"https:\/\/www.linkedin.com\/company\/micro-mobility-france\/?viewAsMember=true\" target=\"_blank\" rel=\"nofollow noopener\">Micro Mobility France<\/a><\/strong><\/p>\n<p>&nbsp;<\/p>\n<p><img decoding=\"async\" loading=\"lazy\" class=\"wp-image-1289 alignleft\" src=\"https:\/\/www.micro-mobility.fr\/blog\/wp-content\/uploads\/2020\/11\/580b57fcd9996e24bc43c545.png\" sizes=\"(max-width: 50px) 100vw, 50px\" srcset=\"https:\/\/www.micro-mobility.fr\/blog\/wp-content\/uploads\/2020\/11\/580b57fcd9996e24bc43c545.png 1024w, https:\/\/www.micro-mobility.fr\/blog\/wp-content\/uploads\/2020\/11\/580b57fcd9996e24bc43c545-300x211.png 300w, https:\/\/www.micro-mobility.fr\/blog\/wp-content\/uploads\/2020\/11\/580b57fcd9996e24bc43c545-768x541.png 768w\" alt=\"\" width=\"50\" height=\"35\" \/><\/p>\n<p>Pour voir nos tutoriels SAV et toutes nos vid\u00e9os autour de Micro, rendez-vous sur notre cha\u00eene YouTube !<\/p>\n<p><a href=\"https:\/\/www.youtube.com\/channel\/UCsLJ7ihEkJGE-pmGQDE1H7w\/featured?view_as=subscriber\" target=\"_blank\" rel=\"nofollow noopener noreferrer\"><strong>Micro Mobility France<\/strong><\/a><\/p>\n","protected":false},"excerpt":{"rendered":"<p>La trottinette est un moyen de transport qui peut pr\u00e9senter certains risques, un accident est vite arriv\u00e9. Pour limiter les d\u00e9g\u00e2ts, il est important de souscrire \u00e0 un contrat d\u2019assurance. On vous explique tout juste ici !<\/p>\n","protected":false},"author":6,"featured_media":2412,"comment_status":"closed","ping_status":"open","sticky":false,"template":"","format":"standard","meta":[],"categories":[1,4,6,8],"tags":[195,196,197,199,14,201,85,198,43,105,200],"aioseo_notices":[],"_links":{"self":[{"href":"https:\/\/www.micro-mobility.fr\/blog\/wp-json\/wp\/v2\/posts\/2356"}],"collection":[{"href":"https:\/\/www.micro-mobility.fr\/blog\/wp-json\/wp\/v2\/posts"}],"about":[{"href":"https:\/\/www.micro-mobility.fr\/blog\/wp-json\/wp\/v2\/types\/post"}],"author":[{"embeddable":true,"href":"https:\/\/www.micro-mobility.fr\/blog\/wp-json\/wp\/v2\/users\/6"}],"replies":[{"embeddable":true,"href":"https:\/\/www.micro-mobility.fr\/blog\/wp-json\/wp\/v2\/comments?post=2356"}],"version-history":[{"count":46,"href":"https:\/\/www.micro-mobility.fr\/blog\/wp-json\/wp\/v2\/posts\/2356\/revisions"}],"predecessor-version":[{"id":2411,"href":"https:\/\/www.micro-mobility.fr\/blog\/wp-json\/wp\/v2\/posts\/2356\/revisions\/2411"}],"wp:featuredmedia":[{"embeddable":true,"href":"https:\/\/www.micro-mobility.fr\/blog\/wp-json\/wp\/v2\/media\/2412"}],"wp:attachment":[{"href":"https:\/\/www.micro-mobility.fr\/blog\/wp-json\/wp\/v2\/media?parent=2356"}],"wp:term":[{"taxonomy":"category","embeddable":true,"href":"https:\/\/www.micro-mobility.fr\/blog\/wp-json\/wp\/v2\/categories?post=2356"},{"taxonomy":"post_tag","embeddable":true,"href":"https:\/\/www.micro-mobility.fr\/blog\/wp-json\/wp\/v2\/tags?post=2356"}],"curies":[{"name":"wp","href":"https:\/\/api.w.org\/{rel}","templated":true}]}}