{"id":2577,"date":"2022-07-25T10:00:34","date_gmt":"2022-07-25T08:00:34","guid":{"rendered":"https:\/\/www.micro-mobility.fr\/blog\/?p=2577"},"modified":"2024-04-11T16:40:26","modified_gmt":"2024-04-11T14:40:26","slug":"7-moyens-de-transports-doux-en-ville","status":"publish","type":"post","link":"https:\/\/www.micro-mobility.fr\/blog\/7-moyens-de-transports-doux-en-ville\/","title":{"rendered":"Top 7 des moyens de transport doux pour les d\u00e9placements en ville"},"content":{"rendered":"<p><span style=\"font-weight: 400;\">Les moyens de transport sont de grosses sources de pollution environnementale. Le transport de voyageurs est \u00e0 l&rsquo;origine de 75 millions de tonnes d\u2019\u00e9quivalent CO2. La voiture est le principal moyen de transport utilis\u00e9 et participe grandement \u00e0 la pollution de l&rsquo;environnement.\u00a0<\/span><\/p>\n<p><span style=\"font-weight: 400;\">Environ 68% des actifs utilisent leur voiture pour les d\u00e9placements domicile-travail inf\u00e9rieurs ou \u00e9gaux \u00e0 5 km.\u00a0<\/span><\/p>\n<p>Il est donc indispensable que nous changions nos habitudes de d\u00e9placements. Dans cet article, vous trouverez le top 7 des moyens de transport doux pour les d\u00e9placements en ville.<\/p>\n<p>&nbsp;<\/p>\n<h2>Le top 7 des moyens de transport doux pour les d\u00e9placements en ville<\/h2>\n<p>&nbsp;<\/p>\n<h3><b>La marche, pour effectuer ses 10 000 pas journaliers !<\/b><\/h3>\n<p>&nbsp;<\/p>\n<p><img decoding=\"async\" loading=\"lazy\" class=\"wp-image-2584 alignleft\" src=\"https:\/\/www.micro-mobility.fr\/blog\/wp-content\/uploads\/2022\/07\/running-feet-scaled.jpg\" alt=\"\" width=\"287\" height=\"192\" srcset=\"https:\/\/www.micro-mobility.fr\/blog\/wp-content\/uploads\/2022\/07\/running-feet-scaled.jpg 2560w, https:\/\/www.micro-mobility.fr\/blog\/wp-content\/uploads\/2022\/07\/running-feet-300x200.jpg 300w, https:\/\/www.micro-mobility.fr\/blog\/wp-content\/uploads\/2022\/07\/running-feet-1024x683.jpg 1024w, https:\/\/www.micro-mobility.fr\/blog\/wp-content\/uploads\/2022\/07\/running-feet-768x512.jpg 768w, https:\/\/www.micro-mobility.fr\/blog\/wp-content\/uploads\/2022\/07\/running-feet-1536x1024.jpg 1536w, https:\/\/www.micro-mobility.fr\/blog\/wp-content\/uploads\/2022\/07\/running-feet-2048x1365.jpg 2048w\" sizes=\"(max-width: 287px) 100vw, 287px\" \/><\/p>\n<p>&nbsp;<\/p>\n<p><span style=\"font-weight: 400;\">Bonne pour la sant\u00e9 et l\u2019environnement, la marche reste le mode de d\u00e9placement le plus doux. Id\u00e9ale pour de courtes distances, elle reste n\u00e9anmoins compliqu\u00e9e lorsque le temps de trajet est plus long.\u00a0<\/span><\/p>\n<p>&nbsp;<\/p>\n<p>&nbsp;<\/p>\n<p><span style=\"font-weight: 400;\">La marche participe \u00e9galement \u00e0 diff\u00e9rents enjeux de la sant\u00e9 publique en pr\u00e9vention de maladies telles que l\u2019ob<\/span><span style=\"font-weight: 400;\">\u00e9sit\u00e9 et le surpoids, et l\u2019entretien de la forme pour ceux qui la pratique r\u00e9guli\u00e8rement.\u00a0<\/span><\/p>\n<p>&nbsp;<\/p>\n<h3><\/h3>\n<h3><b>Le v\u00e9lo, bon pour la sant\u00e9, bon pour l&rsquo;environnement !<\/b><span style=\"font-weight: 400;\">\u00a0<\/span><\/h3>\n<p>&nbsp;<\/p>\n<p><img decoding=\"async\" loading=\"lazy\" class=\"alignleft wp-image-2585 \" src=\"https:\/\/www.micro-mobility.fr\/blog\/wp-content\/uploads\/2022\/07\/paris-france-city-bicycles-bike-rental-bicycle-parking-scaled.jpg\" alt=\"\" width=\"311\" height=\"207\" srcset=\"https:\/\/www.micro-mobility.fr\/blog\/wp-content\/uploads\/2022\/07\/paris-france-city-bicycles-bike-rental-bicycle-parking-scaled.jpg 2560w, https:\/\/www.micro-mobility.fr\/blog\/wp-content\/uploads\/2022\/07\/paris-france-city-bicycles-bike-rental-bicycle-parking-300x200.jpg 300w, https:\/\/www.micro-mobility.fr\/blog\/wp-content\/uploads\/2022\/07\/paris-france-city-bicycles-bike-rental-bicycle-parking-1024x683.jpg 1024w, https:\/\/www.micro-mobility.fr\/blog\/wp-content\/uploads\/2022\/07\/paris-france-city-bicycles-bike-rental-bicycle-parking-768x512.jpg 768w, https:\/\/www.micro-mobility.fr\/blog\/wp-content\/uploads\/2022\/07\/paris-france-city-bicycles-bike-rental-bicycle-parking-1536x1024.jpg 1536w, https:\/\/www.micro-mobility.fr\/blog\/wp-content\/uploads\/2022\/07\/paris-france-city-bicycles-bike-rental-bicycle-parking-2048x1365.jpg 2048w\" sizes=\"(max-width: 311px) 100vw, 311px\" \/><\/p>\n<p>Le v\u00e9lo participe fortement \u00e0 la protection de l\u2019\u00e9cologie. Il permet de vous d\u00e9placer facilement et de vous maintenir en forme.<\/p>\n<p><span style=\"font-weight: 400;\">Si vous ne poss\u00e9dez pas de v\u00e9lo, ou pas de place pour stocker votre v\u00e9lo, de nombreux services de libre-service sont disponibles dans les grandes villes.\u00a0<\/span><\/p>\n<p><span style=\"font-weight: 400;\">Paris, Lyon, Bordeaux, Lille, et bien d\u2019autres proposent ce service, souvent \u00e0 bas prix, qui peut \u00eatre une belle alternative pour r\u00e9duire son \u00e9mission de CO2.\u00a0<\/span><\/p>\n<p>&nbsp;<\/p>\n<p><span style=\"font-weight: 400;\">De plus, si vous souhaitez vous d\u00e9placer plus rapidement en faisant l\u00e9g\u00e8rement moins d\u2019efforts, les v\u00e9los \u00e9lectriques peuvent \u00eatre une solution tout aussi \u00e9cologique.\u00a0<\/span><\/p>\n<p><span style=\"font-weight: 400;\">Pour inciter leurs utilisations, les usagers souhaitant acqu\u00e9rir un v\u00e9lo \u00e9lectrique peuvent b\u00e9n\u00e9ficier d\u2019une aide de l\u2019Etat allant jusqu\u2019\u00e0 200\u20ac. <em>Retrouvez toutes les conditions juste <\/em><\/span><em><a href=\"https:\/\/www.economie.gouv.fr\/particuliers\/prime-velo-electrique\"><span style=\"font-weight: 400;\">ici<\/span><\/a><\/em><span style=\"font-weight: 400;\"><em>.<\/em>\u00a0<\/span><\/p>\n<p>&nbsp;<\/p>\n<h3><b>Les trottinettes, le nouveau mode de d\u00e9placement tendance !<\/b><\/h3>\n<p>&nbsp;<\/p>\n<p><img decoding=\"async\" loading=\"lazy\" class=\"alignleft wp-image-2588\" src=\"https:\/\/www.micro-mobility.fr\/blog\/wp-content\/uploads\/2022\/07\/large-Micro-Metropolitan-Deluxe-1.jpeg\" alt=\"usager en trottinette Micro\" width=\"326\" height=\"218\" srcset=\"https:\/\/www.micro-mobility.fr\/blog\/wp-content\/uploads\/2022\/07\/large-Micro-Metropolitan-Deluxe-1.jpeg 1600w, https:\/\/www.micro-mobility.fr\/blog\/wp-content\/uploads\/2022\/07\/large-Micro-Metropolitan-Deluxe-1-300x200.jpeg 300w, https:\/\/www.micro-mobility.fr\/blog\/wp-content\/uploads\/2022\/07\/large-Micro-Metropolitan-Deluxe-1-1024x683.jpeg 1024w, https:\/\/www.micro-mobility.fr\/blog\/wp-content\/uploads\/2022\/07\/large-Micro-Metropolitan-Deluxe-1-768x512.jpeg 768w, https:\/\/www.micro-mobility.fr\/blog\/wp-content\/uploads\/2022\/07\/large-Micro-Metropolitan-Deluxe-1-1536x1024.jpeg 1536w\" sizes=\"(max-width: 326px) 100vw, 326px\" \/><\/p>\n<p><span style=\"font-weight: 400;\">Les trottinettes sont une excellente option pour se d\u00e9placer en ville, qu\u2019elles soient \u00e9lectriques ou non, elles permettent de se d\u00e9placer rapidement et facilement.\u00a0<\/span><\/p>\n<p><span style=\"font-weight: 400;\">Allant jusqu\u2019\u00e0 30 km\/h, les trottinettes \u00e9lectriques sont beaucoup utilis\u00e9es pour effectuer les trajets du quotidien. L\u00e9g\u00e8res et compactes, elles peuvent \u00eatre transport\u00e9es facilement dans la rue ou les transports en commun.\u00a0<\/span><\/p>\n<p>&nbsp;<\/p>\n<p>&nbsp;<\/p>\n<p><span style=\"font-weight: 400;\">Attention : Les utilisateurs de trottinettes \u00e9lectriques doivent respecter les r\u00e8gles du\u00a0<\/span><span style=\"font-weight: 400;\">code de la route, pour en savoir plus n\u2019h\u00e9sitez pas \u00e0 consulter notre <\/span><a href=\"https:\/\/www.micro-mobility.fr\/blog\/nouvellesregles-codedelaroute-edpm\/\"><span style=\"font-weight: 400;\">article<\/span><\/a><span style=\"font-weight: 400;\"> sur les r\u00e9glementations concernant les EDPM.<\/span><\/p>\n<p><span style=\"font-weight: 400;\">Les trottinettes manuelles, moins rapides, permettent de se maintenir en forme et de pratiquer une activit\u00e9 sportive tout en se d\u00e9pla\u00e7ant. De nombreux mod\u00e8les sont actuellement sur le march\u00e9 permettant une conduite douce et confortable.\u00a0<\/span><\/p>\n<p><em><span style=\"font-weight: 400;\">Retrouvez tous nos mod\u00e8les de trottinettes et de trottinettes \u00e9lectriques sur notre site <\/span><a href=\"https:\/\/www.micro-mobility.fr\"><span style=\"font-weight: 400;\">www.micro-mobility.fr<\/span><\/a><span style=\"font-weight: 400;\">.\u00a0<\/span><\/em><\/p>\n<p>&nbsp;<\/p>\n<h3><b>Les transports en commun, pour participer \u00e0 la r\u00e9duction de son empreinte \u00e9cologique ! <\/b><span style=\"font-weight: 400;\">\u00a0<\/span><\/h3>\n<p>&nbsp;<\/p>\n<p><span style=\"font-weight: 400;\"><img decoding=\"async\" loading=\"lazy\" class=\"alignleft wp-image-2589\" src=\"https:\/\/www.micro-mobility.fr\/blog\/wp-content\/uploads\/2022\/07\/side-view-woman-waiting-for-the-bus-scaled.jpg\" alt=\"transport en commun\" width=\"346\" height=\"230\" srcset=\"https:\/\/www.micro-mobility.fr\/blog\/wp-content\/uploads\/2022\/07\/side-view-woman-waiting-for-the-bus-scaled.jpg 2560w, https:\/\/www.micro-mobility.fr\/blog\/wp-content\/uploads\/2022\/07\/side-view-woman-waiting-for-the-bus-300x200.jpg 300w, https:\/\/www.micro-mobility.fr\/blog\/wp-content\/uploads\/2022\/07\/side-view-woman-waiting-for-the-bus-1024x681.jpg 1024w, https:\/\/www.micro-mobility.fr\/blog\/wp-content\/uploads\/2022\/07\/side-view-woman-waiting-for-the-bus-768x511.jpg 768w, https:\/\/www.micro-mobility.fr\/blog\/wp-content\/uploads\/2022\/07\/side-view-woman-waiting-for-the-bus-1536x1022.jpg 1536w, https:\/\/www.micro-mobility.fr\/blog\/wp-content\/uploads\/2022\/07\/side-view-woman-waiting-for-the-bus-2048x1363.jpg 2048w\" sizes=\"(max-width: 346px) 100vw, 346px\" \/><\/span><\/p>\n<p>&nbsp;<\/p>\n<p><span style=\"font-weight: 400;\">Les transports en commun sont divers et vari\u00e9s, le m\u00e9tro, le tramway, le bus, le bus \u00e9lectrique\u2026 De nombreux modes qui permettent de r\u00e9duire la circulation ainsi que la pollution en ville.\u00a0<\/span><\/p>\n<p><span style=\"font-weight: 400;\">Un passager utilisant le m\u00e9tro \u00e9met jusqu\u2019\u00e0 50 fois moins de gaz \u00e0 effet de serre qu\u2019en utilisant son v\u00e9hicule personnel.\u00a0<\/span><\/p>\n<p>&nbsp;<\/p>\n<p>&nbsp;<\/p>\n<p><span style=\"font-weight: 400;\">Petite pr\u00e9f\u00e9rence pour le tramway : c\u2019est un mode de transport qui est consid\u00e9r\u00e9 comme tr\u00e8s propre et \u201cvert\u201d gr\u00e2ce \u00e0 sa faible \u00e9mission de 2 kg de CO2 par passager et par an. De nombreuses villes de France d\u00e9veloppent de plus en plus leurs r\u00e9seaux de transports en commun et notamment de tramway.<\/span><\/p>\n<p>&nbsp;<\/p>\n<h3><b>Le covoiturage, une bonne alternative \u00e0 la voiture ou aux transports en commun !<\/b><\/h3>\n<p>&nbsp;<\/p>\n<p><span style=\"font-weight: 400;\"><img decoding=\"async\" loading=\"lazy\" class=\"wp-image-2595 alignleft\" src=\"https:\/\/www.micro-mobility.fr\/blog\/wp-content\/uploads\/2022\/07\/friends-in-car-having-trip-together-scaled.jpg\" alt=\"\" width=\"346\" height=\"230\" srcset=\"https:\/\/www.micro-mobility.fr\/blog\/wp-content\/uploads\/2022\/07\/friends-in-car-having-trip-together-scaled.jpg 2560w, https:\/\/www.micro-mobility.fr\/blog\/wp-content\/uploads\/2022\/07\/friends-in-car-having-trip-together-300x200.jpg 300w, https:\/\/www.micro-mobility.fr\/blog\/wp-content\/uploads\/2022\/07\/friends-in-car-having-trip-together-1024x683.jpg 1024w, https:\/\/www.micro-mobility.fr\/blog\/wp-content\/uploads\/2022\/07\/friends-in-car-having-trip-together-768x512.jpg 768w, https:\/\/www.micro-mobility.fr\/blog\/wp-content\/uploads\/2022\/07\/friends-in-car-having-trip-together-1536x1024.jpg 1536w, https:\/\/www.micro-mobility.fr\/blog\/wp-content\/uploads\/2022\/07\/friends-in-car-having-trip-together-2048x1365.jpg 2048w\" sizes=\"(max-width: 346px) 100vw, 346px\" \/><\/span><\/p>\n<p><span style=\"font-weight: 400;\">Si la voiture est indispensable \u00e0 votre d\u00e9placement, pensez au covoiturage. Cela permet de r\u00e9duire le nombre de voitures qui doivent circuler et par cons\u00e9quent r\u00e9duire les \u00e9missions de gaz \u00e0 effet de serre.\u00a0<\/span><\/p>\n<p><span style=\"font-weight: 400;\">Aujourd\u2019hui de nombreux sites de covoiturage existent comme Blablacar, Roulezmalin\u2026<\/span><\/p>\n<p>&nbsp;<\/p>\n<h3><\/h3>\n<p>&nbsp;<\/p>\n<h3><\/h3>\n<p>&nbsp;<\/p>\n<p>&nbsp;<\/p>\n<h3><b>L\u2019autopartage, une nouvelle fa\u00e7on d&rsquo;utiliser la voiture de mani\u00e8re plus \u00e9colo !<\/b><\/h3>\n<p><img decoding=\"async\" loading=\"lazy\" class=\"wp-image-2597 alignleft\" src=\"https:\/\/www.micro-mobility.fr\/blog\/wp-content\/uploads\/2022\/07\/girl-sitting-in-the-car-and-holding-the-car-keys-hands-out-of-the-car-scaled.jpg\" alt=\"\" width=\"348\" height=\"231\" srcset=\"https:\/\/www.micro-mobility.fr\/blog\/wp-content\/uploads\/2022\/07\/girl-sitting-in-the-car-and-holding-the-car-keys-hands-out-of-the-car-scaled.jpg 2560w, https:\/\/www.micro-mobility.fr\/blog\/wp-content\/uploads\/2022\/07\/girl-sitting-in-the-car-and-holding-the-car-keys-hands-out-of-the-car-300x200.jpg 300w, https:\/\/www.micro-mobility.fr\/blog\/wp-content\/uploads\/2022\/07\/girl-sitting-in-the-car-and-holding-the-car-keys-hands-out-of-the-car-1024x681.jpg 1024w, https:\/\/www.micro-mobility.fr\/blog\/wp-content\/uploads\/2022\/07\/girl-sitting-in-the-car-and-holding-the-car-keys-hands-out-of-the-car-768x511.jpg 768w, https:\/\/www.micro-mobility.fr\/blog\/wp-content\/uploads\/2022\/07\/girl-sitting-in-the-car-and-holding-the-car-keys-hands-out-of-the-car-1536x1022.jpg 1536w, https:\/\/www.micro-mobility.fr\/blog\/wp-content\/uploads\/2022\/07\/girl-sitting-in-the-car-and-holding-the-car-keys-hands-out-of-the-car-2048x1363.jpg 2048w\" sizes=\"(max-width: 348px) 100vw, 348px\" \/>L<span style=\"font-weight: 400;\">\u2019autopartage permet aussi de r\u00e9duire les \u00e9missions de gaz \u00e0 effet de serre.<\/span><\/p>\n<p><span style=\"font-weight: 400;\">Ce syst\u00e8me est la mise en commun d&rsquo;une flotte de voitures au profit d\u2019abonn\u00e9s. Chaque abonn\u00e9 peut utiliser la voiture pour le trajet de son choix et pour une dur\u00e9e limit\u00e9e. <\/span><\/p>\n<p><span style=\"font-weight: 400;\">L\u2019utilisateur ne finance la voiture que pour la dur\u00e9e de son besoin.<\/span><\/p>\n<p>&nbsp;<\/p>\n<p>&nbsp;<\/p>\n<h3><\/h3>\n<h3><\/h3>\n<h3><\/h3>\n<p>&nbsp;<\/p>\n<h3>La voiture \u00e9lectrique ou hybride, lorsque la voiture est indispensable !<\/h3>\n<p><img decoding=\"async\" loading=\"lazy\" class=\"wp-image-2598 alignleft\" src=\"https:\/\/www.micro-mobility.fr\/blog\/wp-content\/uploads\/2022\/07\/human-hand-is-holding-electric-car-charging-connect-to-electric-car-scaled.jpg\" alt=\"\" width=\"359\" height=\"239\" srcset=\"https:\/\/www.micro-mobility.fr\/blog\/wp-content\/uploads\/2022\/07\/human-hand-is-holding-electric-car-charging-connect-to-electric-car-scaled.jpg 2560w, https:\/\/www.micro-mobility.fr\/blog\/wp-content\/uploads\/2022\/07\/human-hand-is-holding-electric-car-charging-connect-to-electric-car-300x200.jpg 300w, https:\/\/www.micro-mobility.fr\/blog\/wp-content\/uploads\/2022\/07\/human-hand-is-holding-electric-car-charging-connect-to-electric-car-1024x683.jpg 1024w, https:\/\/www.micro-mobility.fr\/blog\/wp-content\/uploads\/2022\/07\/human-hand-is-holding-electric-car-charging-connect-to-electric-car-768x512.jpg 768w, https:\/\/www.micro-mobility.fr\/blog\/wp-content\/uploads\/2022\/07\/human-hand-is-holding-electric-car-charging-connect-to-electric-car-1536x1024.jpg 1536w, https:\/\/www.micro-mobility.fr\/blog\/wp-content\/uploads\/2022\/07\/human-hand-is-holding-electric-car-charging-connect-to-electric-car-2048x1365.jpg 2048w\" sizes=\"(max-width: 359px) 100vw, 359px\" \/><\/p>\n<p>&nbsp;<\/p>\n<p>La destruction de l&rsquo;environnement et de la couche d&rsquo;ozone sont en partie \u00e0 cause des anciennes voitures tr\u00e8s polluantes. Les vieilles voitures \u00e0 essence produisent une quantit\u00e9 importante de CO2 et de gaz nocifs cr\u00e9ant des d\u00e9g\u00e2ts pour l&rsquo;environnement.<\/p>\n<p>Pour pr\u00e9server la plan\u00e8te, il est conseill\u00e9 d&rsquo;opter pour des voitures plus propres comme la voiture \u00e9lectrique ou hybride.<\/p>\n<p>&nbsp;<\/p>\n<p>&nbsp;<\/p>\n<p>Si vous souhaitez un moyen de transport priv\u00e9, tel que la voiture, et qui pollue peu, la voiture \u00e9lectrique est le meilleur compromis.<\/p>\n<p>Les voitures \u00e9lectriques consomme peu d&rsquo;\u00e9nergie gr\u00e2ce \u00e0 des syst\u00e8mes de batteries rechargeables. Un peu plus on\u00e9reuse que les voitures traditionnelles, sur le long terme, elles contribuent grandement \u00e0 la protection de l&rsquo;environnement et procure un retour sur investissement int\u00e9ressant.<\/p>\n<p>&nbsp;<\/p>\n<p>De plus en plus de modes de d\u00e9placement doux tendent \u00e0 remplacer la voiture. N&rsquo;h\u00e9sitez plus \u00e0 sauter le pas et \u00e0 contribuer \u00e0 la protection de l&rsquo;environnement !<\/p>\n<p>&nbsp;<\/p>\n<hr \/>\n<p><strong>Retrouvez-nous sur nos diff\u00e9rents r\u00e9seaux :<\/strong><\/p>\n<p>&nbsp;<\/p>\n<p><strong><img decoding=\"async\" loading=\"lazy\" class=\"wp-image-1271 alignleft\" src=\"https:\/\/www.micro-mobility.fr\/blog\/wp-content\/uploads\/2018\/10\/instagram-logo-transparent-png-571.png\" sizes=\"(max-width: 53px) 100vw, 53px\" srcset=\"https:\/\/www.micro-mobility.fr\/blog\/wp-content\/uploads\/2018\/10\/instagram-logo-transparent-png-571.png 1000w, https:\/\/www.micro-mobility.fr\/blog\/wp-content\/uploads\/2018\/10\/instagram-logo-transparent-png-571-300x300.png 300w, https:\/\/www.micro-mobility.fr\/blog\/wp-content\/uploads\/2018\/10\/instagram-logo-transparent-png-571-150x150.png 150w, https:\/\/www.micro-mobility.fr\/blog\/wp-content\/uploads\/2018\/10\/instagram-logo-transparent-png-571-768x768.png 768w\" alt=\"\" width=\"53\" height=\"53\" \/><\/strong>Suivez-nous sur notre compte Instagram pour retrouver nos aventures !<\/p>\n<p><a href=\"https:\/\/www.instagram.com\/micromobilityfrance\/?hl=fr\" target=\"_blank\" rel=\"noopener noreferrer\"><strong>@micromobilityfrance<\/strong><\/a><\/p>\n<p>&nbsp;<\/p>\n<p><strong><img decoding=\"async\" loading=\"lazy\" class=\"wp-image-1272 alignleft\" src=\"https:\/\/www.micro-mobility.fr\/blog\/wp-content\/uploads\/2018\/10\/584ac2d03ac3a570f94a666d.png\" sizes=\"(max-width: 50px) 100vw, 50px\" srcset=\"https:\/\/www.micro-mobility.fr\/blog\/wp-content\/uploads\/2018\/10\/584ac2d03ac3a570f94a666d.png 250w, https:\/\/www.micro-mobility.fr\/blog\/wp-content\/uploads\/2018\/10\/584ac2d03ac3a570f94a666d-150x150.png 150w\" alt=\"\" width=\"50\" height=\"50\" \/><\/strong><\/p>\n<p>Retrouvez-nous sur notre page Facebook pour suivre nos aventures !<\/p>\n<p><a href=\"https:\/\/www.facebook.com\/MicroMobilityFrance\/\" target=\"_blank\" rel=\"noopener noreferrer\"><strong>Micro Mobility France<\/strong><\/a><\/p>\n<p>&nbsp;<\/p>\n<p><img decoding=\"async\" loading=\"lazy\" class=\"alignleft wp-image-2115\" src=\"https:\/\/www.micro-mobility.fr\/blog\/wp-content\/uploads\/2018\/07\/linkedin-300x300.png\" sizes=\"(max-width: 50px) 100vw, 50px\" srcset=\"https:\/\/www.micro-mobility.fr\/blog\/wp-content\/uploads\/2018\/07\/linkedin-300x300.png 300w, https:\/\/www.micro-mobility.fr\/blog\/wp-content\/uploads\/2018\/07\/linkedin-150x150.png 150w, https:\/\/www.micro-mobility.fr\/blog\/wp-content\/uploads\/2018\/07\/linkedin.png 512w\" alt=\"\" width=\"50\" height=\"50\" \/>Rendez-vous \u00e9galement sur notre compte Linkedin pour suivre nos actualit\u00e9s !<\/p>\n<p><strong><a href=\"https:\/\/www.linkedin.com\/company\/micro-mobility-france\/?viewAsMember=true\" target=\"_blank\" rel=\"nofollow noopener\">Micro Mobility France<\/a><\/strong><\/p>\n<p>&nbsp;<\/p>\n<p><img decoding=\"async\" loading=\"lazy\" class=\"wp-image-1289 alignleft\" src=\"https:\/\/www.micro-mobility.fr\/blog\/wp-content\/uploads\/2020\/11\/580b57fcd9996e24bc43c545.png\" sizes=\"(max-width: 50px) 100vw, 50px\" srcset=\"https:\/\/www.micro-mobility.fr\/blog\/wp-content\/uploads\/2020\/11\/580b57fcd9996e24bc43c545.png 1024w, https:\/\/www.micro-mobility.fr\/blog\/wp-content\/uploads\/2020\/11\/580b57fcd9996e24bc43c545-300x211.png 300w, https:\/\/www.micro-mobility.fr\/blog\/wp-content\/uploads\/2020\/11\/580b57fcd9996e24bc43c545-768x541.png 768w\" alt=\"\" width=\"50\" height=\"35\" \/><\/p>\n<p>Pour voir nos tutoriels SAV et toutes nos vid\u00e9os autour de Micro, rendez-vous sur notre cha\u00eene YouTube !<\/p>\n<p><a href=\"https:\/\/www.youtube.com\/channel\/UCsLJ7ihEkJGE-pmGQDE1H7w\/featured?view_as=subscriber\" target=\"_blank\" rel=\"nofollow noopener noreferrer\"><strong>Micro Mobility France<\/strong><\/a><\/p>\n","protected":false},"excerpt":{"rendered":"<p>La voiture est le principal moyen de transport utilis\u00e9 et participe grandement \u00e0 la pollution de l&rsquo;environnement. Il est donc indispensable que nous changions nos habitudes de d\u00e9placements. Dans cet article, vous trouverez le top 7 des moyens de transport doux pour les d\u00e9placements en ville.<\/p>\n","protected":false},"author":6,"featured_media":2657,"comment_status":"closed","ping_status":"open","sticky":false,"template":"","format":"standard","meta":[],"categories":[1],"tags":[],"aioseo_notices":[],"_links":{"self":[{"href":"https:\/\/www.micro-mobility.fr\/blog\/wp-json\/wp\/v2\/posts\/2577"}],"collection":[{"href":"https:\/\/www.micro-mobility.fr\/blog\/wp-json\/wp\/v2\/posts"}],"about":[{"href":"https:\/\/www.micro-mobility.fr\/blog\/wp-json\/wp\/v2\/types\/post"}],"author":[{"embeddable":true,"href":"https:\/\/www.micro-mobility.fr\/blog\/wp-json\/wp\/v2\/users\/6"}],"replies":[{"embeddable":true,"href":"https:\/\/www.micro-mobility.fr\/blog\/wp-json\/wp\/v2\/comments?post=2577"}],"version-history":[{"count":29,"href":"https:\/\/www.micro-mobility.fr\/blog\/wp-json\/wp\/v2\/posts\/2577\/revisions"}],"predecessor-version":[{"id":3510,"href":"https:\/\/www.micro-mobility.fr\/blog\/wp-json\/wp\/v2\/posts\/2577\/revisions\/3510"}],"wp:featuredmedia":[{"embeddable":true,"href":"https:\/\/www.micro-mobility.fr\/blog\/wp-json\/wp\/v2\/media\/2657"}],"wp:attachment":[{"href":"https:\/\/www.micro-mobility.fr\/blog\/wp-json\/wp\/v2\/media?parent=2577"}],"wp:term":[{"taxonomy":"category","embeddable":true,"href":"https:\/\/www.micro-mobility.fr\/blog\/wp-json\/wp\/v2\/categories?post=2577"},{"taxonomy":"post_tag","embeddable":true,"href":"https:\/\/www.micro-mobility.fr\/blog\/wp-json\/wp\/v2\/tags?post=2577"}],"curies":[{"name":"wp","href":"https:\/\/api.w.org\/{rel}","templated":true}]}}