{"id":2659,"date":"2022-09-02T11:35:38","date_gmt":"2022-09-02T09:35:38","guid":{"rendered":"https:\/\/www.micro-mobility.fr\/blog\/?p=2659"},"modified":"2024-01-09T16:39:37","modified_gmt":"2024-01-09T15:39:37","slug":"micro-x-nowos-la-durabilite-avant-tout","status":"publish","type":"post","link":"https:\/\/www.micro-mobility.fr\/blog\/micro-x-nowos-la-durabilite-avant-tout\/","title":{"rendered":"Micro X Nowos : La durabilit\u00e9 avant tout"},"content":{"rendered":"<p><img decoding=\"async\" loading=\"lazy\" class=\"alignnone wp-image-2704 size-full\" src=\"https:\/\/www.micro-mobility.fr\/blog\/wp-content\/uploads\/2022\/07\/Slider-site-33.png\" alt=\"Micro X Nowos : Reconditionnement des batteries pour augmenter la durabilit\u00e9\" width=\"3200\" height=\"840\" srcset=\"https:\/\/www.micro-mobility.fr\/blog\/wp-content\/uploads\/2022\/07\/Slider-site-33.png 3200w, https:\/\/www.micro-mobility.fr\/blog\/wp-content\/uploads\/2022\/07\/Slider-site-33-300x79.png 300w, https:\/\/www.micro-mobility.fr\/blog\/wp-content\/uploads\/2022\/07\/Slider-site-33-1024x269.png 1024w, https:\/\/www.micro-mobility.fr\/blog\/wp-content\/uploads\/2022\/07\/Slider-site-33-768x202.png 768w, https:\/\/www.micro-mobility.fr\/blog\/wp-content\/uploads\/2022\/07\/Slider-site-33-1536x403.png 1536w, https:\/\/www.micro-mobility.fr\/blog\/wp-content\/uploads\/2022\/07\/Slider-site-33-2048x538.png 2048w, https:\/\/www.micro-mobility.fr\/blog\/wp-content\/uploads\/2022\/07\/Slider-site-33-1600x420.png 1600w\" sizes=\"(max-width: 3200px) 100vw, 3200px\" \/><\/p>\n<h2><\/h2>\n<p>&nbsp;<\/p>\n<h2 style=\"text-align: center;\"><span style=\"font-weight: 400;\"><strong><em>\u201cOn ne change pas une Micro, on la r\u00e9pare\u201d<\/em> \u00a0<\/strong><\/span><\/h2>\n<p>&nbsp;<\/p>\n<p style=\"text-align: left;\"><span style=\"font-weight: 400;\">C&rsquo;est la devise de Micro Mobility depuis toujours.\u00a0<\/span><\/p>\n<p><span style=\"font-weight: 400;\">Chaque jour, Micro lutte un peu plus contre l\u2019obsolescence programm\u00e9e en proposant 100% des pi\u00e8ces d\u00e9tach\u00e9es disponibles sur notre site. De plus, nous garantissons 10 ans de disponibilit\u00e9 de celles-ci.\u00a0<\/span><\/p>\n<p><span style=\"font-weight: 400;\">Micro Mobility est toujours \u00e0 la recherche de solutions pour r\u00e9parer ses trottinettes. Qu\u2019elles soient m\u00e9caniques ou \u00e9lectriques, Micro a pour engagement la durabilit\u00e9 et la long\u00e9vit\u00e9 de ses produits, et notamment des batteries.\u00a0<\/span><\/p>\n<p><span style=\"font-weight: 400;\">C\u2019est pourquoi Micro a \u00e9tabli un partenariat avec Nowos, entreprise multiculturelle au service du march\u00e9 europ\u00e9en de la mobilit\u00e9 \u00e9lectrique depuis 2020.\u00a0<\/span><\/p>\n<p>&nbsp;<\/p>\n<h2>Qui est Nowos ?<\/h2>\n<p><img decoding=\"async\" loading=\"lazy\" class=\"aligncenter wp-image-2730\" src=\"https:\/\/www.micro-mobility.fr\/blog\/wp-content\/uploads\/2022\/08\/title-1631894396.jpg\" alt=\"Partenariat Micro X Nowos : Le reconditionnement de batteries \u00e9lectriques\" width=\"606\" height=\"273\" srcset=\"https:\/\/www.micro-mobility.fr\/blog\/wp-content\/uploads\/2022\/08\/title-1631894396.jpg 1600w, https:\/\/www.micro-mobility.fr\/blog\/wp-content\/uploads\/2022\/08\/title-1631894396-300x135.jpg 300w, https:\/\/www.micro-mobility.fr\/blog\/wp-content\/uploads\/2022\/08\/title-1631894396-1024x461.jpg 1024w, https:\/\/www.micro-mobility.fr\/blog\/wp-content\/uploads\/2022\/08\/title-1631894396-768x346.jpg 768w, https:\/\/www.micro-mobility.fr\/blog\/wp-content\/uploads\/2022\/08\/title-1631894396-1536x692.jpg 1536w\" sizes=\"(max-width: 606px) 100vw, 606px\" \/><\/p>\n<p>Startup n\u00e9e en 2019 aux Pays-Bas, <a href=\"https:\/\/nowos.com\/?lang=fr\" target=\"_blank\" rel=\"nofollow noopener sponsored\">Nowos<\/a> propose un service de r\u00e9paration et de reconditionnement pour allonger la dur\u00e9e de vie des batteries Lithium-ion qui alimentent gyropodes, <a href=\"https:\/\/www.micro-mobility.fr\/116-trottinette-electrique\">v\u00e9los et trottinettes \u00e9lectriques<\/a>.<\/p>\n<p>Europ\u00e9enne, \u00e9cologique, innovante et experte en la mati\u00e8re, Nowos se positionne aujourd&rsquo;hui comme l&rsquo;interlocuteur principal des professionnels de la micro mobilit\u00e9 et de la mobilit\u00e9 douce en r\u00e9parant et reconditionnant les batteries lithium-ion.<\/p>\n<p>Avec l\u2019expansion de la mobilit\u00e9 douce et des voitures \u00e9lectriques, les demandes en batteries lithium sont \u00e9lev\u00e9es. Cela pose probl\u00e8me concernant l\u2019extraction des mati\u00e8res premi\u00e8res.<\/p>\n<p>Pour r\u00e9duire l\u2019extraction de ces mati\u00e8res premi\u00e8res, Nowos a d\u00e9cid\u00e9 de se lancer les services de r\u00e9paration et reconditionnement des batteries. Ils vont r\u00e9duire l\u2019extraction des mati\u00e8res premi\u00e8res en exploitant les batteries d\u00e9j\u00e0 en circulation.<\/p>\n<p>Nowos prend en consid\u00e9ration diff\u00e9rentes probl\u00e9matiques telles que la s\u00e9curit\u00e9 de l&rsquo;environnement des usines de r\u00e9paration mais aussi les r\u00e8gles et r\u00e9glementations.<\/p>\n<p><span style=\"font-weight: 400;\">Chaque ann\u00e9e,<strong> Nowos reconditionne 75% des batteries d\u00e9fectueuses en France<\/strong>.\u00a0\u00a0<\/span><\/p>\n<p>&nbsp;<\/p>\n<h2>Le partenariat Micro X Nowos<\/h2>\n<p>Pour mieux comprendre la collaboration entre Micro et Nowos, regardez notre vid\u00e9o interview avec Gr\u00e9goire Henin, PDG de Micro Mobility France et Ambre Eppler, Co-fondatrice de l&rsquo;entreprise Nowos !<\/p>\n<p><iframe loading=\"lazy\" title=\"MICRO &amp; NOWOS : La durabilit\u00e9 avant tout !\" width=\"640\" height=\"480\" src=\"https:\/\/www.youtube.com\/embed\/g4Em4TtGgsk?feature=oembed\" frameborder=\"0\" allow=\"accelerometer; autoplay; clipboard-write; encrypted-media; gyroscope; picture-in-picture; web-share\" allowfullscreen><\/iframe><\/p>\n<h2><\/h2>\n<p>&nbsp;<\/p>\n<h2>En r\u00e9sum\u00e9&#8230;<\/h2>\n<p><img decoding=\"async\" loading=\"lazy\" class=\"wp-image-2741 alignleft\" src=\"https:\/\/www.micro-mobility.fr\/blog\/wp-content\/uploads\/2022\/08\/large-Spare-Parts-240x300.jpg\" alt=\"\" width=\"248\" height=\"310\" srcset=\"https:\/\/www.micro-mobility.fr\/blog\/wp-content\/uploads\/2022\/08\/large-Spare-Parts-240x300.jpg 240w, https:\/\/www.micro-mobility.fr\/blog\/wp-content\/uploads\/2022\/08\/large-Spare-Parts-819x1024.jpg 819w, https:\/\/www.micro-mobility.fr\/blog\/wp-content\/uploads\/2022\/08\/large-Spare-Parts-768x960.jpg 768w, https:\/\/www.micro-mobility.fr\/blog\/wp-content\/uploads\/2022\/08\/large-Spare-Parts.jpg 960w\" sizes=\"(max-width: 248px) 100vw, 248px\" \/><\/p>\n<p>&nbsp;<\/p>\n<p>Micro en qu\u00eate constante depuis toujours de la r\u00e9duction de ses d\u00e9chets et du rallongement de la dur\u00e9e de vie de ses produits, a trouv\u00e9 chaussure \u00e0 son pied avec Nowos !<\/p>\n<p>En effet, depuis plus de 20 ans, Micro innove et imagine des solutions de micro-mobilit\u00e9 pour offrir aux citadins la possibilit\u00e9 de se d\u00e9placer avec un minimum de contraintes et un maximum de plaisir.<\/p>\n<p>Pour cela, nous avons \u00e0 c\u0153ur de concevoir des produits qui se transmettent, gr\u00e2ce \u00e0 leur robustesse et de leur long\u00e9vit\u00e9. Nous sommes convaincus que la durabilit\u00e9 est le meilleur vecteur pour consommer diff\u00e9remment et nous luttons chaque jour contre l\u2019obsolescence programm\u00e9e.<\/p>\n<p>C&rsquo;est ainsi que nous nous engageons \u00e0 proposer des produits <strong>durables<\/strong>\u00a0et\u00a0<strong>r\u00e9parables<\/strong>\u00a0avec une disponibilit\u00e9 des pi\u00e8ces d\u00e9tach\u00e9es garantie 10 ans.<\/p>\n<p>Ce partenariat permet donc de participer\u00a0 ensemble au d\u00e9veloppement d&rsquo;une mobilit\u00e9 plus durable par le biais de la r\u00e9paration des batteries lithium !<\/p>\n<h3><\/h3>\n<p>&nbsp;<\/p>\n<h3>Mais comment prolonger la durabilit\u00e9 ?<\/h3>\n<p>Gr\u00e2ce \u00e0 une \u00e9quipe de 33 personnes engag\u00e9es et motiv\u00e9es<strong>,\u00a0<\/strong>via 3usines de r\u00e9paration \u2013 une bas\u00e9e \u00e0 Amsterdam et 2 autres pr\u00e8s de Lyon.<\/p>\n<p>En effet, <strong>la dur\u00e9e de vie d\u2019une batterie lithium se mesure en cycle<\/strong>, elle en comprend environ 500 pour chaque batterie. En fonction de la qualit\u00e9 et de son utilisation, la dur\u00e9e de vie de celle-ci peut varier entre 2 et 7 ans\u00a0:<\/p>\n<p><img decoding=\"async\" loading=\"lazy\" class=\"aligncenter wp-image-2738\" src=\"https:\/\/www.micro-mobility.fr\/blog\/wp-content\/uploads\/2022\/08\/nowos-va-former-a-la-reparation-de-batteries-au-lithium-ion-16318-1.jpg\" alt=\"\" width=\"256\" height=\"192\" srcset=\"https:\/\/www.micro-mobility.fr\/blog\/wp-content\/uploads\/2022\/08\/nowos-va-former-a-la-reparation-de-batteries-au-lithium-ion-16318-1.jpg 1000w, https:\/\/www.micro-mobility.fr\/blog\/wp-content\/uploads\/2022\/08\/nowos-va-former-a-la-reparation-de-batteries-au-lithium-ion-16318-1-300x225.jpg 300w, https:\/\/www.micro-mobility.fr\/blog\/wp-content\/uploads\/2022\/08\/nowos-va-former-a-la-reparation-de-batteries-au-lithium-ion-16318-1-768x576.jpg 768w\" sizes=\"(max-width: 256px) 100vw, 256px\" \/><\/p>\n<p style=\"text-align: left;\">Selon Ambre Eppler, Co-fondatrice de l&rsquo;entreprise <a href=\"https:\/\/nowos.com\/?lang=fr\" target=\"_blank\" rel=\"nofollow noopener sponsored\">Nowos<\/a> :<\/p>\n<p style=\"text-align: left;\"><span style=\"color: #333399;\"><em>\u00ab Pour une application en food delivery, par exemple, la batterie est mise \u00e0 rude \u00e9preuve car elle est expos\u00e9e quotidiennement \u00e0 l\u2019environnement ext\u00e9rieur. Elle sera utilis\u00e9e \u00e0 l\u2019extr\u00eame et aura entam\u00e9 la moiti\u00e9 de sa dur\u00e9e de vie au bout de quelques mois. Une application occasionnelle, pour une balade \u00e0 v\u00e9lo en weekend par exemple, aura beaucoup moins d\u2019impact sur la batterie.\u00bb<\/em><\/span><\/p>\n<p>Les batteries sont donc confi\u00e9es \u00e0 Nowos lorsque celles-ci ne fonctionnent plus, la startup l&rsquo;analyse et essayer d&rsquo;en d\u00e9terminer la cause et l&rsquo;origine &#8211; s\u2019il s\u2019agit d\u2019une pi\u00e8ce \u00e9lectronique d\u00e9fectueuse par exemple, si c\u2019est de l\u2019ordre du hardware (mat\u00e9riel permettant d&rsquo;installer les \u00e9l\u00e9ments de votre batterie) ou du software (mat\u00e9riel informatique n\u00e9cessaire pour installer les \u00e9l\u00e9ments de votre batterie) \u2013 et la r\u00e9pare et la reconditionne lorsque cela est possible.<\/p>\n<p><em>\u201cIl est tr\u00e8s rare que les batteries soient en fin de vie. Si c\u2019est le cas, Nowos est \u00e9galement un point de collecte pour ses clients qui ont des obligations r\u00e9glementaires concernant le recyclage. <\/em>Explique Ambre.<em>\u201d<\/em><\/p>\n<p>Nowos renvoie ensuite celles-ci \u00e0 Micro avec un minimum de <em><strong>80% d\u2019autonomie initiale et une garantie de 6 mois.<\/strong><\/em><\/p>\n<p><span style=\"font-weight: 400;\">Ce partenariat permet non seulement de r\u00e9duire l\u2019impact environnemental avec une r\u00e9duction des d\u00e9chets en cherchant \u00e0 r\u00e9parer et redonner une seconde vie aux batteries d\u00e9fectueuses plut\u00f4t que d&rsquo;avoir \u00e0 les envoyer \u00e0 la d\u00e9charge, mais aussi une r\u00e9duction de l\u2019extraction de mati\u00e8res premi\u00e8res en \u00e9conomisant les composants d&rsquo;une batterie lithium-ion !<\/span><\/p>\n<p><span style=\"font-weight: 400;\">Gr\u00e2ce \u00e0 un processus unique, Nowos nous permet, depuis 2020, de remettre sur le march\u00e9 <strong>65% de nos batteries usag\u00e9es et ainsi de r\u00e9duire d\u2019autant notre production de d\u00e9chets<\/strong>.\u00a0<\/span><\/p>\n<p><span style=\"font-weight: 400;\">Plus concr\u00e8tement, en 2021, <strong>sur 251 batteries envoy\u00e9es \u00e0 Nowos, Micro a pu en remettre 163 sur le march\u00e9 de la trottinette \u00e9lectrique<\/strong>.\u00a0<\/span><\/p>\n<p>Un beau partenariat !<\/p>\n<p>Pour d\u00e9couvrir notre gamme de trottinettes \u00e9lectriques, rendez-vous sur notre site internet : <a title=\"Trottinettes \u00e9lectriques Micro\" href=\"https:\/\/www.micro-mobility.fr\/118-trottinette-electrique\" target=\"_blank\" rel=\"nofollow noopener sponsored\">Trottinettes \u00e9lectriques Micro<\/a><\/p>\n<hr \/>\n<p><strong>Retrouvez-nous sur nos diff\u00e9rents r\u00e9seaux :<\/strong><\/p>\n<p>&nbsp;<\/p>\n<p><strong><img decoding=\"async\" loading=\"lazy\" class=\"wp-image-1271 alignleft\" src=\"https:\/\/www.micro-mobility.fr\/blog\/wp-content\/uploads\/2018\/10\/instagram-logo-transparent-png-571.png\" sizes=\"(max-width: 53px) 100vw, 53px\" srcset=\"https:\/\/www.micro-mobility.fr\/blog\/wp-content\/uploads\/2018\/10\/instagram-logo-transparent-png-571.png 1000w, https:\/\/www.micro-mobility.fr\/blog\/wp-content\/uploads\/2018\/10\/instagram-logo-transparent-png-571-300x300.png 300w, https:\/\/www.micro-mobility.fr\/blog\/wp-content\/uploads\/2018\/10\/instagram-logo-transparent-png-571-150x150.png 150w, https:\/\/www.micro-mobility.fr\/blog\/wp-content\/uploads\/2018\/10\/instagram-logo-transparent-png-571-768x768.png 768w\" alt=\"\" width=\"53\" height=\"53\" \/><\/strong>Suivez-nous sur notre compte Instagram pour retrouver nos aventures !<\/p>\n<p><a href=\"https:\/\/www.instagram.com\/micromobilityfrance\/?hl=fr\" target=\"_blank\" rel=\"noopener noreferrer\"><strong>@micromobilityfrance<\/strong><\/a><\/p>\n<p>&nbsp;<\/p>\n<p><strong><img decoding=\"async\" loading=\"lazy\" class=\"wp-image-1272 alignleft\" src=\"https:\/\/www.micro-mobility.fr\/blog\/wp-content\/uploads\/2018\/10\/584ac2d03ac3a570f94a666d.png\" sizes=\"(max-width: 50px) 100vw, 50px\" srcset=\"https:\/\/www.micro-mobility.fr\/blog\/wp-content\/uploads\/2018\/10\/584ac2d03ac3a570f94a666d.png 250w, https:\/\/www.micro-mobility.fr\/blog\/wp-content\/uploads\/2018\/10\/584ac2d03ac3a570f94a666d-150x150.png 150w\" alt=\"\" width=\"50\" height=\"50\" \/><\/strong><\/p>\n<p>Retrouvez-nous sur notre page Facebook pour suivre nos aventures !<\/p>\n<p><a href=\"https:\/\/www.facebook.com\/MicroMobilityFrance\/\" target=\"_blank\" rel=\"noopener noreferrer\"><strong>Micro Mobility France<\/strong><\/a><\/p>\n<p>&nbsp;<\/p>\n<p><img decoding=\"async\" loading=\"lazy\" class=\"alignleft wp-image-2115\" src=\"https:\/\/www.micro-mobility.fr\/blog\/wp-content\/uploads\/2018\/07\/linkedin-300x300.png\" sizes=\"(max-width: 50px) 100vw, 50px\" srcset=\"https:\/\/www.micro-mobility.fr\/blog\/wp-content\/uploads\/2018\/07\/linkedin-300x300.png 300w, https:\/\/www.micro-mobility.fr\/blog\/wp-content\/uploads\/2018\/07\/linkedin-150x150.png 150w, https:\/\/www.micro-mobility.fr\/blog\/wp-content\/uploads\/2018\/07\/linkedin.png 512w\" alt=\"\" width=\"50\" height=\"50\" \/>Rendez-vous \u00e9galement sur notre compte Linkedin pour suivre nos actualit\u00e9s !<\/p>\n<p><strong><a href=\"https:\/\/www.linkedin.com\/company\/micro-mobility-france\/?viewAsMember=true\" target=\"_blank\" rel=\"nofollow noopener\">Micro Mobility France<\/a><\/strong><\/p>\n<p>&nbsp;<\/p>\n<p><img decoding=\"async\" loading=\"lazy\" class=\"wp-image-1289 alignleft\" src=\"https:\/\/www.micro-mobility.fr\/blog\/wp-content\/uploads\/2020\/11\/580b57fcd9996e24bc43c545.png\" sizes=\"(max-width: 50px) 100vw, 50px\" srcset=\"https:\/\/www.micro-mobility.fr\/blog\/wp-content\/uploads\/2020\/11\/580b57fcd9996e24bc43c545.png 1024w, https:\/\/www.micro-mobility.fr\/blog\/wp-content\/uploads\/2020\/11\/580b57fcd9996e24bc43c545-300x211.png 300w, https:\/\/www.micro-mobility.fr\/blog\/wp-content\/uploads\/2020\/11\/580b57fcd9996e24bc43c545-768x541.png 768w\" alt=\"\" width=\"50\" height=\"35\" \/><\/p>\n<p>Pour voir nos tutoriels SAV et toutes nos vid\u00e9os autour de Micro, rendez-vous sur notre cha\u00eene YouTube !<\/p>\n<p><a href=\"https:\/\/www.youtube.com\/channel\/UCsLJ7ihEkJGE-pmGQDE1H7w\/featured?view_as=subscriber\" target=\"_blank\" rel=\"nofollow noopener noreferrer\"><strong>Micro Mobility France<\/strong><\/a><\/p>\n<p>&nbsp;<\/p>\n","protected":false},"excerpt":{"rendered":"<p>Dans sa lutte de r\u00e9duction de d\u00e9chets, Micro Mobility en partenariat avec Nowos permet le reconditionnement de nombreuses batteries avant de les remettre sur le march\u00e9 avec un minimum de 80% d&rsquo;autonomie initiale, une bonne initiative pour la plan\u00e8te !<\/p>\n","protected":false},"author":6,"featured_media":2728,"comment_status":"closed","ping_status":"open","sticky":false,"template":"","format":"standard","meta":[],"categories":[1,4,6,8],"tags":[209,36,205,208,207,14,206,34,210,68,10],"aioseo_notices":[],"_links":{"self":[{"href":"https:\/\/www.micro-mobility.fr\/blog\/wp-json\/wp\/v2\/posts\/2659"}],"collection":[{"href":"https:\/\/www.micro-mobility.fr\/blog\/wp-json\/wp\/v2\/posts"}],"about":[{"href":"https:\/\/www.micro-mobility.fr\/blog\/wp-json\/wp\/v2\/types\/post"}],"author":[{"embeddable":true,"href":"https:\/\/www.micro-mobility.fr\/blog\/wp-json\/wp\/v2\/users\/6"}],"replies":[{"embeddable":true,"href":"https:\/\/www.micro-mobility.fr\/blog\/wp-json\/wp\/v2\/comments?post=2659"}],"version-history":[{"count":44,"href":"https:\/\/www.micro-mobility.fr\/blog\/wp-json\/wp\/v2\/posts\/2659\/revisions"}],"predecessor-version":[{"id":3378,"href":"https:\/\/www.micro-mobility.fr\/blog\/wp-json\/wp\/v2\/posts\/2659\/revisions\/3378"}],"wp:featuredmedia":[{"embeddable":true,"href":"https:\/\/www.micro-mobility.fr\/blog\/wp-json\/wp\/v2\/media\/2728"}],"wp:attachment":[{"href":"https:\/\/www.micro-mobility.fr\/blog\/wp-json\/wp\/v2\/media?parent=2659"}],"wp:term":[{"taxonomy":"category","embeddable":true,"href":"https:\/\/www.micro-mobility.fr\/blog\/wp-json\/wp\/v2\/categories?post=2659"},{"taxonomy":"post_tag","embeddable":true,"href":"https:\/\/www.micro-mobility.fr\/blog\/wp-json\/wp\/v2\/tags?post=2659"}],"curies":[{"name":"wp","href":"https:\/\/api.w.org\/{rel}","templated":true}]}}