{"id":2682,"date":"2022-09-19T10:54:48","date_gmt":"2022-09-19T08:54:48","guid":{"rendered":"https:\/\/www.micro-mobility.fr\/blog\/?p=2682"},"modified":"2022-09-19T11:23:40","modified_gmt":"2022-09-19T09:23:40","slug":"semaine-europeenne-de-la-mobilite-2022","status":"publish","type":"post","link":"https:\/\/www.micro-mobility.fr\/blog\/semaine-europeenne-de-la-mobilite-2022\/","title":{"rendered":"21\u00e8me \u00e9dition de la Semaine Europ\u00e9enne de la Mobilit\u00e9 &#8211; Septembre 2022"},"content":{"rendered":"<p><span style=\"font-weight: 400;\"><a href=\"https:\/\/www.ecologie.gouv.fr\/semaine-europeenne-mobilite-combinez-mobilites\" target=\"_blank\" rel=\"noopener\"><img decoding=\"async\" loading=\"lazy\" class=\"aligncenter wp-image-2686\" title=\"Semaine europ\u00e9enne de la mobilit\u00e9 2022 : Du 16 au 22 septembre\" src=\"https:\/\/www.micro-mobility.fr\/blog\/wp-content\/uploads\/2022\/07\/Visuel-SEM-2022.png\" alt=\"Semaine europ\u00e9enne de la mobilit\u00e9 2022 : Du 16 au 22 septembre\" width=\"892\" height=\"502\" srcset=\"https:\/\/www.micro-mobility.fr\/blog\/wp-content\/uploads\/2022\/07\/Visuel-SEM-2022.png 810w, https:\/\/www.micro-mobility.fr\/blog\/wp-content\/uploads\/2022\/07\/Visuel-SEM-2022-300x169.png 300w, https:\/\/www.micro-mobility.fr\/blog\/wp-content\/uploads\/2022\/07\/Visuel-SEM-2022-768x432.png 768w\" sizes=\"(max-width: 892px) 100vw, 892px\" \/><\/a><\/span><\/p>\n<p>&nbsp;<\/p>\n<p><span style=\"font-weight: 400;\">Comme chaque ann\u00e9e, la Semaine Europ\u00e9enne de la Mobilit\u00e9 a pour objectif d\u2019inciter les citoyens \u00e0 opter pour des modes de d\u00e9placements plus durables.\u00a0<\/span><\/p>\n<p><span style=\"font-weight: 400;\">Pendant 7 jours, du 16 au 22 septembre 2022, les entreprises, associations, collectivit\u00e9s ou \u00e9tablissements scolaires proposeront des actions de sensibilisation en faveur d&rsquo;une mobilit\u00e9 plus active et plus durable pour faire \u00e9voluer les mentalit\u00e9s et inciter au changement de comportements. Des prix seront\u00a0 d\u00e9cern\u00e9s aux initiatives et aux pratiques les plus innovantes.<\/span><\/p>\n<p>&nbsp;<\/p>\n<h2><strong>\u00c9dition 2022, quel est le th\u00e8me de cette ann\u00e9e ?\u00a0<\/strong><\/h2>\n<p>&nbsp;<\/p>\n<p><span style=\"font-weight: 400;\"><img decoding=\"async\" loading=\"lazy\" class=\" wp-image-2802 alignleft\" src=\"https:\/\/www.micro-mobility.fr\/blog\/wp-content\/uploads\/2022\/09\/EMW_Icon-297x300.png\" alt=\"\" width=\"279\" height=\"282\" srcset=\"https:\/\/www.micro-mobility.fr\/blog\/wp-content\/uploads\/2022\/09\/EMW_Icon-297x300.png 297w, https:\/\/www.micro-mobility.fr\/blog\/wp-content\/uploads\/2022\/09\/EMW_Icon.png 686w\" sizes=\"(max-width: 279px) 100vw, 279px\" \/>Cette ann\u00e9e le th\u00e8me est : <\/span><\/p>\n<blockquote><p><strong><em>\u201cPour de meilleures connexions, combinez les mobilit\u00e9s !\u201d<\/em><\/strong><\/p><\/blockquote>\n<p><span style=\"font-weight: 400;\">La campagne met \u00e0 l\u2019honneur l\u2019<strong>intermodalit\u00e9<\/strong>, une notion peu connue du public mais qui est essentielle pour les villes durables.\u00a0<\/span><\/p>\n<p><span style=\"font-weight: 400;\">L\u2019intermodalit\u00e9 consiste \u00e0 l\u2019utilisation successive de deux ou plusieurs modes de transports au cours d\u2019un m\u00eame d\u00e9placement. Lorsqu\u2019un citoyen prend une trottinette pour se rendre \u00e0 la gare, puis le train, on parle d\u2019intermodalit\u00e9.\u00a0<\/span><\/p>\n<p><span style=\"font-weight: 400;\">L\u2019intermodalit\u00e9 est un \u00e9l\u00e9ment cl\u00e9 dans l&rsquo;organisation d\u2019une nouvelle mobilit\u00e9 urbaine durable. Cela permet de d\u00e9multiplier les moyens de d\u00e9placement des usagers, d\u2019assurer une meilleure continuit\u00e9 de service et d\u2019am\u00e9liorer les conditions des trajets.\u00a0<\/span><\/p>\n<p><span style=\"font-weight: 400;\"><strong>Plusieurs enjeux<\/strong> sont concern\u00e9s par l\u2019intermodalit\u00e9 :\u00a0<\/span><\/p>\n<ul>\n<li style=\"font-weight: 400;\" aria-level=\"1\"><span style=\"font-weight: 400;\"><strong>Enjeu \u00e9conomique<\/strong> : L\u2019intermodalit\u00e9 permet d\u2019optimiser l\u2019offre de transport. Les services sont plus efficaces car d\u00e9ploy\u00e9s dans leurs domaines de pertinence.\u00a0<\/span><\/li>\n<li style=\"font-weight: 400;\" aria-level=\"1\"><span style=\"font-weight: 400;\"><strong>Enjeu social<\/strong> : L\u2019intermodalit\u00e9 permet de garantir pour tous le droit au transport. Cela entra\u00eene la multiplication des possibilit\u00e9s sur tout le territoire.\u00a0<\/span><\/li>\n<li style=\"font-weight: 400;\" aria-level=\"1\"><span style=\"font-weight: 400;\"><strong>Enjeux pour l\u2019environnement<\/strong> : L\u2019intermodalit\u00e9 a pour objectif de promouvoir des modes plus \u00e9cologiques et moins \u00e9metteurs de gaz \u00e0 effet de serre. Elle offre aux usagers la possibilit\u00e9 de se d\u00e9tacher de la voiture en se reportant sur des modes alternatifs.\u00a0<\/span><\/li>\n<\/ul>\n<p>Si l&rsquo;objectif principal est d&rsquo;inciter tous les citadins et les collectivit\u00e9s dans de nombreux pays europ\u00e9ens \u00e0 opter pour des modes de d\u00e9placements plus durables, une politique intermodale permet, de plus, de renforcer la comp\u00e9titivit\u00e9 des territoires et l\u2019attractivit\u00e9 des villes.<\/p>\n<p>&nbsp;<\/p>\n<h2>La Semaine Europ\u00e9enne de la Mobilit\u00e9 2022 chez Micro<\/h2>\n<p>&nbsp;<\/p>\n<p><img decoding=\"async\" loading=\"lazy\" class=\"alignnone wp-image-2302 size-full\" src=\"https:\/\/www.micro-mobility.fr\/blog\/wp-content\/uploads\/2022\/04\/large-Micro-X10.jpg\" alt=\"\" width=\"1600\" height=\"1067\" srcset=\"https:\/\/www.micro-mobility.fr\/blog\/wp-content\/uploads\/2022\/04\/large-Micro-X10.jpg 1600w, https:\/\/www.micro-mobility.fr\/blog\/wp-content\/uploads\/2022\/04\/large-Micro-X10-300x200.jpg 300w, https:\/\/www.micro-mobility.fr\/blog\/wp-content\/uploads\/2022\/04\/large-Micro-X10-1024x683.jpg 1024w, https:\/\/www.micro-mobility.fr\/blog\/wp-content\/uploads\/2022\/04\/large-Micro-X10-768x512.jpg 768w, https:\/\/www.micro-mobility.fr\/blog\/wp-content\/uploads\/2022\/04\/large-Micro-X10-1536x1024.jpg 1536w\" sizes=\"(max-width: 1600px) 100vw, 1600px\" \/><\/p>\n<p>&nbsp;<\/p>\n<p>Depuis plus de 20 ans, Micro Mobility s\u2019engage dans une d\u00e9marche de mobilit\u00e9 urbaine durable en cr\u00e9ant des produits innovants. Micro Mobility souhaite faire perdurer cet engagement en cr\u00e9ant des produits de haute qualit\u00e9 pour toute la famille, afin de faciliter le quotidien des utilisateurs.<\/p>\n<p>Depuis le lancement de la premi\u00e8re trottinette moderne du march\u00e9 il y a maintenant 22 ans, Micro n\u2019a cess\u00e9 de construire son succ\u00e8s sur la nouveaut\u00e9 et l\u2019innovation.<\/p>\n<p>Aujourd\u2019hui, Micro-Mobility s\u2019impose comme un acteur majeur dans la recherche et l\u2019implantation de solutions pour r\u00e9volutionner le quotidien des citadins. Notre objectif est de sensibiliser les citadins aux nombreux avantages que peuvent apporter les solutions de transport alternatives, dont les trottinettes bien s\u00fbr !<\/p>\n<p>&nbsp;<\/p>\n<h3>Les offres Micro<\/h3>\n<p>Cette ann\u00e9e, Micro vous propose une large gamme de trottinettes \u00e9lectriques. Compacte, confortable, puissante : tous les citadins trouveront leur mod\u00e8le. Profitez d\u00e8s maintenant des offres promotionnelles sur tous les mod\u00e8les de trottinettes \u00e9lectriques !<\/p>\n<p>&nbsp;<\/p>\n<p><strong>Micro Merlin\u00a0\u00a0<\/strong><\/p>\n<p>&nbsp;<\/p>\n<p><a href=\"https:\/\/www.micro-mobility.fr\/1860-pack-trottinette-electrique-micro-merlin.html\" target=\"_blank\" rel=\"noopener\"><img decoding=\"async\" loading=\"lazy\" class=\"alignleft wp-image-2809 \" src=\"https:\/\/www.micro-mobility.fr\/blog\/wp-content\/uploads\/2022\/09\/trottinette-electrique-micro-merlin-225x300.jpg\" alt=\"\" width=\"192\" height=\"256\" srcset=\"https:\/\/www.micro-mobility.fr\/blog\/wp-content\/uploads\/2022\/09\/trottinette-electrique-micro-merlin-225x300.jpg 225w, https:\/\/www.micro-mobility.fr\/blog\/wp-content\/uploads\/2022\/09\/trottinette-electrique-micro-merlin-768x1023.jpg 768w, https:\/\/www.micro-mobility.fr\/blog\/wp-content\/uploads\/2022\/09\/trottinette-electrique-micro-merlin.jpg 800w\" sizes=\"(max-width: 192px) 100vw, 192px\" \/><\/a>La trottinette \u00e9lectrique <a href=\"https:\/\/www.micro-mobility.fr\/1241-trottinette-electrique-micro-merlin.html\">Micro Merlin<\/a> avec frein et sonnette int\u00e9gr\u00e9e, a \u00e9t\u00e9 \u00e9lue meilleure trottinette urbaine \u2013 \u00a0Que choisir en F\u00e9vrier 2021 !<\/p>\n<p>Pour des trajets longs en ville, la Micro Merlin a \u00e9t\u00e9 con\u00e7ue pour les personnes qui souhaitent privil\u00e9gier le confort et la s\u00e9curit\u00e9 pour pouvoir effectuer de longues distances au quotidien. Avec une autonomie de 25 km, la trottinette Micro Merlin sera parfaite pour vos d\u00e9placements quotidiens !<\/p>\n<p>\ud83d\udcb0 Prix : 699\u20ac<\/p>\n<p>\ud83d\udcb8 Remise : Une batterie externe Powerbank est offerte pour tout achat <strong>d&rsquo;une valeur de 50\u20ac<\/strong> !<\/p>\n<p>&nbsp;<\/p>\n<p>&nbsp;<\/p>\n<p>&nbsp;<\/p>\n<p><strong>Micro X10\u00a0<\/strong><\/p>\n<p>&nbsp;<\/p>\n<p><a href=\"https:\/\/www.micro-mobility.fr\/1655-trottinette-electrique-micro-x10.html\" target=\"_blank\" rel=\"noopener\"><img decoding=\"async\" loading=\"lazy\" class=\"alignleft wp-image-2808 \" src=\"https:\/\/www.micro-mobility.fr\/blog\/wp-content\/uploads\/2022\/09\/trottinette-electrique-micro-X10-225x300.jpg\" alt=\"\" width=\"193\" height=\"257\" srcset=\"https:\/\/www.micro-mobility.fr\/blog\/wp-content\/uploads\/2022\/09\/trottinette-electrique-micro-X10-225x300.jpg 225w, https:\/\/www.micro-mobility.fr\/blog\/wp-content\/uploads\/2022\/09\/trottinette-electrique-micro-X10-768x1023.jpg 768w, https:\/\/www.micro-mobility.fr\/blog\/wp-content\/uploads\/2022\/09\/trottinette-electrique-micro-X10.jpg 800w\" sizes=\"(max-width: 193px) 100vw, 193px\" \/><\/a>La <a href=\"https:\/\/www.micro-mobility.fr\/1655-trottinette-electrique-micro-x10.html\">Micro X10<\/a> est le v\u00e9ritable SUV de la trottinette \u00e9lectrique, cette trottinette offre une stabilit\u00e9 et un confort de conduite en milieu urbain et p\u00e9ri-urbain. Avec sa finition irr\u00e9prochable et son design haut de gamme, la Micro X10 offre une tr\u00e8s grande fiabilit\u00e9 et est homologu\u00e9e vis \u00e0 vis de la toute nouvelle r\u00e9glementation fran\u00e7aise.<\/p>\n<p>\ud83d\udcb0 Prix : 699,90\u20ac<\/p>\n<p>\ud83d\udcb8 Remise offerte : Une batterie externe Powerbank est offerte pour tout achat <strong>d&rsquo;une valeur de 50\u20ac<\/strong> !<\/p>\n<p>&nbsp;<\/p>\n<p>&nbsp;<\/p>\n<p>&nbsp;<\/p>\n<p><strong>Micro Explorer\u00a0<\/strong><\/p>\n<p>&nbsp;<\/p>\n<p><a href=\"https:\/\/www.micro-mobility.fr\/1465-trottinette-electrique-micro-explorer.html\" target=\"_blank\" rel=\"noopener\"><img decoding=\"async\" loading=\"lazy\" class=\"alignleft wp-image-2807\" src=\"https:\/\/www.micro-mobility.fr\/blog\/wp-content\/uploads\/2022\/09\/trottinette-electrique-microexplorer-225x300.jpg\" alt=\"\" width=\"206\" height=\"275\" srcset=\"https:\/\/www.micro-mobility.fr\/blog\/wp-content\/uploads\/2022\/09\/trottinette-electrique-microexplorer-225x300.jpg 225w, https:\/\/www.micro-mobility.fr\/blog\/wp-content\/uploads\/2022\/09\/trottinette-electrique-microexplorer-768x1023.jpg 768w, https:\/\/www.micro-mobility.fr\/blog\/wp-content\/uploads\/2022\/09\/trottinette-electrique-microexplorer.jpg 800w\" sizes=\"(max-width: 206px) 100vw, 206px\" \/><\/a><\/p>\n<p>Derni\u00e8re-n\u00e9e dans la gamme des trottinettes \u00e9lectriques, la <a href=\"https:\/\/www.micro-mobility.fr\/1465-trottinette-electrique-micro-explorer.html\">Micro Explorer<\/a> a \u00e9t\u00e9 pens\u00e9e avec une seule id\u00e9e en t\u00eate : la durabilit\u00e9. C\u2019est la premi\u00e8re trottinette \u00e9lectrique du march\u00e9 construite pour durer. Ceci a \u00e9t\u00e9 rendu possible gr\u00e2ce aux 10 ans d\u2019exp\u00e9rience de Micro en la mati\u00e8re et gr\u00e2ce au choix des mat\u00e9riaux et composants de tr\u00e8s haute qualit\u00e9.<\/p>\n<p>\ud83d\udcb0 Prix habituel : 899,90\u20ac<\/p>\n<p>\ud83d\udcb8 Remise offerte : Une batterie externe Powerbank est offerte pour tout achat <strong>d&rsquo;une valeur de 50\u20ac<\/strong> !<\/p>\n<p>&nbsp;<\/p>\n<p>&nbsp;<\/p>\n<p>&nbsp;<\/p>\n<p>&nbsp;<\/p>\n<p><strong>Micro Merlin Gris &amp; Noir\u00a0<\/strong><\/p>\n<p>&nbsp;<\/p>\n<p><a href=\"https:\/\/www.micro-mobility.fr\/1666-trottinette-electrique-micro-merlin-grey-edition.html\" target=\"_blank\" rel=\"noopener\"><img decoding=\"async\" loading=\"lazy\" class=\"alignleft wp-image-2806\" src=\"https:\/\/www.micro-mobility.fr\/blog\/wp-content\/uploads\/2022\/09\/trottinette-electrique-micro-merlin-greyedition-225x300.jpg\" alt=\"\" width=\"201\" height=\"268\" srcset=\"https:\/\/www.micro-mobility.fr\/blog\/wp-content\/uploads\/2022\/09\/trottinette-electrique-micro-merlin-greyedition-225x300.jpg 225w, https:\/\/www.micro-mobility.fr\/blog\/wp-content\/uploads\/2022\/09\/trottinette-electrique-micro-merlin-greyedition-768x1023.jpg 768w, https:\/\/www.micro-mobility.fr\/blog\/wp-content\/uploads\/2022\/09\/trottinette-electrique-micro-merlin-greyedition.jpg 800w\" sizes=\"(max-width: 201px) 100vw, 201px\" \/><\/a>La <a href=\"https:\/\/www.micro-mobility.fr\/1666-trottinette-electrique-micro-merlin-grey-edition.html\">Micro Merlin Grey<\/a> est la trottinette e\u0301lectrique parfaite pour les citadins qui cherchent un mode\u0300le compacte et puissant, le tout sans faire de compromis sur le confort de conduite et les e\u0301quipements. Elle est pre\u0301conise\u0301e pour les personnes qui souhaitent combiner l\u2019usage de leur trottinette avec les transports en commun.<\/p>\n<p>\ud83d\udcb0 Prix : 749,90\u20ac<\/p>\n<p>\ud83c\udd95\u00a0Nouveaut\u00e9 : Les finitions grises &amp; noires pour un design encore plus haut de gamme !<\/p>\n<p>\ud83d\udcb8 Remise offerte : Une batterie externe Powerbank est offerte pour tout achat <strong>d&rsquo;une valeur de 50\u20ac<\/strong> !<\/p>\n<p>&nbsp;<\/p>\n<p>&nbsp;<\/p>\n<p>&nbsp;<\/p>\n<p><strong>Micro X21<\/strong><\/p>\n<p><a href=\"https:\/\/www.micro-mobility.fr\/1865-pack-trottinette-electrique-micro-x21.html\" target=\"_blank\" rel=\"noopener\"><img decoding=\"async\" loading=\"lazy\" class=\"alignleft wp-image-2805\" src=\"https:\/\/www.micro-mobility.fr\/blog\/wp-content\/uploads\/2022\/09\/trottinette-electrique-micro-X21-225x300.jpg\" alt=\"\" width=\"215\" height=\"287\" srcset=\"https:\/\/www.micro-mobility.fr\/blog\/wp-content\/uploads\/2022\/09\/trottinette-electrique-micro-X21-225x300.jpg 225w, https:\/\/www.micro-mobility.fr\/blog\/wp-content\/uploads\/2022\/09\/trottinette-electrique-micro-X21-768x1023.jpg 768w, https:\/\/www.micro-mobility.fr\/blog\/wp-content\/uploads\/2022\/09\/trottinette-electrique-micro-X21.jpg 800w\" sizes=\"(max-width: 215px) 100vw, 215px\" \/><\/a>Derni\u00e8re-n\u00e9e des trottinettes \u00e9lectriques Micro, la Micro X21 apporte robustesse, confort et stabilit\u00e9 pour un usage au quotidien. Elle est id\u00e9ale pour les citadins qui recherchent une solution pour tous leurs d\u00e9placements urbains soit en s\u2019affranchissant des transports en commun ou de la voiture, soit en combinaison avec ceux-ci.<\/p>\n<p>\ud83d\udcb0 Prix : 549,90\u20ac<\/p>\n<p>\ud83c\udd95\u00a0Nouveaut\u00e9 : Les finitions grises &amp; noires pour un design encore plus haut de gamme !<\/p>\n<p>\ud83d\udcb8 Remise offerte : <strong>50\u20ac de r\u00e9duction<\/strong> ainsi qu&rsquo;une batterie externe Powerbank est offerte pour tout achat <strong>d&rsquo;une valeur de 50\u20ac<\/strong> !<\/p>\n<p>\ud83d\udca5 Prix final : 549,90\u20ac<\/p>\n<p>&nbsp;<\/p>\n<p><strong>\u00a0 \u00a0 \u00a0 \u00a0 \u00a0 \u00a0 \u00a0 \u00a0 \u00a0 \u00a0 \u00a0 \u00a0 \u00a0 \u00a0 \u00a0 \u00a0 \u00a0 \u00a0 \u00a0 \u00a0 \u00a0 \u00a0 \u00a0 \u00a0 \u00a0 \u00a0 \u00a0 \u00a0 \u00a0 \u00a0 \u00a0 \u00a0 \u00a0 \u00a0 \u00a0 \u00a0 \u00a0 \u00a0 \u00a0 \u00a0 \u00a0 \u00a0 \u00a0 \u00a0 \u00a0 \u00a0 \u00a0 \u00a0 \u00a0 \u00a0 \u00a0 \u00a0 \u00a0 \u00a0 \u00a0 \u00a0 \u00a0 \u00a0 \u00a0 \u00a0 \u00a0 \u00a0 \u00a0 \u00a0 \u00a0 \u00a0 \u00a0 \u00a0 \u00a0 \u00a0 \u00a0 \u00a0 \u00a0 \u00a0 \u00a0 \u00a0 \u00a0 \u00a0 \u00a0 \u00a0 \u00a0 \u00a0 \u00a0 \u00a0 \u00a0 \u00a0 \u00a0 \u00a0 \u00a0 \u00a0 \u00a0 \u00a0 \u00a0 \u00a0 \u00a0 \u00a0 \u00a0 \u00a0 \u00a0 \u00a0 \u00a0\u00a0<\/strong><\/p>\n<div class=\"rte\">\n<p style=\"text-align: left;\"><strong>Les accessoires\u00a0<\/strong><\/p>\n<p>Casque, lumi\u00e8re, pack s\u00e9curit\u00e9, sonnette, support smartphone\u2026, les accessoires Micro sont \u00e9galement \u00e0 l\u2019honneur pour la semaine europ\u00e9enne de la mobilit\u00e9 2022 ! D\u00e9couvrez-les juste ci-dessous et cliquez sur celui-ci qu\u2019il vous faut !<\/p>\n<p><a href=\"https:\/\/www.micro-mobility.fr\/1619-casque-bleu-ocean.html\" target=\"_blank\" rel=\"noopener\"><img decoding=\"async\" loading=\"lazy\" class=\"alignleft wp-image-2183\" title=\"Casque bleu oc\u00e9an\" src=\"https:\/\/www.micro-mobility.fr\/blog\/wp-content\/uploads\/2021\/09\/casque-bleu-ocean-225x300.jpg\" sizes=\"(max-width: 125px) 100vw, 125px\" srcset=\"https:\/\/www.micro-mobility.fr\/blog\/wp-content\/uploads\/2021\/09\/casque-bleu-ocean-225x300.jpg 225w, https:\/\/www.micro-mobility.fr\/blog\/wp-content\/uploads\/2021\/09\/casque-bleu-ocean-768x1023.jpg 768w, https:\/\/www.micro-mobility.fr\/blog\/wp-content\/uploads\/2021\/09\/casque-bleu-ocean.jpg 800w\" alt=\"Casque Bleu oc\u00e9an\" width=\"125\" height=\"167\" \/><\/a><a href=\"https:\/\/www.micro-mobility.fr\/1287-casque-micro-noir.html\" target=\"_blank\" rel=\"noopener\"><img decoding=\"async\" loading=\"lazy\" class=\"alignleft wp-image-2184\" title=\"Casque noir\" src=\"https:\/\/www.micro-mobility.fr\/blog\/wp-content\/uploads\/2021\/09\/casque-micro-noir-225x300.jpg\" sizes=\"(max-width: 125px) 100vw, 125px\" srcset=\"https:\/\/www.micro-mobility.fr\/blog\/wp-content\/uploads\/2021\/09\/casque-micro-noir-225x300.jpg 225w, https:\/\/www.micro-mobility.fr\/blog\/wp-content\/uploads\/2021\/09\/casque-micro-noir-768x1023.jpg 768w, https:\/\/www.micro-mobility.fr\/blog\/wp-content\/uploads\/2021\/09\/casque-micro-noir.jpg 800w\" alt=\"Casque noir \" width=\"125\" height=\"167\" \/><\/a><a href=\"https:\/\/www.micro-mobility.fr\/1621-casque-rouge-automne.html\" target=\"_blank\" rel=\"noopener\"><img decoding=\"async\" loading=\"lazy\" class=\"alignleft wp-image-2185\" title=\"Casque rouge automne\" src=\"https:\/\/www.micro-mobility.fr\/blog\/wp-content\/uploads\/2021\/09\/casque-rouge-automne-225x300.jpg\" sizes=\"(max-width: 125px) 100vw, 125px\" srcset=\"https:\/\/www.micro-mobility.fr\/blog\/wp-content\/uploads\/2021\/09\/casque-rouge-automne-225x300.jpg 225w, https:\/\/www.micro-mobility.fr\/blog\/wp-content\/uploads\/2021\/09\/casque-rouge-automne-768x1023.jpg 768w, https:\/\/www.micro-mobility.fr\/blog\/wp-content\/uploads\/2021\/09\/casque-rouge-automne.jpg 800w\" alt=\"Casque rouge automne\" width=\"125\" height=\"167\" \/><\/a><a href=\"https:\/\/www.micro-mobility.fr\/1620-casque-vert-sapin.html\" target=\"_blank\" rel=\"noopener\"><img decoding=\"async\" loading=\"lazy\" class=\"alignleft wp-image-2186\" title=\"Casque vert sapin\" src=\"https:\/\/www.micro-mobility.fr\/blog\/wp-content\/uploads\/2021\/09\/casque-vert-sapin-225x300.jpg\" sizes=\"(max-width: 125px) 100vw, 125px\" srcset=\"https:\/\/www.micro-mobility.fr\/blog\/wp-content\/uploads\/2021\/09\/casque-vert-sapin-225x300.jpg 225w, https:\/\/www.micro-mobility.fr\/blog\/wp-content\/uploads\/2021\/09\/casque-vert-sapin-768x1023.jpg 768w, https:\/\/www.micro-mobility.fr\/blog\/wp-content\/uploads\/2021\/09\/casque-vert-sapin.jpg 800w\" alt=\"Casque vert sapin\" width=\"125\" height=\"167\" \/><\/a><\/p>\n<p>&nbsp;<\/p>\n<p>&nbsp;<\/p>\n<p>&nbsp;<\/p>\n<\/div>\n<p>&nbsp;<\/p>\n<p>&nbsp;<\/p>\n<div class=\"rte\">\n<p><a href=\"https:\/\/www.micro-mobility.fr\/1741-casque-micro-smart-led-noir.html\" target=\"_blank\" rel=\"noopener\"><img decoding=\"async\" loading=\"lazy\" class=\"alignleft wp-image-2810\" src=\"https:\/\/www.micro-mobility.fr\/blog\/wp-content\/uploads\/2022\/09\/1-225x300.jpg\" alt=\"\" width=\"136\" height=\"181\" srcset=\"https:\/\/www.micro-mobility.fr\/blog\/wp-content\/uploads\/2022\/09\/1-225x300.jpg 225w, https:\/\/www.micro-mobility.fr\/blog\/wp-content\/uploads\/2022\/09\/1-768x1024.jpg 768w, https:\/\/www.micro-mobility.fr\/blog\/wp-content\/uploads\/2022\/09\/1-1152x1536.jpg 1152w, https:\/\/www.micro-mobility.fr\/blog\/wp-content\/uploads\/2022\/09\/1.jpg 1500w\" sizes=\"(max-width: 136px) 100vw, 136px\" \/><\/a><\/p>\n<\/div>\n<p><a href=\"https:\/\/www.micro-mobility.fr\/1599-pack-securite-trottinette-m.html\" target=\"_blank\" rel=\"noopener\"><img decoding=\"async\" loading=\"lazy\" class=\"alignleft wp-image-2188\" title=\"Pack s\u00e9curit\u00e9 trottinette - Taille M \" src=\"https:\/\/www.micro-mobility.fr\/blog\/wp-content\/uploads\/2021\/09\/pack-securite-trottinette-m.jpg\" sizes=\"(max-width: 133px) 100vw, 133px\" srcset=\"https:\/\/www.micro-mobility.fr\/blog\/wp-content\/uploads\/2021\/09\/pack-securite-trottinette-m.jpg 800w, https:\/\/www.micro-mobility.fr\/blog\/wp-content\/uploads\/2021\/09\/pack-securite-trottinette-m-225x300.jpg 225w, https:\/\/www.micro-mobility.fr\/blog\/wp-content\/uploads\/2021\/09\/pack-securite-trottinette-m-768x1023.jpg 768w\" alt=\"Pack s\u00e9curit\u00e9 trottinette - Taille M \" width=\"133\" height=\"178\" \/><\/a><a href=\"https:\/\/www.micro-mobility.fr\/1427-lumiere-deluxe-bleu.html\" target=\"_blank\" rel=\"noopener\"><img decoding=\"async\" loading=\"lazy\" class=\"alignleft wp-image-2187\" title=\"Lumi\u00e8re deluxe bleu trottinette \" src=\"https:\/\/www.micro-mobility.fr\/blog\/wp-content\/uploads\/2021\/09\/lumiere-deluxe-bleu.jpg\" sizes=\"(max-width: 136px) 100vw, 136px\" srcset=\"https:\/\/www.micro-mobility.fr\/blog\/wp-content\/uploads\/2021\/09\/lumiere-deluxe-bleu.jpg 800w, https:\/\/www.micro-mobility.fr\/blog\/wp-content\/uploads\/2021\/09\/lumiere-deluxe-bleu-225x300.jpg 225w, https:\/\/www.micro-mobility.fr\/blog\/wp-content\/uploads\/2021\/09\/lumiere-deluxe-bleu-768x1023.jpg 768w\" alt=\"Lumi\u00e8re deluxe bleu trottinette \" width=\"136\" height=\"181\" \/><\/a>\u00a0<a href=\"https:\/\/www.micro-mobility.fr\/578-sonnette-noir.html\" target=\"_blank\" rel=\"noopener\"><img decoding=\"async\" loading=\"lazy\" class=\"alignleft wp-image-2189\" title=\"Sonnette noir trottinette \" src=\"https:\/\/www.micro-mobility.fr\/blog\/wp-content\/uploads\/2021\/09\/sonnette-noir.jpg\" sizes=\"(max-width: 133px) 100vw, 133px\" srcset=\"https:\/\/www.micro-mobility.fr\/blog\/wp-content\/uploads\/2021\/09\/sonnette-noir.jpg 800w, https:\/\/www.micro-mobility.fr\/blog\/wp-content\/uploads\/2021\/09\/sonnette-noir-225x300.jpg 225w, https:\/\/www.micro-mobility.fr\/blog\/wp-content\/uploads\/2021\/09\/sonnette-noir-768x1023.jpg 768w\" alt=\"Sonnette noir trottinette \" width=\"133\" height=\"178\" \/><\/a><\/p>\n<div class=\"rte\">\n<p>&nbsp;<\/p>\n<p>&nbsp;<\/p>\n<p>&nbsp;<\/p>\n<p>&nbsp;<\/p>\n<\/div>\n<p>&nbsp;<\/p>\n<p>&nbsp;<\/p>\n<p>Et vous, vous participez avec votre entreprise ou seul, \u00e0 la Semaine Europ\u00e9enne de la Mobilit\u00e9 2022 ?<\/p>\n<p>&nbsp;<\/p>\n<hr \/>\n<p><strong>Retrouvez-nous sur nos diff\u00e9rents r\u00e9seaux :<\/strong><\/p>\n<p>&nbsp;<\/p>\n<p><strong><img decoding=\"async\" loading=\"lazy\" class=\"wp-image-1271 alignleft\" src=\"https:\/\/www.micro-mobility.fr\/blog\/wp-content\/uploads\/2018\/10\/instagram-logo-transparent-png-571.png\" sizes=\"(max-width: 53px) 100vw, 53px\" srcset=\"https:\/\/www.micro-mobility.fr\/blog\/wp-content\/uploads\/2018\/10\/instagram-logo-transparent-png-571.png 1000w, https:\/\/www.micro-mobility.fr\/blog\/wp-content\/uploads\/2018\/10\/instagram-logo-transparent-png-571-300x300.png 300w, https:\/\/www.micro-mobility.fr\/blog\/wp-content\/uploads\/2018\/10\/instagram-logo-transparent-png-571-150x150.png 150w, https:\/\/www.micro-mobility.fr\/blog\/wp-content\/uploads\/2018\/10\/instagram-logo-transparent-png-571-768x768.png 768w\" alt=\"\" width=\"53\" height=\"53\" \/><\/strong>Suivez-nous sur notre compte Instagram pour retrouver nos aventures !<\/p>\n<p><a href=\"https:\/\/www.instagram.com\/micromobilityfrance\/?hl=fr\" target=\"_blank\" rel=\"noopener noreferrer\"><strong>@micromobilityfrance<\/strong><\/a><\/p>\n<p>&nbsp;<\/p>\n<p><strong><img decoding=\"async\" loading=\"lazy\" class=\"wp-image-1272 alignleft\" src=\"https:\/\/www.micro-mobility.fr\/blog\/wp-content\/uploads\/2018\/10\/584ac2d03ac3a570f94a666d.png\" sizes=\"(max-width: 50px) 100vw, 50px\" srcset=\"https:\/\/www.micro-mobility.fr\/blog\/wp-content\/uploads\/2018\/10\/584ac2d03ac3a570f94a666d.png 250w, https:\/\/www.micro-mobility.fr\/blog\/wp-content\/uploads\/2018\/10\/584ac2d03ac3a570f94a666d-150x150.png 150w\" alt=\"\" width=\"50\" height=\"50\" \/><\/strong><\/p>\n<p>Retrouvez-nous sur notre page Facebook pour suivre nos aventures !<\/p>\n<p><a href=\"https:\/\/www.facebook.com\/MicroMobilityFrance\/\" target=\"_blank\" rel=\"noopener noreferrer\"><strong>Micro Mobility France<\/strong><\/a><\/p>\n<p>&nbsp;<\/p>\n<p><img decoding=\"async\" loading=\"lazy\" class=\"alignleft wp-image-2115\" src=\"https:\/\/www.micro-mobility.fr\/blog\/wp-content\/uploads\/2018\/07\/linkedin-300x300.png\" sizes=\"(max-width: 50px) 100vw, 50px\" srcset=\"https:\/\/www.micro-mobility.fr\/blog\/wp-content\/uploads\/2018\/07\/linkedin-300x300.png 300w, https:\/\/www.micro-mobility.fr\/blog\/wp-content\/uploads\/2018\/07\/linkedin-150x150.png 150w, https:\/\/www.micro-mobility.fr\/blog\/wp-content\/uploads\/2018\/07\/linkedin.png 512w\" alt=\"\" width=\"50\" height=\"50\" \/>Rendez-vous \u00e9galement sur notre compte Linkedin pour suivre nos actualit\u00e9s !<\/p>\n<p><strong><a href=\"https:\/\/www.linkedin.com\/company\/micro-mobility-france\/?viewAsMember=true\" target=\"_blank\" rel=\"nofollow noopener\">Micro Mobility France<\/a><\/strong><\/p>\n<p>&nbsp;<\/p>\n<p><img decoding=\"async\" loading=\"lazy\" class=\"wp-image-1289 alignleft\" src=\"https:\/\/www.micro-mobility.fr\/blog\/wp-content\/uploads\/2020\/11\/580b57fcd9996e24bc43c545.png\" sizes=\"(max-width: 50px) 100vw, 50px\" srcset=\"https:\/\/www.micro-mobility.fr\/blog\/wp-content\/uploads\/2020\/11\/580b57fcd9996e24bc43c545.png 1024w, https:\/\/www.micro-mobility.fr\/blog\/wp-content\/uploads\/2020\/11\/580b57fcd9996e24bc43c545-300x211.png 300w, https:\/\/www.micro-mobility.fr\/blog\/wp-content\/uploads\/2020\/11\/580b57fcd9996e24bc43c545-768x541.png 768w\" alt=\"\" width=\"50\" height=\"35\" \/><\/p>\n<p>Pour voir nos tutoriels SAV et toutes nos vid\u00e9os autour de Micro, rendez-vous sur notre cha\u00eene YouTube !<\/p>\n<p><a href=\"https:\/\/www.youtube.com\/channel\/UCsLJ7ihEkJGE-pmGQDE1H7w\/featured?view_as=subscriber\" target=\"_blank\" rel=\"nofollow noopener noreferrer\"><strong>Micro Mobility France<\/strong><\/a><\/p>\n","protected":false},"excerpt":{"rendered":"<p>La semaine Europ\u00e9enne de la Mobilit\u00e9 2022 se d\u00e9roule du 16 au 22 Septembre ! Le th\u00e8me de cette ann\u00e9e est \u00ab\u00a0Pour de meilleures connexions, combinez les mobilit\u00e9s !\u00a0\u00bb. D\u00e9couvrez toutes les informations dans notre article de blog !<\/p>\n","protected":false},"author":6,"featured_media":2801,"comment_status":"closed","ping_status":"open","sticky":false,"template":"","format":"standard","meta":[],"categories":[1,4,6],"tags":[211,62,133],"aioseo_notices":[],"_links":{"self":[{"href":"https:\/\/www.micro-mobility.fr\/blog\/wp-json\/wp\/v2\/posts\/2682"}],"collection":[{"href":"https:\/\/www.micro-mobility.fr\/blog\/wp-json\/wp\/v2\/posts"}],"about":[{"href":"https:\/\/www.micro-mobility.fr\/blog\/wp-json\/wp\/v2\/types\/post"}],"author":[{"embeddable":true,"href":"https:\/\/www.micro-mobility.fr\/blog\/wp-json\/wp\/v2\/users\/6"}],"replies":[{"embeddable":true,"href":"https:\/\/www.micro-mobility.fr\/blog\/wp-json\/wp\/v2\/comments?post=2682"}],"version-history":[{"count":19,"href":"https:\/\/www.micro-mobility.fr\/blog\/wp-json\/wp\/v2\/posts\/2682\/revisions"}],"predecessor-version":[{"id":2817,"href":"https:\/\/www.micro-mobility.fr\/blog\/wp-json\/wp\/v2\/posts\/2682\/revisions\/2817"}],"wp:featuredmedia":[{"embeddable":true,"href":"https:\/\/www.micro-mobility.fr\/blog\/wp-json\/wp\/v2\/media\/2801"}],"wp:attachment":[{"href":"https:\/\/www.micro-mobility.fr\/blog\/wp-json\/wp\/v2\/media?parent=2682"}],"wp:term":[{"taxonomy":"category","embeddable":true,"href":"https:\/\/www.micro-mobility.fr\/blog\/wp-json\/wp\/v2\/categories?post=2682"},{"taxonomy":"post_tag","embeddable":true,"href":"https:\/\/www.micro-mobility.fr\/blog\/wp-json\/wp\/v2\/tags?post=2682"}],"curies":[{"name":"wp","href":"https:\/\/api.w.org\/{rel}","templated":true}]}}