{"id":2708,"date":"2022-09-05T10:00:46","date_gmt":"2022-09-05T08:00:46","guid":{"rendered":"https:\/\/www.micro-mobility.fr\/blog\/?p=2708"},"modified":"2024-06-04T08:34:41","modified_gmt":"2024-06-04T06:34:41","slug":"la-voiture-electrique-microlino","status":"publish","type":"post","link":"https:\/\/www.micro-mobility.fr\/blog\/la-voiture-electrique-microlino\/","title":{"rendered":"La voiture \u00e9lectrique Microlino !"},"content":{"rendered":"<p><img decoding=\"async\" loading=\"lazy\" class=\"alignnone wp-image-2783 size-full\" src=\"https:\/\/www.micro-mobility.fr\/blog\/wp-content\/uploads\/2022\/09\/OFFERT-9.png\" alt=\"\" width=\"3200\" height=\"1000\" srcset=\"https:\/\/www.micro-mobility.fr\/blog\/wp-content\/uploads\/2022\/09\/OFFERT-9.png 3200w, https:\/\/www.micro-mobility.fr\/blog\/wp-content\/uploads\/2022\/09\/OFFERT-9-300x94.png 300w, https:\/\/www.micro-mobility.fr\/blog\/wp-content\/uploads\/2022\/09\/OFFERT-9-1024x320.png 1024w, https:\/\/www.micro-mobility.fr\/blog\/wp-content\/uploads\/2022\/09\/OFFERT-9-768x240.png 768w, https:\/\/www.micro-mobility.fr\/blog\/wp-content\/uploads\/2022\/09\/OFFERT-9-1536x480.png 1536w, https:\/\/www.micro-mobility.fr\/blog\/wp-content\/uploads\/2022\/09\/OFFERT-9-2048x640.png 2048w\" sizes=\"(max-width: 3200px) 100vw, 3200px\" \/><\/p>\n<h2><\/h2>\n<p>&nbsp;<\/p>\n<h2 style=\"text-align: center;\">Micro Mobility lance sa toute premi\u00e8re voiture \u00e9lectrique\u00a0: la <strong>Microlino\u00a0<\/strong>!<\/h2>\n<p>&nbsp;<\/p>\n<h3 style=\"text-align: center;\"><span style=\"color: #800000;\"><em>Une voiture pratique, intuitive et l\u00e9g\u00e8re.<\/em><\/span><\/h3>\n<p>&nbsp;<\/p>\n<p>Apr\u00e8s les trottinettes enfants, adultes et \u00e9lectrique la famille Ouboter se lance dans la conception de voitures \u00e9lectriques, la <a href=\"https:\/\/microlino-car.com\/fr-fr\/microlino\" target=\"_blank\" rel=\"nofollow noopener sponsored\">Microlino<\/a> et d&rsquo;un mod\u00e8le encore plus r\u00e9duit, la <a href=\"https:\/\/microlino-car.com\/fr-fr\/microlino-lite\" target=\"_blank\" rel=\"nofollow noopener sponsored\">Microlino Lite<\/a> !<\/p>\n<p><img decoding=\"async\" loading=\"lazy\" class=\"alignnone wp-image-2715 size-full\" src=\"https:\/\/www.micro-mobility.fr\/blog\/wp-content\/uploads\/2022\/08\/large-Microlino-Preseries-Scene.jpg\" alt=\"\" width=\"1600\" height=\"800\" srcset=\"https:\/\/www.micro-mobility.fr\/blog\/wp-content\/uploads\/2022\/08\/large-Microlino-Preseries-Scene.jpg 1600w, https:\/\/www.micro-mobility.fr\/blog\/wp-content\/uploads\/2022\/08\/large-Microlino-Preseries-Scene-300x150.jpg 300w, https:\/\/www.micro-mobility.fr\/blog\/wp-content\/uploads\/2022\/08\/large-Microlino-Preseries-Scene-1024x512.jpg 1024w, https:\/\/www.micro-mobility.fr\/blog\/wp-content\/uploads\/2022\/08\/large-Microlino-Preseries-Scene-768x384.jpg 768w, https:\/\/www.micro-mobility.fr\/blog\/wp-content\/uploads\/2022\/08\/large-Microlino-Preseries-Scene-1536x768.jpg 1536w\" sizes=\"(max-width: 1600px) 100vw, 1600px\" \/><\/p>\n<h1><\/h1>\n<h1><\/h1>\n<p>&nbsp;<\/p>\n<h1>Focus sur la Microlino\u00a0!<\/h1>\n<p>&nbsp;<\/p>\n<h2>L\u2019histoire !<\/h2>\n<p><img decoding=\"async\" loading=\"lazy\" class=\"alignleft wp-image-2710\" src=\"https:\/\/www.micro-mobility.fr\/blog\/wp-content\/uploads\/2022\/08\/large-Portrait-Ouboter-Family.jpg\" alt=\"La famille Ouboter avec la Microlino\" width=\"389\" height=\"280\" srcset=\"https:\/\/www.micro-mobility.fr\/blog\/wp-content\/uploads\/2022\/08\/large-Portrait-Ouboter-Family.jpg 1600w, https:\/\/www.micro-mobility.fr\/blog\/wp-content\/uploads\/2022\/08\/large-Portrait-Ouboter-Family-300x216.jpg 300w, https:\/\/www.micro-mobility.fr\/blog\/wp-content\/uploads\/2022\/08\/large-Portrait-Ouboter-Family-1024x737.jpg 1024w, https:\/\/www.micro-mobility.fr\/blog\/wp-content\/uploads\/2022\/08\/large-Portrait-Ouboter-Family-768x552.jpg 768w, https:\/\/www.micro-mobility.fr\/blog\/wp-content\/uploads\/2022\/08\/large-Portrait-Ouboter-Family-1536x1105.jpg 1536w\" sizes=\"(max-width: 389px) 100vw, 389px\" \/><\/p>\n<p>Tout part de Suisse de la famille Ouboter. Suite au succ\u00e8s de leurs diff\u00e9rentes gammes de trottinettes <a href=\"https:\/\/www.micro-mobility.fr\/\" target=\"_blank\" rel=\"nofollow noopener\">Micro Mobility<\/a> vendues \u00e0 travers le monde entier , la famille a d\u00e9cid\u00e9 de fabriquer sa premi\u00e8re voiture \u00e9lectrique !<\/p>\n<p>La conception et les sp\u00e9cifications de cette petite voiture ont \u00e9t\u00e9 r\u00e9alis\u00e9 en collaboration avec l\u2019universit\u00e9 ZHAW.<\/p>\n<p>Mi-2015, la construction d\u2019un prototype a \u00e9t\u00e9 mise au point dans le but de la pr\u00e9senter au <strong>salon de l\u2019automobile de Gen\u00e8ve en 2016.<\/strong><\/p>\n<p>Gros succ\u00e8s\u00a0! La Microlino a fait parler d\u2019elle dans le monde entier\u00a0!<\/p>\n<p>Une coop\u00e9ration avec Tazzari, un constructeur automobile Italien, a \u00e9t\u00e9 lanc\u00e9 afin de passer au stade d\u2019un v\u00e9ritable v\u00e9hicule. La Microlino a \u00e9t\u00e9 officiellement homologu\u00e9 en Europe en 2018. La production a d\u00e9but\u00e9 en 2021 pour d\u00e9marrer les ventes fin 2022\/d\u00e9but 2023.<\/p>\n<p>&nbsp;<\/p>\n<h2>La voiture \u00e9lectrique Microlino !<\/h2>\n<p>La vision pour la cr\u00e9ation de cette voiture a \u00e9t\u00e9 de cr\u00e9er une nouvelle cat\u00e9gorie de voiture moins encombrante, \u00e9cologique et plus pratique qu\u2019une voiture conventionnelle.<\/p>\n<p><img decoding=\"async\" loading=\"lazy\" class=\"alignright wp-image-2711\" src=\"https:\/\/www.micro-mobility.fr\/blog\/wp-content\/uploads\/2022\/08\/large-Micro-Explorer-1.jpg\" alt=\"La Microlino et La trottinette Explorer\" width=\"420\" height=\"280\" srcset=\"https:\/\/www.micro-mobility.fr\/blog\/wp-content\/uploads\/2022\/08\/large-Micro-Explorer-1.jpg 1600w, https:\/\/www.micro-mobility.fr\/blog\/wp-content\/uploads\/2022\/08\/large-Micro-Explorer-1-300x200.jpg 300w, https:\/\/www.micro-mobility.fr\/blog\/wp-content\/uploads\/2022\/08\/large-Micro-Explorer-1-1024x683.jpg 1024w, https:\/\/www.micro-mobility.fr\/blog\/wp-content\/uploads\/2022\/08\/large-Micro-Explorer-1-768x512.jpg 768w, https:\/\/www.micro-mobility.fr\/blog\/wp-content\/uploads\/2022\/08\/large-Micro-Explorer-1-1536x1024.jpg 1536w\" sizes=\"(max-width: 420px) 100vw, 420px\" \/><\/p>\n<p>La voiture est un mode de transport utilis\u00e9 dans beaucoup de situations, que ce soit\u00a0:<\/p>\n<ul>\n<li>Pour le plaisir et se rendre \u00e0 un loisir,<\/li>\n<li>Pour faire les trajets du quotidien, se rendre au travail ou faire ses courses,<\/li>\n<li>Mais aussi pour des trajets de longues distances et pour partir en vacances.<\/li>\n<\/ul>\n<p>La <strong>Microlino<\/strong>, elle, excellera dans les situations de trajets routiniers, que ce soit pour se rendre au travail ou aller faire ses courses.<\/p>\n<p>Par rapport aux autres voitures, la Microlino est plus pratique et plus l\u00e9g\u00e8re. Et a de nombreux avantages compar\u00e9es \u00e0 une moto, le fait de prot\u00e9ger des intemp\u00e9ries et de pouvoir transporter des marchandises.<\/p>\n<p>La Microlino est la parfaite combinaison entre les deux, tout cela en utilisant seulement un tiers des ressources d\u2019une voiture \u00e9lectrique conventionnelle.<\/p>\n<p>&nbsp;<\/p>\n<h2>Les diff\u00e9rentes \u00e9ditions<\/h2>\n<p>La Microlino va \u00eatre lanc\u00e9 en <strong>4 \u00e9ditions distinctes<\/strong>. Chaque version est cibl\u00e9e \u00e0 un besoin sp\u00e9cifique et a un look diff\u00e9rent.<\/p>\n<p><strong>L\u2019\u00e9dition Urbaine<\/strong> est la version d\u2019entr\u00e9e de gamme. Elle sera disponible en 2 couleurs <span style=\"color: #ff9900;\">Amsterdam Orange<\/span> et Santorini White. Elle sera livr\u00e9e avec une batterie de 6 kW qui permet une autonomie de 91km. Elle sera disponible a partir du 2<sup>\u00e8me<\/sup> trimestre de 2023.<\/p>\n<p><strong>L\u2019\u00e9dition Dolce<\/strong> est pour les amateurs de r\u00e9tro. Elle sera disponible en 5 couleurs (<span style=\"color: #55eda9;\">Paris Mint<\/span>, Santorini White, <span style=\"color: #ff0000;\">Milano Red<\/span>, <span style=\"color: #3366ff;\">Zurich Blue<\/span>, et<\/p>\n<p><span style=\"color: #ff9900;\"><img decoding=\"async\" loading=\"lazy\" class=\"alignright wp-image-2784 \" src=\"https:\/\/www.micro-mobility.fr\/blog\/wp-content\/uploads\/2022\/09\/Sans-titre-1-2.jpg\" alt=\"\" width=\"434\" height=\"246\" srcset=\"https:\/\/www.micro-mobility.fr\/blog\/wp-content\/uploads\/2022\/09\/Sans-titre-1-2.jpg 2540w, https:\/\/www.micro-mobility.fr\/blog\/wp-content\/uploads\/2022\/09\/Sans-titre-1-2-300x170.jpg 300w, https:\/\/www.micro-mobility.fr\/blog\/wp-content\/uploads\/2022\/09\/Sans-titre-1-2-1024x581.jpg 1024w, https:\/\/www.micro-mobility.fr\/blog\/wp-content\/uploads\/2022\/09\/Sans-titre-1-2-768x435.jpg 768w, https:\/\/www.micro-mobility.fr\/blog\/wp-content\/uploads\/2022\/09\/Sans-titre-1-2-1536x871.jpg 1536w, https:\/\/www.micro-mobility.fr\/blog\/wp-content\/uploads\/2022\/09\/Sans-titre-1-2-2048x1161.jpg 2048w\" sizes=\"(max-width: 434px) 100vw, 434px\" \/>Amsterdam Orange<\/span>). Elle a la particularit\u00e9 d\u2019avoir le toit ouvrant. Le client aura la possibilit\u00e9 de choisir entre 3 batteries. Elle pr\u00e9sente aussi des d\u00e9tails chrom\u00e9s, des lumi\u00e8res LED et des options de style telles que l\u2019int\u00e9rieur ou les jantes.<\/p>\n<p><strong>L\u2019\u00e9dition Comp\u00e9tition<\/strong> est pour les futuristes. Elle sera disponible en 3 coloris mats, <span style=\"color: #008000;\">London Green<\/span>, <span style=\"color: #808080;\">Berlin Anthracite<\/span> et Gotham Black,<\/p>\n<p>elle dispose d\u2019un toit ouvrant, ainsi que de lumi\u00e8res LED et a une batterie de 10,5kWh. De plus, elle offre un style int\u00e9rieur et ext\u00e9rieur unique.<\/p>\n<p>Les \u00e9ditions Dolce et Comp\u00e9tition seront disponibles <span style=\"text-decoration: underline;\"><strong>fin 2022 ou d\u00e9but 2023.<\/strong><\/span><\/p>\n<p>Et enfin, il y a <strong>l\u2019\u00e9dition Pionni\u00e8re<\/strong>, la premi\u00e8re qui sera livr\u00e9 aux clients \u00e0 la fin de cette ann\u00e9e. Elle sera le premier v\u00e9hicule de s\u00e9rie de la Microlino. Elle sera disponible en deux couleurs diff\u00e9rentes, <span style=\"color: #3366ff;\">Atlantis Blue<\/span> et <span style=\"color: #808080;\">Torino Aluminium<\/span>. Des voitures au charme r\u00e9tro avec un look moderne\u00a0!<\/p>\n<p>La s\u00e9rie pionni\u00e8re sera limit\u00e9e \u00e0 999 v\u00e9hicules en hommage \u00e0 la premi\u00e8re innovation de la famille en 1999, la trottinette Micro.<\/p>\n<p>Les v\u00e9hicules de cette \u00e9dition sont \u00e9quip\u00e9s d\u2019une batterie de 10,5 kWh qui permet de parcourir environ 177km. Ils ont \u00e9galement le toit ouvrant et l\u2019int\u00e9rieur est fabriqu\u00e9 en cuir vegan de qualit\u00e9 sup\u00e9rieure. La voiture est \u00e9quip\u00e9e d\u2019haut-parleurs Bluetooth.<\/p>\n<p>&nbsp;<\/p>\n<h2><strong>\ud83d\udd27 Les sp\u00e9cificit\u00e9s techniques\u00a0<\/strong><\/h2>\n<p>&nbsp;<\/p>\n<p><img decoding=\"async\" loading=\"lazy\" class=\"wp-image-3043 alignright\" src=\"https:\/\/www.micro-mobility.fr\/blog\/wp-content\/uploads\/2022\/09\/large-Micro-Explorer-3.jpg\" alt=\"\" width=\"359\" height=\"239\" srcset=\"https:\/\/www.micro-mobility.fr\/blog\/wp-content\/uploads\/2022\/09\/large-Micro-Explorer-3.jpg 1600w, https:\/\/www.micro-mobility.fr\/blog\/wp-content\/uploads\/2022\/09\/large-Micro-Explorer-3-300x200.jpg 300w, https:\/\/www.micro-mobility.fr\/blog\/wp-content\/uploads\/2022\/09\/large-Micro-Explorer-3-1024x683.jpg 1024w, https:\/\/www.micro-mobility.fr\/blog\/wp-content\/uploads\/2022\/09\/large-Micro-Explorer-3-768x512.jpg 768w, https:\/\/www.micro-mobility.fr\/blog\/wp-content\/uploads\/2022\/09\/large-Micro-Explorer-3-1536x1024.jpg 1536w\" sizes=\"(max-width: 359px) 100vw, 359px\" \/><\/p>\n<ul>\n<li><span class=\"txt_bold\"><strong>Taille<\/strong> : 2,52 m\u00e8tres de long <\/span><\/li>\n<li>Uniquement <strong>disponible avec le permis de conduire<\/strong> (pour le moment). Une version 45, sans permis donc, est \u00e9galement au programme pour plus tard.<\/li>\n<li><strong>CV fiscaux :<\/strong> 17 chevaux, avec une vitesse de pointe de 90 km\/h<\/li>\n<li><strong>3 niveaux de batteries :<\/strong> 6, 10,5 et 14 kWh, offrant respectivement <span class=\"txt_bold\">95, 175 et 230 km<\/span>\u00a0d&rsquo;autonomie.<\/li>\n<li>La Microlino se d\u00e9marque par une<strong> qualit\u00e9 de finition<\/strong> bien sup\u00e9rieur, un ch\u00e2ssis en aluminium et acier de vraie voiture ainsi qu&rsquo;une exp\u00e9rience de conduite beaucoup plus soign\u00e9e.<\/li>\n<li>Pour le <strong>prix<\/strong>, comptez entre\u00a0 <span class=\"txt_bold\">17 et 23 000 \u20ac<\/span>\u00a0pour vous en offrir une, en attendant la version 45 qui devrait \u00eatre plus abordable.<\/li>\n<\/ul>\n<p>&nbsp;<\/p>\n<h2>Pour r\u00e9sumer, la Microlino qu\u2019est-ce que c\u2019est ?<\/h2>\n<p>\u27a1\ufe0f C\u2019est une petite voiture \u00e9lectrique qui peut se charger sur une prise domestiques en seulement 4h.<\/p>\n<p><img decoding=\"async\" loading=\"lazy\" class=\"alignright wp-image-2716\" src=\"https:\/\/www.micro-mobility.fr\/blog\/wp-content\/uploads\/2022\/08\/large-A4-amsterdam-orange.jpg\" alt=\"Voiture \u00e9lectrique\" width=\"350\" height=\"233\" srcset=\"https:\/\/www.micro-mobility.fr\/blog\/wp-content\/uploads\/2022\/08\/large-A4-amsterdam-orange.jpg 1600w, https:\/\/www.micro-mobility.fr\/blog\/wp-content\/uploads\/2022\/08\/large-A4-amsterdam-orange-300x200.jpg 300w, https:\/\/www.micro-mobility.fr\/blog\/wp-content\/uploads\/2022\/08\/large-A4-amsterdam-orange-1024x682.jpg 1024w, https:\/\/www.micro-mobility.fr\/blog\/wp-content\/uploads\/2022\/08\/large-A4-amsterdam-orange-768x512.jpg 768w, https:\/\/www.micro-mobility.fr\/blog\/wp-content\/uploads\/2022\/08\/large-A4-amsterdam-orange-1536x1023.jpg 1536w\" sizes=\"(max-width: 350px) 100vw, 350px\" \/><\/p>\n<p>\u27a1\ufe0f Avec une vitesse maxiamle de 90km\/h, elle peut parcourir environ 230km en fonction du mod\u00e8le.<\/p>\n<p>\u27a1\ufe0f 3 types de batterie sont propos\u00e9s pour personnaliser la voiture \u00e0 ses besoins.<\/p>\n<p>\u27a1\ufe0f Cette voiture est 100% \u00e9lectrique et parfaite pour les d\u00e9placements urbains.<\/p>\n<p>\u27a1\ufe0f La Microlino dispose d\u2019un coffre assez important pour pouvoir ranger un gros bagage.<\/p>\n<p>\u27a1\ufe0f C\u2019est la voiture \u00e9lectrique indispensable pour deux personnes pour effectuer des trajets du quotidien !<\/p>\n<p>&nbsp;<\/p>\n<p>Pour avoir plus d\u2019informations, n\u2019h\u00e9sitez pas \u00e0 visiter le <a href=\"https:\/\/microlino-car.com\/fr-fr\">site officiel Microlino !<\/a><\/p>\n<p>&nbsp;<\/p>\n<hr \/>\n<p><strong>Retrouvez-nous sur nos diff\u00e9rents r\u00e9seaux :<\/strong><\/p>\n<p>&nbsp;<\/p>\n<p><strong><img decoding=\"async\" loading=\"lazy\" class=\"wp-image-1271 alignleft\" src=\"https:\/\/www.micro-mobility.fr\/blog\/wp-content\/uploads\/2018\/10\/instagram-logo-transparent-png-571.png\" sizes=\"(max-width: 53px) 100vw, 53px\" srcset=\"https:\/\/www.micro-mobility.fr\/blog\/wp-content\/uploads\/2018\/10\/instagram-logo-transparent-png-571.png 1000w, https:\/\/www.micro-mobility.fr\/blog\/wp-content\/uploads\/2018\/10\/instagram-logo-transparent-png-571-300x300.png 300w, https:\/\/www.micro-mobility.fr\/blog\/wp-content\/uploads\/2018\/10\/instagram-logo-transparent-png-571-150x150.png 150w, https:\/\/www.micro-mobility.fr\/blog\/wp-content\/uploads\/2018\/10\/instagram-logo-transparent-png-571-768x768.png 768w\" alt=\"\" width=\"53\" height=\"53\" \/><\/strong>Suivez-nous sur notre compte Instagram pour retrouver nos aventures !<\/p>\n<p><a href=\"https:\/\/www.instagram.com\/micromobilityfrance\/?hl=fr\" target=\"_blank\" rel=\"noopener noreferrer\"><strong>@micromobilityfrance<\/strong><\/a><\/p>\n<p>&nbsp;<\/p>\n<p><strong><img decoding=\"async\" loading=\"lazy\" class=\"wp-image-1272 alignleft\" src=\"https:\/\/www.micro-mobility.fr\/blog\/wp-content\/uploads\/2018\/10\/584ac2d03ac3a570f94a666d.png\" sizes=\"(max-width: 50px) 100vw, 50px\" srcset=\"https:\/\/www.micro-mobility.fr\/blog\/wp-content\/uploads\/2018\/10\/584ac2d03ac3a570f94a666d.png 250w, https:\/\/www.micro-mobility.fr\/blog\/wp-content\/uploads\/2018\/10\/584ac2d03ac3a570f94a666d-150x150.png 150w\" alt=\"\" width=\"50\" height=\"50\" \/><\/strong><\/p>\n<p>Retrouvez-nous sur notre page Facebook pour suivre nos aventures !<\/p>\n<p><a href=\"https:\/\/www.facebook.com\/MicroMobilityFrance\/\" target=\"_blank\" rel=\"noopener noreferrer\"><strong>Micro Mobility France<\/strong><\/a><\/p>\n<p>&nbsp;<\/p>\n<p><img decoding=\"async\" loading=\"lazy\" class=\"alignleft wp-image-2115\" src=\"https:\/\/www.micro-mobility.fr\/blog\/wp-content\/uploads\/2018\/07\/linkedin-300x300.png\" sizes=\"(max-width: 50px) 100vw, 50px\" srcset=\"https:\/\/www.micro-mobility.fr\/blog\/wp-content\/uploads\/2018\/07\/linkedin-300x300.png 300w, https:\/\/www.micro-mobility.fr\/blog\/wp-content\/uploads\/2018\/07\/linkedin-150x150.png 150w, https:\/\/www.micro-mobility.fr\/blog\/wp-content\/uploads\/2018\/07\/linkedin.png 512w\" alt=\"\" width=\"50\" height=\"50\" \/>Rendez-vous \u00e9galement sur notre compte Linkedin pour suivre nos actualit\u00e9s !<\/p>\n<p><strong><a href=\"https:\/\/www.linkedin.com\/company\/micro-mobility-france\/?viewAsMember=true\" target=\"_blank\" rel=\"nofollow noopener\">Micro Mobility France<\/a><\/strong><\/p>\n<p>&nbsp;<\/p>\n<p><img decoding=\"async\" loading=\"lazy\" class=\"wp-image-1289 alignleft\" src=\"https:\/\/www.micro-mobility.fr\/blog\/wp-content\/uploads\/2020\/11\/580b57fcd9996e24bc43c545.png\" sizes=\"(max-width: 50px) 100vw, 50px\" srcset=\"https:\/\/www.micro-mobility.fr\/blog\/wp-content\/uploads\/2020\/11\/580b57fcd9996e24bc43c545.png 1024w, https:\/\/www.micro-mobility.fr\/blog\/wp-content\/uploads\/2020\/11\/580b57fcd9996e24bc43c545-300x211.png 300w, https:\/\/www.micro-mobility.fr\/blog\/wp-content\/uploads\/2020\/11\/580b57fcd9996e24bc43c545-768x541.png 768w\" alt=\"\" width=\"50\" height=\"35\" \/><\/p>\n<p>Pour voir nos tutoriels SAV et toutes nos vid\u00e9os autour de Micro, rendez-vous sur notre cha\u00eene YouTube !<\/p>\n<p><a href=\"https:\/\/www.youtube.com\/channel\/UCsLJ7ihEkJGE-pmGQDE1H7w\/featured?view_as=subscriber\" target=\"_blank\" rel=\"nofollow noopener noreferrer\"><strong>Micro Mobility France<\/strong><\/a><\/p>\n","protected":false},"excerpt":{"rendered":"<p>&nbsp; Micro Mobility lance sa toute premi\u00e8re voiture \u00e9lectrique\u00a0: la Microlino\u00a0! &nbsp; Une voiture pratique, intuitive et l\u00e9g\u00e8re. &nbsp; Apr\u00e8s les trottinettes enfants, adultes et \u00e9lectrique la famille Ouboter se lance dans la conception de voitures \u00e9lectriques, la Microlino et d&rsquo;un mod\u00e8le encore plus r\u00e9duit, la Microlino Lite ! &nbsp; Focus sur la Microlino\u00a0! &nbsp; [&hellip;]<\/p>\n","protected":false},"author":6,"featured_media":2777,"comment_status":"closed","ping_status":"open","sticky":false,"template":"","format":"standard","meta":[],"categories":[1,4,6],"tags":[],"aioseo_notices":[],"_links":{"self":[{"href":"https:\/\/www.micro-mobility.fr\/blog\/wp-json\/wp\/v2\/posts\/2708"}],"collection":[{"href":"https:\/\/www.micro-mobility.fr\/blog\/wp-json\/wp\/v2\/posts"}],"about":[{"href":"https:\/\/www.micro-mobility.fr\/blog\/wp-json\/wp\/v2\/types\/post"}],"author":[{"embeddable":true,"href":"https:\/\/www.micro-mobility.fr\/blog\/wp-json\/wp\/v2\/users\/6"}],"replies":[{"embeddable":true,"href":"https:\/\/www.micro-mobility.fr\/blog\/wp-json\/wp\/v2\/comments?post=2708"}],"version-history":[{"count":29,"href":"https:\/\/www.micro-mobility.fr\/blog\/wp-json\/wp\/v2\/posts\/2708\/revisions"}],"predecessor-version":[{"id":3668,"href":"https:\/\/www.micro-mobility.fr\/blog\/wp-json\/wp\/v2\/posts\/2708\/revisions\/3668"}],"wp:featuredmedia":[{"embeddable":true,"href":"https:\/\/www.micro-mobility.fr\/blog\/wp-json\/wp\/v2\/media\/2777"}],"wp:attachment":[{"href":"https:\/\/www.micro-mobility.fr\/blog\/wp-json\/wp\/v2\/media?parent=2708"}],"wp:term":[{"taxonomy":"category","embeddable":true,"href":"https:\/\/www.micro-mobility.fr\/blog\/wp-json\/wp\/v2\/categories?post=2708"},{"taxonomy":"post_tag","embeddable":true,"href":"https:\/\/www.micro-mobility.fr\/blog\/wp-json\/wp\/v2\/tags?post=2708"}],"curies":[{"name":"wp","href":"https:\/\/api.w.org\/{rel}","templated":true}]}}