{"id":2949,"date":"2022-12-30T18:06:13","date_gmt":"2022-12-30T17:06:13","guid":{"rendered":"https:\/\/www.micro-mobility.fr\/blog\/?p=2949"},"modified":"2024-01-09T16:33:10","modified_gmt":"2024-01-09T15:33:10","slug":"bilan-de-lannee-2022-pour-micro","status":"publish","type":"post","link":"https:\/\/www.micro-mobility.fr\/blog\/bilan-de-lannee-2022-pour-micro\/","title":{"rendered":"Bilan de l&rsquo;ann\u00e9e 2022 &#038; Perspectives 2023 pour Micro"},"content":{"rendered":"<p><img decoding=\"async\" loading=\"lazy\" class=\"aligncenter wp-image-2959\" src=\"https:\/\/www.micro-mobility.fr\/blog\/wp-content\/uploads\/2022\/12\/Bonne-annee-2.gif\" alt=\"2022 au revoir, bonjour 2023 !\" width=\"745\" height=\"479\" \/><\/p>\n<p>Alors que 2022 touche \u00e0 sa fin, dans un contexte toujours un peu compliqu\u00e9e, \u00e0 la fois au niveau \u00e9conomique, \u00e9nerg\u00e9tique et g\u00e9opolitique, il est l&rsquo;heure de faire le bilan positif de l&rsquo;ann\u00e9e 2022 de Micro pour affronter 2023 sereinement !<\/p>\n<p><img decoding=\"async\" loading=\"lazy\" class=\"alignleft wp-image-2957\" src=\"https:\/\/www.micro-mobility.fr\/blog\/wp-content\/uploads\/2022\/12\/Bonne-annee-6-e1672415206607.png\" alt=\"Gr\u00e9goire H\u00e9nin PDG Micro Mobility France\" width=\"222\" height=\"241\" srcset=\"https:\/\/www.micro-mobility.fr\/blog\/wp-content\/uploads\/2022\/12\/Bonne-annee-6-e1672415206607.png 1124w, https:\/\/www.micro-mobility.fr\/blog\/wp-content\/uploads\/2022\/12\/Bonne-annee-6-e1672415206607-277x300.png 277w, https:\/\/www.micro-mobility.fr\/blog\/wp-content\/uploads\/2022\/12\/Bonne-annee-6-e1672415206607-946x1024.png 946w, https:\/\/www.micro-mobility.fr\/blog\/wp-content\/uploads\/2022\/12\/Bonne-annee-6-e1672415206607-768x832.png 768w\" sizes=\"(max-width: 222px) 100vw, 222px\" \/><\/p>\n<p>&nbsp;<\/p>\n<p>&nbsp;<\/p>\n<p>Retrouvez donc dans cet article les r\u00e9ponses de <em><strong>Gr\u00e9goire H\u00e9nin, PDG et fondateur de Micro Mobility France<\/strong><\/em>, qui donne sa vision des choses et ses perspectives pour l&rsquo;ann\u00e9e \u00e0 venir !<\/p>\n<p><span data-ccp-props=\"{&quot;201341983&quot;:0,&quot;335551550&quot;:2,&quot;335551620&quot;:2,&quot;335559739&quot;:160,&quot;335559740&quot;:259}\">\u00a0<\/span><\/p>\n<p>&nbsp;<\/p>\n<p>&nbsp;<\/p>\n<h2>Le bilan de l&rsquo;ann\u00e9e 2022 pour Micro \u2705<\/h2>\n<p>&nbsp;<\/p>\n<p><em><strong>Quels ont \u00e9t\u00e9 les faits marquants pour Micro cette ann\u00e9e\u2009?\u00a0<\/strong><\/em><\/p>\n<p>L\u2019ann\u00e9e 2022 a \u00e9t\u00e9 une nouvelle fois tr\u00e8s riche pour Micro, avec l\u2019introduction de plus de <strong>30 nouveaux produits<\/strong> pour favoriser la mobilit\u00e9 de toute la famille, une prise de parole engag\u00e9e pour des produits toujours plus durables et, bien s\u00fbr, la pr\u00e9sentation officielle de la <a href=\"https:\/\/microlino-car.com\/en\/microlino\" target=\"_blank\" rel=\"nofollow noopener\"><strong>Microlino<\/strong><\/a>, notre voiture \u00e9lectrique, au salon de l\u2019automobile de Paris.<\/p>\n<p><span style=\"color: #0000ff;\"><strong>\u2754Vous voulez en savoir plus sur la Microlino ? D\u00e9couvrez notre article d\u00e9di\u00e9 !\u00a0<a style=\"color: #0000ff;\" href=\"https:\/\/www.micro-mobility.fr\/blog\/la-voiture-electrique-microlino\/\" target=\"_blank\" rel=\"nofollow noopener\">La voiture \u00e9lectrique Microlino ! \u2b05\ufe0f<\/a>\u00a0<\/strong><\/span><\/p>\n<p>&nbsp;<\/p>\n<p><em><strong>Comment Micro a chang\u00e9 et \u00e9volu\u00e9 ces 12 derniers mois ?\u00a0<\/strong><\/em><\/p>\n<p>Plus que de changements ou d&rsquo;\u00e9volutions, je pr\u00e9f\u00e8re parler de continuit\u00e9.<\/p>\n<p>Depuis l\u2019introduction de la trottinette moderne en aluminium il y a 25 ans maintenant, nous sommes engag\u00e9s dans la cr\u00e9ation de solutions de micro mobilit\u00e9 durables pour toute la famille. L\u2019ann\u00e9e 2022 n\u2019a donc pas d\u00e9rog\u00e9 \u00e0 cette tradition !<\/p>\n<p>Que ce soit avec la mise sur le march\u00e9 de produit plus \u00e9volutif, plus l\u00e9ger, plus puissant, ils ont tous un point commun\u202f: ils sont tous <strong>DURABLES<\/strong>. \ud83c\udf43<\/p>\n<p>&nbsp;<\/p>\n<p><em><strong>Quels sont les trois plus beaux succ\u00e8s\u2009de l\u2019ann\u00e9e ?\u00a0<\/strong><\/em><\/p>\n<p><img decoding=\"async\" loading=\"lazy\" class=\"wp-image-2855 alignleft\" src=\"https:\/\/www.micro-mobility.fr\/blog\/wp-content\/uploads\/2018\/12\/large-Spare-Parts.jpg\" alt=\"\" width=\"281\" height=\"351\" srcset=\"https:\/\/www.micro-mobility.fr\/blog\/wp-content\/uploads\/2018\/12\/large-Spare-Parts.jpg 960w, https:\/\/www.micro-mobility.fr\/blog\/wp-content\/uploads\/2018\/12\/large-Spare-Parts-240x300.jpg 240w, https:\/\/www.micro-mobility.fr\/blog\/wp-content\/uploads\/2018\/12\/large-Spare-Parts-819x1024.jpg 819w, https:\/\/www.micro-mobility.fr\/blog\/wp-content\/uploads\/2018\/12\/large-Spare-Parts-768x960.jpg 768w\" sizes=\"(max-width: 281px) 100vw, 281px\" \/>Je pourrais \u00e9galement parler de produits ou de rencontres que nous avons fait, mais s\u2019il y a un succ\u00e8s que je consid\u00e8re plus important que tous\u202f: <strong>l\u2019ultra r\u00e9parabilit\u00e9 de nos produits. \ud83d\udd27<\/strong><\/p>\n<p>Depuis sa cr\u00e9ation il y a 25 ans, Micro a toujours rendu disponible les pi\u00e8ces d\u00e9tach\u00e9es pour ses produits. Nous garantissons 10 ans de disponibilit\u00e9 des pi\u00e8ces d\u00e9tach\u00e9es. C\u2019est unique dans ce march\u00e9.<\/p>\n<p>En France, Micro a plus de 22&rsquo;000 pi\u00e8ces d\u00e9tach\u00e9es en stock (pour certaines nous en avons 3 en stock et elles n\u2019ont pas boug\u00e9 depuis 5 ans, mais nous les avons\u2026).<\/p>\n<p>En 2022, Micro a exp\u00e9di\u00e9 plus de 6&rsquo;000 pi\u00e8ces d\u00e9tach\u00e9es en France, c\u2019est autant de trottinettes qui ont pu \u00eatre r\u00e9par\u00e9e au lieu d\u2019\u00eatre jet\u00e9e pour le plus grand bonheur des utilisateurs.<\/p>\n<p>Toutes les pi\u00e8ces que vous voyez sur une trottinette nous l\u2019avons en pi\u00e8ces d\u00e9tach\u00e9es\u202f!<\/p>\n<p>Mais avec le succ\u00e8s de la <a href=\"https:\/\/www.micro-mobility.fr\/116-trottinette-electrique\">trottinette \u00e9lectrique<\/a>, nous avons d\u00e9cid\u00e9 d\u2019aller encore plus loin\u202f: nous r\u00e9parons les batteries.<\/p>\n<p>Gr\u00e2ce au partenariat que nous avons avec la soci\u00e9t\u00e9 Nowos, nous r\u00e9parons et remettons sur le march\u00e9 85% des batteries en fin de vie de nos trottinettes \u00e9lectriques. C\u2019est 85% de d\u00e9chets lithium en moins\u202f!<\/p>\n<p>&nbsp;<\/p>\n<p><em><strong>Quels sont les produits de l\u2019ann\u00e9e\u202f?\u00a0\u00a0<\/strong><\/em><\/p>\n<p><img decoding=\"async\" loading=\"lazy\" class=\"alignleft wp-image-2974\" src=\"https:\/\/www.micro-mobility.fr\/blog\/wp-content\/uploads\/2022\/12\/Bonne-annee-7-e1672416925866.png\" alt=\"\" width=\"154\" height=\"222\" \/><\/p>\n<p>&nbsp;<\/p>\n<p>Le produit n\u00b01 incontest\u00e9 cette ann\u00e9e est la nouvelle <strong>Mini Micro 3en1 R\u00e9volution<\/strong>.<\/p>\n<p>10 ans apr\u00e8s l\u2019invention de la Mini Micro 3en1, premi\u00e8re trottinette \u00e9volutive du march\u00e9, nous avons revu compl\u00e8tement le produit plus le rendre encore plus <strong>DURABLE<\/strong>, plus <strong>ERGONOMIQUE<\/strong>, plus <strong>MODULABLE<\/strong> et surtout plus <strong>FUN<\/strong> !<\/p>\n<p>\u2754 Pour d\u00e9couvrir la Mini Micro 3en1 R\u00e9volution, rendez-vous sur le site : <a href=\"https:\/\/www.micro-mobility.fr\/1909-mini-micro-3en1-revolution-mint.html\" target=\"_blank\" rel=\"nofollow noopener\">Mini Micro 3en1 R\u00e9volution <\/a><\/p>\n<p>&nbsp;<\/p>\n<p>&nbsp;<\/p>\n<p>&nbsp;<\/p>\n<p><img decoding=\"async\" loading=\"lazy\" class=\"wp-image-2975 alignleft\" src=\"https:\/\/www.micro-mobility.fr\/blog\/wp-content\/uploads\/2022\/12\/Bonne-annee-8-e1672417065805.png\" alt=\"\" width=\"151\" height=\"223\" srcset=\"https:\/\/www.micro-mobility.fr\/blog\/wp-content\/uploads\/2022\/12\/Bonne-annee-8-e1672417065805.png 793w, https:\/\/www.micro-mobility.fr\/blog\/wp-content\/uploads\/2022\/12\/Bonne-annee-8-e1672417065805-203x300.png 203w, https:\/\/www.micro-mobility.fr\/blog\/wp-content\/uploads\/2022\/12\/Bonne-annee-8-e1672417065805-693x1024.png 693w, https:\/\/www.micro-mobility.fr\/blog\/wp-content\/uploads\/2022\/12\/Bonne-annee-8-e1672417065805-768x1134.png 768w\" sizes=\"(max-width: 151px) 100vw, 151px\" \/><\/p>\n<p>&nbsp;<\/p>\n<p>Les autres produits marquants pour les enfants sont les nouvelles draisiennes <strong>Micro Balance Bike<\/strong> avec leurs cadres en magn\u00e9sium et leurs roues en mousse EVA qui font d&rsquo;elle un produit ultra r\u00e9sistant et ultra l\u00e9ger \u00e0 la fois\u202f(mieux pour les enfants et mieux pour les parents, car 50% du temps ce sont eux qui portent la draisienne\u202f lors des balades \ud83d\ude09)<\/p>\n<p>\u2754 Pour d\u00e9couvrir la Mini Micro 3en1 R\u00e9volution, rendez-vous sur le site : <a href=\"https:\/\/www.micro-mobility.fr\/1878-draisienne-micro-balance-bike-lite-rose-pale.html\" target=\"_blank\" rel=\"nofollow noopener\">Draisiennes Micro Balance Bike <\/a>\u00a0\u2b05\ufe0f<\/p>\n<p>&nbsp;<\/p>\n<p>&nbsp;<\/p>\n<p><img decoding=\"async\" loading=\"lazy\" class=\"wp-image-2977 alignleft\" src=\"https:\/\/www.micro-mobility.fr\/blog\/wp-content\/uploads\/2022\/12\/Bonne-annee-9-e1672417424572.png\" alt=\"\" width=\"158\" height=\"227\" srcset=\"https:\/\/www.micro-mobility.fr\/blog\/wp-content\/uploads\/2022\/12\/Bonne-annee-9-e1672417424572.png 812w, https:\/\/www.micro-mobility.fr\/blog\/wp-content\/uploads\/2022\/12\/Bonne-annee-9-e1672417424572-209x300.png 209w, https:\/\/www.micro-mobility.fr\/blog\/wp-content\/uploads\/2022\/12\/Bonne-annee-9-e1672417424572-713x1024.png 713w, https:\/\/www.micro-mobility.fr\/blog\/wp-content\/uploads\/2022\/12\/Bonne-annee-9-e1672417424572-768x1104.png 768w\" sizes=\"(max-width: 158px) 100vw, 158px\" \/><\/p>\n<p>&nbsp;<\/p>\n<p>Nous avons \u00e9galement \u00e9tendu notre gamme <strong>\u00c9CO<\/strong> avec 2 nouvelles <strong>Mini et une nouvelle Maxi<\/strong> fabriqu\u00e9es en plastique issus de filets de p\u00eache recycl\u00e9s.<\/p>\n<p>\u2754Vous voulez en savoir plus sur la gamme \u00e9cologique de Micro ? D\u00e9couvrez notre article d\u00e9di\u00e9 !\u00a0<a href=\"https:\/\/www.micro-mobility.fr\/blog\/nouveautes-mini-maxi-micro-deluxe-eco\/\">Nouveaut\u00e9s : Mini et Maxi Micro Deluxe \u00c9co ! \u2b05\ufe0f<\/a><\/p>\n<p>Et pour d\u00e9couvrir les engagements de Micro dans l&rsquo;organisme Parley, cliquez juste ici !\u00a0<a href=\"https:\/\/www.micro-mobility.fr\/blog\/lutte-contre-pollution-maritime\/\">\ud835\udc0c\ud835\udc08\ud835\udc02\ud835\udc11\ud835\udc0e X \ud835\udc0f\ud835\udc00\ud835\udc11\ud835\udc0b\ud835\udc04\ud835\udc18 : Tous engag\u00e9s pour lutter contre la pollution maritime<\/a>\u2b05\ufe0f<\/p>\n<p>&nbsp;<\/p>\n<p>&nbsp;<\/p>\n<p><img decoding=\"async\" loading=\"lazy\" class=\"wp-image-2980 alignleft\" src=\"https:\/\/www.micro-mobility.fr\/blog\/wp-content\/uploads\/2022\/12\/Bonne-annee-10-e1672417855163.png\" alt=\"\" width=\"158\" height=\"225\" srcset=\"https:\/\/www.micro-mobility.fr\/blog\/wp-content\/uploads\/2022\/12\/Bonne-annee-10-e1672417855163.png 817w, https:\/\/www.micro-mobility.fr\/blog\/wp-content\/uploads\/2022\/12\/Bonne-annee-10-e1672417855163-211x300.png 211w, https:\/\/www.micro-mobility.fr\/blog\/wp-content\/uploads\/2022\/12\/Bonne-annee-10-e1672417855163-720x1024.png 720w, https:\/\/www.micro-mobility.fr\/blog\/wp-content\/uploads\/2022\/12\/Bonne-annee-10-e1672417855163-768x1092.png 768w\" sizes=\"(max-width: 158px) 100vw, 158px\" \/><\/p>\n<p>&nbsp;<\/p>\n<p>Et pour les plus grands, la toute nouvelles trottinette \u00e9lectrique <strong>Micro Merlin 2 <\/strong>a \u00e9galement \u00e9t\u00e9 une des nouveaut\u00e9s Micro 2022. Plus puissante, elle est toujours aussi compacte pour s\u2019inscrire parfaitement dans une mobilit\u00e9 multimodale (en compl\u00e9ment d\u2019autres transport).<\/p>\n<p>\u2754 Pour d\u00e9couvrir la Micro Merlin 2, rendez-vous sur le site : <a href=\"https:\/\/www.micro-mobility.fr\/1875-trottinette-electrique-micro-merlin-ii.html\" target=\"_blank\" rel=\"nofollow noopener\">Micro Merlin 2 \u2b05\ufe0f<\/a><\/p>\n<p>&nbsp;<\/p>\n<p>&nbsp;<\/p>\n<p>&nbsp;<\/p>\n<p>&nbsp;<\/p>\n<p><img decoding=\"async\" loading=\"lazy\" class=\"wp-image-2981 alignleft\" src=\"https:\/\/www.micro-mobility.fr\/blog\/wp-content\/uploads\/2022\/12\/Bonne-annee-11-e1672418125287.png\" alt=\"\" width=\"159\" height=\"236\" srcset=\"https:\/\/www.micro-mobility.fr\/blog\/wp-content\/uploads\/2022\/12\/Bonne-annee-11-e1672418125287.png 793w, https:\/\/www.micro-mobility.fr\/blog\/wp-content\/uploads\/2022\/12\/Bonne-annee-11-e1672418125287-202x300.png 202w, https:\/\/www.micro-mobility.fr\/blog\/wp-content\/uploads\/2022\/12\/Bonne-annee-11-e1672418125287-691x1024.png 691w, https:\/\/www.micro-mobility.fr\/blog\/wp-content\/uploads\/2022\/12\/Bonne-annee-11-e1672418125287-768x1139.png 768w\" sizes=\"(max-width: 159px) 100vw, 159px\" \/><\/p>\n<p>&nbsp;<\/p>\n<p>Enfin <strong>le Casque Smart LED<\/strong> est pour moi un \u00ab\u00a0must have\u00a0\u00bb pour tous ceux qui se d\u00e9placent r\u00e9guli\u00e8rement avec une trottinette \u00e9lectrique ou un v\u00e9lo. Son syst\u00e8me de LED int\u00e9gr\u00e9es, avec t\u00e9l\u00e9commande Bluetooth au guidon pour indiquer les directions, renforce CONSID\u00c9RABLEMENT la visibilit\u00e9 de l\u2019usager.<\/p>\n<p>Une trottinette = Un casque port\u00e9 (l&rsquo;un ne va pas sans l&rsquo;autre ! \ud83d\ude09)<\/p>\n<p>\u2754Pour d\u00e9couvrir le casque Micro Smart Helmet LED, rendez-vous sur le site : <a href=\"https:\/\/www.micro-mobility.fr\/1741-casque-micro-smart-led-noir.html\" target=\"_blank\" rel=\"nofollow noopener\">Micro Smart LED<\/a>\u00a0\u2b05\ufe0f<\/p>\n<p>&nbsp;<\/p>\n<p>&nbsp;<\/p>\n<p>&nbsp;<\/p>\n<p><em><strong>Quelles sont les rencontres marquantes pour Micro cette ann\u00e9e\u202f?\u00a0<\/strong><\/em><\/p>\n<p><img decoding=\"async\" loading=\"lazy\" class=\"wp-image-2984 alignleft\" src=\"https:\/\/www.micro-mobility.fr\/blog\/wp-content\/uploads\/2022\/12\/large-Microlino-2.0-2.jpg\" alt=\"\" width=\"359\" height=\"239\" srcset=\"https:\/\/www.micro-mobility.fr\/blog\/wp-content\/uploads\/2022\/12\/large-Microlino-2.0-2.jpg 1600w, https:\/\/www.micro-mobility.fr\/blog\/wp-content\/uploads\/2022\/12\/large-Microlino-2.0-2-300x200.jpg 300w, https:\/\/www.micro-mobility.fr\/blog\/wp-content\/uploads\/2022\/12\/large-Microlino-2.0-2-1024x683.jpg 1024w, https:\/\/www.micro-mobility.fr\/blog\/wp-content\/uploads\/2022\/12\/large-Microlino-2.0-2-768x512.jpg 768w, https:\/\/www.micro-mobility.fr\/blog\/wp-content\/uploads\/2022\/12\/large-Microlino-2.0-2-1536x1024.jpg 1536w\" sizes=\"(max-width: 359px) 100vw, 359px\" \/><\/p>\n<p>Lors de la pr\u00e9sentation de la Microlino au Salon de l\u2019Automobile de Paris, nous avons eu la chance de rencontrer beaucoup de passionn\u00e9s de l\u2019Isetta (la voiture des ann\u00e9es 60 qui a inspir\u00e9 le projet Microlino) qui ont \u00ab\u202fvalid\u00e9\u202f\u00bb notre voiture avec des t\u00e9moignages et des encouragements tr\u00e8s sympathiques.<\/p>\n<p><span style=\"color: #0000ff;\"><strong>\u2754Vous voulez en savoir plus sur la Microlino ? D\u00e9couvrez notre article d\u00e9di\u00e9 !\u00a0<a style=\"color: #0000ff;\" href=\"https:\/\/www.micro-mobility.fr\/blog\/la-voiture-electrique-microlino\/\" target=\"_blank\" rel=\"nofollow noopener\">La voiture \u00e9lectrique Microlino ! \u2b05\ufe0f<\/a><\/strong><\/span><\/p>\n<p>&nbsp;<\/p>\n<p>&nbsp;<\/p>\n<p>&nbsp;<\/p>\n<p><em><strong>Quel a \u00e9t\u00e9 le plus grand d\u00e9fi de Micro cette ann\u00e9e ?\u00a0<\/strong><\/em><\/p>\n<p><img decoding=\"async\" loading=\"lazy\" class=\"wp-image-2986 alignleft\" src=\"https:\/\/www.micro-mobility.fr\/blog\/wp-content\/uploads\/2022\/12\/Bonne-annee-12-e1672419144306.png\" alt=\"\" width=\"206\" height=\"192\" srcset=\"https:\/\/www.micro-mobility.fr\/blog\/wp-content\/uploads\/2022\/12\/Bonne-annee-12-e1672419144306.png 1048w, https:\/\/www.micro-mobility.fr\/blog\/wp-content\/uploads\/2022\/12\/Bonne-annee-12-e1672419144306-300x280.png 300w, https:\/\/www.micro-mobility.fr\/blog\/wp-content\/uploads\/2022\/12\/Bonne-annee-12-e1672419144306-1024x956.png 1024w, https:\/\/www.micro-mobility.fr\/blog\/wp-content\/uploads\/2022\/12\/Bonne-annee-12-e1672419144306-768x717.png 768w\" sizes=\"(max-width: 206px) 100vw, 206px\" \/>Avoir des valeurs et une grande authenticit\u00e9 a toujours \u00e9t\u00e9 le moteur de croissance de Micro. Nous innovons depuis <strong>plus de 25 ans<\/strong> pour inventer des produits parfaits et funs pour la mobilit\u00e9 de toute la famille.<\/p>\n<p>Acheter une trottinette Micro c\u2019est faire confiance \u00e0 <strong>l\u2019original<\/strong> et partager nos valeurs de <strong>qualit\u00e9<\/strong> et de <strong>durabilit\u00e9<\/strong> pour des produits <strong>innovants<\/strong> et <strong>designs<\/strong>.<\/p>\n<p>Le plus grand d\u00e9fi cette ann\u00e9e (comme l\u2019ann\u00e9e derni\u00e8re et certainement l\u2019ann\u00e9e prochaine), est de bien communiquer nos valeurs aupr\u00e8s des consommateurs et nos clients.<\/p>\n<p>&nbsp;<\/p>\n<p>&nbsp;<\/p>\n<p><em><strong>Quels sont les trois mots qui d\u00e9crivent le mieux l\u2019ann\u00e9e de Micro ?\u00a0<\/strong><\/em><\/p>\n<p><img decoding=\"async\" loading=\"lazy\" class=\"wp-image-2985 alignleft\" src=\"https:\/\/www.micro-mobility.fr\/blog\/wp-content\/uploads\/2022\/12\/Grey-White-Minimal-Personal-Email-Signature-400-\u00d7-100-px-5.png\" alt=\"\" width=\"280\" height=\"70\" srcset=\"https:\/\/www.micro-mobility.fr\/blog\/wp-content\/uploads\/2022\/12\/Grey-White-Minimal-Personal-Email-Signature-400-\u00d7-100-px-5.png 400w, https:\/\/www.micro-mobility.fr\/blog\/wp-content\/uploads\/2022\/12\/Grey-White-Minimal-Personal-Email-Signature-400-\u00d7-100-px-5-300x75.png 300w\" sizes=\"(max-width: 280px) 100vw, 280px\" \/><\/p>\n<p>Mobilit\u00e9\u2013 Qualit\u00e9 &#8211; Durabilit\u00e9 sont les trois piliers de Micro que nous pr\u00f4nons depuis 1999 et que nous continuerons \u00e0 pr\u00f4ner en 2023 !<\/p>\n<p>&nbsp;<\/p>\n<h2><\/h2>\n<p>&nbsp;<\/p>\n<h2>Les perspectives pour l&rsquo;ann\u00e9e 2023 \ud83c\udd95<\/h2>\n<p>&nbsp;<\/p>\n<p><strong><em>L\u2019ann\u00e9e prochaine, que Micro va-t-elle : continuer, arr\u00eater\u2009 et commencer ?<\/em>\u00a0<\/strong><\/p>\n<p><img decoding=\"async\" loading=\"lazy\" class=\"alignleft wp-image-2442 \" src=\"https:\/\/www.micro-mobility.fr\/blog\/wp-content\/uploads\/2022\/06\/large-Mixed_-Micro-Black-Speed-Rocket-Monster-Original-Compact.jpg\" alt=\"\" width=\"322\" height=\"215\" srcset=\"https:\/\/www.micro-mobility.fr\/blog\/wp-content\/uploads\/2022\/06\/large-Mixed_-Micro-Black-Speed-Rocket-Monster-Original-Compact.jpg 1600w, https:\/\/www.micro-mobility.fr\/blog\/wp-content\/uploads\/2022\/06\/large-Mixed_-Micro-Black-Speed-Rocket-Monster-Original-Compact-300x200.jpg 300w, https:\/\/www.micro-mobility.fr\/blog\/wp-content\/uploads\/2022\/06\/large-Mixed_-Micro-Black-Speed-Rocket-Monster-Original-Compact-1024x684.jpg 1024w, https:\/\/www.micro-mobility.fr\/blog\/wp-content\/uploads\/2022\/06\/large-Mixed_-Micro-Black-Speed-Rocket-Monster-Original-Compact-768x513.jpg 768w, https:\/\/www.micro-mobility.fr\/blog\/wp-content\/uploads\/2022\/06\/large-Mixed_-Micro-Black-Speed-Rocket-Monster-Original-Compact-1536x1025.jpg 1536w\" sizes=\"(max-width: 322px) 100vw, 322px\" \/><\/p>\n<p>&nbsp;<\/p>\n<p>Nous allons continuer \u00e0 innover avec de nouveaux produits mais \u00e9galement l\u2019am\u00e9lioration continue des produits existants.<\/p>\n<p>Un produit tant vers la perfection, mais ne l\u2019atteint jamais. C\u2019est pourquoi nous avons un processus d\u2019am\u00e9lioration continue sur tous nos produits pour viser la perfection.<\/p>\n<p>&nbsp;<\/p>\n<p>&nbsp;<\/p>\n<p><img decoding=\"async\" loading=\"lazy\" class=\"wp-image-2991 alignright\" src=\"https:\/\/www.micro-mobility.fr\/blog\/wp-content\/uploads\/2022\/12\/Bonne-annee-13.png\" alt=\"\" width=\"239\" height=\"154\" \/>Nous allons \u00e9galement continuer \u00e0 diminuer (pour arr\u00eater un jour) l\u2019usage du plastique dans nos packaging tout en continuant \u00e0 adh\u00e9rer \u00e0 l\u2019association <strong>1% Pour la Plan\u00e8te<\/strong> qui nous permet de financer des associations avec une vocation et une action \u00e9cologique.<\/p>\n<p>Nous allons commencer \u00e0 revendiquer plus l\u2019importance d\u2019un achat durable\u202f: <strong>ON NE CHANGE PAS UNE TROTTINETTE MICRO, ON LA R\u00c9PARE\u202f!<\/strong><\/p>\n<p>Et enfin, nous allons commencer \u00e0 livrer la Microlino sur le march\u00e9 fran\u00e7ais.<\/p>\n<p>&nbsp;<\/p>\n<p>&nbsp;<\/p>\n<p>De quoi bien finir l&rsquo;ann\u00e9e 2022 et entamer l&rsquo;ann\u00e9e 2023 avec pleins de bonnes id\u00e9es et ambitions pour la mobilit\u00e9 urbaine ! Alors bonne et heureuse ann\u00e9e 2023 \u00e0 tous et \u00e0 tr\u00e8s vite pour de nouvelles aventures \u00e0 trottinette ! \ud83d\udef4<\/p>\n<p>&nbsp;<\/p>\n<hr \/>\n<p><strong>Retrouvez-nous sur nos diff\u00e9rents r\u00e9seaux :<\/strong><\/p>\n<p>&nbsp;<\/p>\n<p><img decoding=\"async\" loading=\"lazy\" class=\"wp-image-1271 alignleft\" src=\"https:\/\/www.micro-mobility.fr\/blog\/wp-content\/uploads\/2018\/10\/instagram-logo-transparent-png-571.png\" sizes=\"(max-width: 53px) 100vw, 53px\" srcset=\"https:\/\/www.micro-mobility.fr\/blog\/wp-content\/uploads\/2018\/10\/instagram-logo-transparent-png-571.png 1000w, https:\/\/www.micro-mobility.fr\/blog\/wp-content\/uploads\/2018\/10\/instagram-logo-transparent-png-571-300x300.png 300w, https:\/\/www.micro-mobility.fr\/blog\/wp-content\/uploads\/2018\/10\/instagram-logo-transparent-png-571-150x150.png 150w, https:\/\/www.micro-mobility.fr\/blog\/wp-content\/uploads\/2018\/10\/instagram-logo-transparent-png-571-768x768.png 768w\" alt=\"\" width=\"53\" height=\"53\" \/>Suivez-nous sur notre compte Instagram pour retrouver nos aventures !<\/p>\n<p><a href=\"https:\/\/www.instagram.com\/micromobilityfrance\/?hl=fr\" target=\"_blank\" rel=\"noopener noreferrer\">@micromobilityfrance<\/a><\/p>\n<p>&nbsp;<\/p>\n<p><img decoding=\"async\" loading=\"lazy\" class=\"wp-image-1272 alignleft\" src=\"https:\/\/www.micro-mobility.fr\/blog\/wp-content\/uploads\/2018\/10\/584ac2d03ac3a570f94a666d.png\" sizes=\"(max-width: 50px) 100vw, 50px\" srcset=\"https:\/\/www.micro-mobility.fr\/blog\/wp-content\/uploads\/2018\/10\/584ac2d03ac3a570f94a666d.png 250w, https:\/\/www.micro-mobility.fr\/blog\/wp-content\/uploads\/2018\/10\/584ac2d03ac3a570f94a666d-150x150.png 150w\" alt=\"\" width=\"50\" height=\"50\" \/><\/p>\n<p>Retrouvez-nous sur notre page Facebook pour suivre nos aventures !<\/p>\n<p><a href=\"https:\/\/www.facebook.com\/MicroMobilityFrance\/\" target=\"_blank\" rel=\"noopener noreferrer\">Micro Mobility France<\/a><\/p>\n<p>&nbsp;<\/p>\n<p><img decoding=\"async\" loading=\"lazy\" class=\"alignleft wp-image-2115\" src=\"https:\/\/www.micro-mobility.fr\/blog\/wp-content\/uploads\/2018\/07\/linkedin-300x300.png\" sizes=\"(max-width: 50px) 100vw, 50px\" srcset=\"https:\/\/www.micro-mobility.fr\/blog\/wp-content\/uploads\/2018\/07\/linkedin-300x300.png 300w, https:\/\/www.micro-mobility.fr\/blog\/wp-content\/uploads\/2018\/07\/linkedin-150x150.png 150w, https:\/\/www.micro-mobility.fr\/blog\/wp-content\/uploads\/2018\/07\/linkedin.png 512w\" alt=\"\" width=\"50\" height=\"50\" \/>Rendez-vous \u00e9galement sur notre compte Linkedin pour suivre nos actualit\u00e9s !<\/p>\n<p><a href=\"https:\/\/www.linkedin.com\/company\/micro-mobility-france\/?viewAsMember=true\" target=\"_blank\" rel=\"nofollow noopener\">Micro Mobility France<\/a><\/p>\n<p>&nbsp;<\/p>\n<p><img decoding=\"async\" loading=\"lazy\" class=\"wp-image-1289 alignleft\" src=\"https:\/\/www.micro-mobility.fr\/blog\/wp-content\/uploads\/2020\/11\/580b57fcd9996e24bc43c545.png\" sizes=\"(max-width: 50px) 100vw, 50px\" srcset=\"https:\/\/www.micro-mobility.fr\/blog\/wp-content\/uploads\/2020\/11\/580b57fcd9996e24bc43c545.png 1024w, https:\/\/www.micro-mobility.fr\/blog\/wp-content\/uploads\/2020\/11\/580b57fcd9996e24bc43c545-300x211.png 300w, https:\/\/www.micro-mobility.fr\/blog\/wp-content\/uploads\/2020\/11\/580b57fcd9996e24bc43c545-768x541.png 768w\" alt=\"\" width=\"50\" height=\"35\" \/><\/p>\n<p>Pour voir nos tutoriels SAV et toutes nos vid\u00e9os autour de Micro, rendez-vous sur notre cha\u00eene YouTube !<\/p>\n<p><a href=\"https:\/\/www.youtube.com\/channel\/UCsLJ7ihEkJGE-pmGQDE1H7w\/featured?view_as=subscriber\" target=\"_blank\" rel=\"nofollow noopener noreferrer\">Micro Mobility France<\/a><\/p>\n","protected":false},"excerpt":{"rendered":"<p>Alors que l&rsquo;ann\u00e9e 2022 touche \u00e0 sa fin, il est l&rsquo;heure de faire le bilan de cette ann\u00e9e 2022 pour Micro, afin d&rsquo;affronter 2023 sereinement et positivement ! Retrouvez dans cet articles toutes les r\u00e9ponses et les ambitions de Gr\u00e9goire H\u00e9nin, PDG et fondateur de Micro Mobility France !<\/p>\n","protected":false},"author":6,"featured_media":3006,"comment_status":"closed","ping_status":"open","sticky":false,"template":"","format":"standard","meta":[],"categories":[1,4,6],"tags":[],"aioseo_notices":[],"_links":{"self":[{"href":"https:\/\/www.micro-mobility.fr\/blog\/wp-json\/wp\/v2\/posts\/2949"}],"collection":[{"href":"https:\/\/www.micro-mobility.fr\/blog\/wp-json\/wp\/v2\/posts"}],"about":[{"href":"https:\/\/www.micro-mobility.fr\/blog\/wp-json\/wp\/v2\/types\/post"}],"author":[{"embeddable":true,"href":"https:\/\/www.micro-mobility.fr\/blog\/wp-json\/wp\/v2\/users\/6"}],"replies":[{"embeddable":true,"href":"https:\/\/www.micro-mobility.fr\/blog\/wp-json\/wp\/v2\/comments?post=2949"}],"version-history":[{"count":48,"href":"https:\/\/www.micro-mobility.fr\/blog\/wp-json\/wp\/v2\/posts\/2949\/revisions"}],"predecessor-version":[{"id":3374,"href":"https:\/\/www.micro-mobility.fr\/blog\/wp-json\/wp\/v2\/posts\/2949\/revisions\/3374"}],"wp:featuredmedia":[{"embeddable":true,"href":"https:\/\/www.micro-mobility.fr\/blog\/wp-json\/wp\/v2\/media\/3006"}],"wp:attachment":[{"href":"https:\/\/www.micro-mobility.fr\/blog\/wp-json\/wp\/v2\/media?parent=2949"}],"wp:term":[{"taxonomy":"category","embeddable":true,"href":"https:\/\/www.micro-mobility.fr\/blog\/wp-json\/wp\/v2\/categories?post=2949"},{"taxonomy":"post_tag","embeddable":true,"href":"https:\/\/www.micro-mobility.fr\/blog\/wp-json\/wp\/v2\/tags?post=2949"}],"curies":[{"name":"wp","href":"https:\/\/api.w.org\/{rel}","templated":true}]}}