{"id":3049,"date":"2023-03-29T10:49:47","date_gmt":"2023-03-29T08:49:47","guid":{"rendered":"https:\/\/www.micro-mobility.fr\/blog\/?p=3049"},"modified":"2024-01-18T13:43:43","modified_gmt":"2024-01-18T12:43:43","slug":"mini-micro-3en1-revolution-meilleure-trottinette-evolutive","status":"publish","type":"post","link":"https:\/\/www.micro-mobility.fr\/blog\/mini-micro-3en1-revolution-meilleure-trottinette-evolutive\/","title":{"rendered":"Mini Micro 3en1 R\u00e9volution : La meilleure trottinette \u00e9volutive pour enfants !"},"content":{"rendered":"<p>Depuis plus de 20 ans, Micro n\u2019a cess\u00e9 d\u2019innover en concevant des solutions de mobilit\u00e9 urbaine\u00a0<strong>innovantes, design et d\u2019une grande qualit\u00e9 pour le quotidien<\/strong>. Nous souhaitons offrir aux citadins, petits et grands, la possibilit\u00e9 de se d\u00e9placer avec un minimum de contraintes et un maximum de plaisir.<\/p>\n<p>Et sur ces engagements, que Micro a construit sa r\u00e9putation d\u00e8s son lancement, en 1999, et souhaite la faire perdurer aujourd\u2019hui, en \u0153uvrant quotidiennement avec transparence et proximit\u00e9, pour offrir aux consommateurs, des solutions et des produits toujours plus vertueux, avec une s\u00e9lection de <a href=\"https:\/\/www.micro-mobility.fr\/103-trottinettes-des-1-an\">trottinette \u00e9volutive<\/a>, des trottinettes pour enfants, ados, adultes et \u00e9lectriques ainsi que des accessoires et la disponibilit\u00e9 de 100% des pi\u00e8ces d\u00e9tach\u00e9es de nos trottinettes sur le site internet.<\/p>\n<p><img decoding=\"async\" loading=\"lazy\" class=\"alignnone wp-image-3059 size-full\" src=\"https:\/\/www.micro-mobility.fr\/blog\/wp-content\/uploads\/2023\/03\/DURABILITe-1.png\" alt=\"\" width=\"1600\" height=\"420\" srcset=\"https:\/\/www.micro-mobility.fr\/blog\/wp-content\/uploads\/2023\/03\/DURABILITe-1.png 1600w, https:\/\/www.micro-mobility.fr\/blog\/wp-content\/uploads\/2023\/03\/DURABILITe-1-300x79.png 300w, https:\/\/www.micro-mobility.fr\/blog\/wp-content\/uploads\/2023\/03\/DURABILITe-1-1024x269.png 1024w, https:\/\/www.micro-mobility.fr\/blog\/wp-content\/uploads\/2023\/03\/DURABILITe-1-768x202.png 768w, https:\/\/www.micro-mobility.fr\/blog\/wp-content\/uploads\/2023\/03\/DURABILITe-1-1536x403.png 1536w\" sizes=\"(max-width: 1600px) 100vw, 1600px\" \/><\/p>\n<h2><\/h2>\n<p>&nbsp;<\/p>\n<h2>Micro et les trottinettes \u00e9volutives<\/h2>\n<p><a href=\"https:\/\/www.micro-mobility.fr\/blog\/wp-content\/uploads\/2023\/03\/75-de-ses-batteries-de-trottinettes-sont-reconditionnees-chaque-annee.-1080-\u00d7-1920-px-1-1.gif\"><img decoding=\"async\" loading=\"lazy\" class=\"wp-image-3062 alignleft\" src=\"https:\/\/www.micro-mobility.fr\/blog\/wp-content\/uploads\/2023\/03\/75-de-ses-batteries-de-trottinettes-sont-reconditionnees-chaque-annee.-1080-\u00d7-1920-px-1-1.gif\" alt=\"\" width=\"236\" height=\"420\" \/><\/a>Nous avons pour objectif de cr\u00e9er des produits innovants, durables et s\u00fbrs qui encouragent la mobilit\u00e9 active et permettent aux utilisateurs de profiter de la libert\u00e9 de mouvement tout en r\u00e9duisant leur impact sur l&rsquo;environnement.<\/p>\n<p>Les trottinettes \u00e9volutives sont l&rsquo;un des produits phares de notre marque, car nous croyons que les enfants m\u00e9ritent des produits qui \u00e9voluent avec eux et qui les aident \u00e0 d\u00e9velopper leur motricit\u00e9 et leur \u00e9quilibre tout en s&rsquo;amusant. Nous avons donc d\u00e9velopp\u00e9 une expertise in\u00e9gal\u00e9e dans la conception de trottinettes \u00e9volutives pour enfants qui ont \u00e9t\u00e9 largement pl\u00e9biscit\u00e9es par les parents, les professionnels de la petite enfance, et les enfants eux-m\u00eames.<\/p>\n<p>Les trottinettes \u00e9volutives Micro sont con\u00e7ues pour offrir une exp\u00e9rience de conduite agr\u00e9able et s\u00e9curis\u00e9e \u00e0 chaque \u00e9tape de la croissance de l&rsquo;enfant, de l&rsquo;\u00e2ge de 1 an jusqu&rsquo;\u00e0 6 ans pour certaines.<\/p>\n<p>Nous utilisons des mat\u00e9riaux de qualit\u00e9 sup\u00e9rieure pour garantir la durabilit\u00e9 de nos produits, ainsi que des fonctionnalit\u00e9s de s\u00e9curit\u00e9 pour offrir une exp\u00e9rience de conduite s\u00fbre pour les enfants mais aussi pour les parents qui accompagnement les enfants.<\/p>\n<p>C&rsquo;est pourquoi nos trottinettes \u00e9volutives pour enfants sont consid\u00e9r\u00e9es comme les meilleures du march\u00e9 en termes de qualit\u00e9, de fiabilit\u00e9, de durabilit\u00e9 et de s\u00e9curit\u00e9.<\/p>\n<p>C&rsquo;est pourquoi nous avons cr\u00e9\u00e9 la Mini Micro 3en1 R\u00e9volution, une nouvelle trottinette \u00e9volutive qui peut \u00eatre utilis\u00e9e par les enfants d\u00e8s l&rsquo;\u00e2ge de 1 an et qui s&rsquo;adapte \u00e0 leur croissance.<\/p>\n<p>&nbsp;<\/p>\n<h2>La nouvelle trottinette \u00e9volutive Mini Micro 3en1 R\u00e9volution<\/h2>\n<p><span class=\"JsGRdQ\">En\u00a02012, Micro Mobility inventait la premi\u00e8re trottinette \u00e9volutive et gagnait le grand prix du jouet de la Toy Fair de Nuremberg.\u00a0<\/span>10 ans et des millions de mod\u00e8les vendus plus tard, la tr\u00e8s c\u00e9l\u00e8bre Mini Micro 3en1 fait sa \u00ab R\u00e9volution \u00bb !<\/p>\n<p>On vous pr\u00e9sente donc la trottinette \u00e9volutive par excellence pour les enfants, sortie en fin 2022 !<\/p>\n<p><a href=\"https:\/\/www.micro-mobility.fr\/blog\/wp-content\/uploads\/2023\/03\/4-colours-DIY.png\"><img decoding=\"async\" loading=\"lazy\" class=\"aligncenter wp-image-3069\" title=\"Trottinette \u00e9volutive Mini Micro 3en1 R\u00e9volution\" src=\"https:\/\/www.micro-mobility.fr\/blog\/wp-content\/uploads\/2023\/03\/4-colours-DIY.png\" alt=\"Trottinette \u00e9volutive Mini Micro 3en1 R\u00e9volution\" width=\"630\" height=\"445\" srcset=\"https:\/\/www.micro-mobility.fr\/blog\/wp-content\/uploads\/2023\/03\/4-colours-DIY.png 3508w, https:\/\/www.micro-mobility.fr\/blog\/wp-content\/uploads\/2023\/03\/4-colours-DIY-300x212.png 300w, https:\/\/www.micro-mobility.fr\/blog\/wp-content\/uploads\/2023\/03\/4-colours-DIY-1024x724.png 1024w, https:\/\/www.micro-mobility.fr\/blog\/wp-content\/uploads\/2023\/03\/4-colours-DIY-768x543.png 768w, https:\/\/www.micro-mobility.fr\/blog\/wp-content\/uploads\/2023\/03\/4-colours-DIY-1536x1086.png 1536w, https:\/\/www.micro-mobility.fr\/blog\/wp-content\/uploads\/2023\/03\/4-colours-DIY-2048x1448.png 2048w\" sizes=\"(max-width: 630px) 100vw, 630px\" \/><\/a><\/p>\n<h3><\/h3>\n<p>&nbsp;<\/p>\n<h3>Les caract\u00e9ristiques de la Mini Micro 3en1 R\u00e9volution<\/h3>\n<p>La <a href=\"https:\/\/www.micro-mobility.fr\/1908-mini-micro-3en1-revolution-bleu.html\">Mini Micro 3en1 R\u00e9volution<\/a> est une trottinette \u00e9volutive de qualit\u00e9 sup\u00e9rieure pour les enfants en bas \u00e2ge et les enfants jusqu&rsquo;\u00e0 6 ans voir un peu plus. Elle est con\u00e7ue pour \u00e9voluer avec l&rsquo;enfant en fonction de ses besoins et de sa motricit\u00e9, afin d&rsquo;offrir une exp\u00e9rience de conduite s\u00fbre et agr\u00e9able tout au long de sa croissance.<\/p>\n<p>Ainsi, on retrouve 3 grandes nouveaut\u00e9s :<\/p>\n<p><strong><a href=\"https:\/\/www.micro-mobility.fr\/blog\/wp-content\/uploads\/2023\/03\/Presentation-Mini-3en1-Revolution-1-e1680075319942.png\"><img decoding=\"async\" loading=\"lazy\" class=\"wp-image-3071 size-medium alignleft\" src=\"https:\/\/www.micro-mobility.fr\/blog\/wp-content\/uploads\/2023\/03\/Presentation-Mini-3en1-Revolution-1-e1680075319942-300x218.png\" alt=\"\" width=\"300\" height=\"218\" srcset=\"https:\/\/www.micro-mobility.fr\/blog\/wp-content\/uploads\/2023\/03\/Presentation-Mini-3en1-Revolution-1-e1680075319942-300x218.png 300w, https:\/\/www.micro-mobility.fr\/blog\/wp-content\/uploads\/2023\/03\/Presentation-Mini-3en1-Revolution-1-e1680075319942-1024x745.png 1024w, https:\/\/www.micro-mobility.fr\/blog\/wp-content\/uploads\/2023\/03\/Presentation-Mini-3en1-Revolution-1-e1680075319942-768x559.png 768w, https:\/\/www.micro-mobility.fr\/blog\/wp-content\/uploads\/2023\/03\/Presentation-Mini-3en1-Revolution-1-e1680075319942.png 1464w\" sizes=\"(max-width: 300px) 100vw, 300px\" \/><\/a><\/strong><\/p>\n<p>&nbsp;<\/p>\n<p>&nbsp;<\/p>\n<p><strong>Plus MODULABLE <\/strong>: gr\u00e2ce \u00e0 un assemblage simple et intuitif (sans outil n\u00e9cessaire), elle \u00e9volue et se transforme parfaitement avec votre enfant de 1 \u00e0 6 ans+ en passant du porteur avec\u00a0barre de pouss\u00e9e, au mode draisienne et \u00e0 une trottinette 3 roues.<\/p>\n<p>&nbsp;<\/p>\n<p>&nbsp;<\/p>\n<p>&nbsp;<\/p>\n<p><strong><a href=\"https:\/\/www.micro-mobility.fr\/blog\/wp-content\/uploads\/2023\/03\/side-kid-shadow.png\"><img decoding=\"async\" loading=\"lazy\" class=\"wp-image-3073 alignleft\" src=\"https:\/\/www.micro-mobility.fr\/blog\/wp-content\/uploads\/2023\/03\/side-kid-shadow.png\" alt=\"\" width=\"371\" height=\"262\" srcset=\"https:\/\/www.micro-mobility.fr\/blog\/wp-content\/uploads\/2023\/03\/side-kid-shadow.png 3508w, https:\/\/www.micro-mobility.fr\/blog\/wp-content\/uploads\/2023\/03\/side-kid-shadow-300x212.png 300w, https:\/\/www.micro-mobility.fr\/blog\/wp-content\/uploads\/2023\/03\/side-kid-shadow-1024x724.png 1024w, https:\/\/www.micro-mobility.fr\/blog\/wp-content\/uploads\/2023\/03\/side-kid-shadow-768x543.png 768w, https:\/\/www.micro-mobility.fr\/blog\/wp-content\/uploads\/2023\/03\/side-kid-shadow-1536x1086.png 1536w, https:\/\/www.micro-mobility.fr\/blog\/wp-content\/uploads\/2023\/03\/side-kid-shadow-2048x1448.png 2048w\" sizes=\"(max-width: 371px) 100vw, 371px\" \/><\/a>Plus\u00a0ERGONOMIQUE\u00a0<\/strong>:<\/p>\n<p><strong>&#8211;<\/strong> pour l&rsquo;enfant, la selle au design dynamique permet une position parfaite quelque soit son \u00e2ge et sa motricit\u00e9. <span class=\"JsGRdQ\">Plus \u00e9troite \u00e0 l\u2019avant, elle permet aux plus petits de gagner en\u00a0<\/span><span class=\"JsGRdQ\">stabilit\u00e9\u00a0<\/span><span class=\"JsGRdQ\">avec les repose-pieds de la barre de direction.\u00a0<\/span><span class=\"JsGRdQ\">Plus large \u00e0 l\u2019arri\u00e8re, elle offre aux plus grands une assise\u00a0<\/span><span class=\"JsGRdQ\">confortable<\/span><span class=\"JsGRdQ\">,\u00a0<\/span><span class=\"JsGRdQ\">avec ou sans les repose-pieds du plateau.\u00a0<\/span>L\u2019assise s\u2019enl\u00e8ve sans effort d\u2019une simple pression sur un bouton \u00e0 l&rsquo;arri\u00e8re pour laisser la place \u00e0 une barre de direction premier \u00e2ge (40 cm de haut).<\/p>\n<p><strong>&#8211;<\/strong> Double repose-pieds ajustables, qui b\u00e9n\u00e9ficie, d&rsquo;u<span class=\"JsGRdQ\">n \u00ab pas de d\u00e9visse \u00bb int\u00e9gr\u00e9 vers l\u2019avant emp\u00eachant l\u2019enfant de le d\u00e9visser avec ses pieds.<\/span><\/p>\n<p><strong>&#8211;\u00a0<\/strong>Pour les parents : une barre de pouss\u00e9e plus grande et orientable \u00e0 90\u00b0 pour une position parfaite en fonction des besoins du quotidien.<\/p>\n<p>&nbsp;<\/p>\n<p>&nbsp;<\/p>\n<p><strong><a href=\"https:\/\/www.micro-mobility.fr\/blog\/wp-content\/uploads\/2023\/03\/2-handlebars.png\"><img decoding=\"async\" loading=\"lazy\" class=\"wp-image-3074 alignleft\" src=\"https:\/\/www.micro-mobility.fr\/blog\/wp-content\/uploads\/2023\/03\/2-handlebars.png\" alt=\"\" width=\"321\" height=\"227\" srcset=\"https:\/\/www.micro-mobility.fr\/blog\/wp-content\/uploads\/2023\/03\/2-handlebars.png 3508w, https:\/\/www.micro-mobility.fr\/blog\/wp-content\/uploads\/2023\/03\/2-handlebars-300x212.png 300w, https:\/\/www.micro-mobility.fr\/blog\/wp-content\/uploads\/2023\/03\/2-handlebars-1024x724.png 1024w, https:\/\/www.micro-mobility.fr\/blog\/wp-content\/uploads\/2023\/03\/2-handlebars-768x543.png 768w, https:\/\/www.micro-mobility.fr\/blog\/wp-content\/uploads\/2023\/03\/2-handlebars-1536x1086.png 1536w, https:\/\/www.micro-mobility.fr\/blog\/wp-content\/uploads\/2023\/03\/2-handlebars-2048x1448.png 2048w\" sizes=\"(max-width: 321px) 100vw, 321px\" \/><\/a><\/strong><\/p>\n<p>&nbsp;<\/p>\n<p><strong>Plus\u00a0DURABLE<\/strong> : utilisation prolong\u00e9e gr\u00e2ce au guidon rallong\u00e9 de 10cm (utilisation m\u00eame apr\u00e8s 6 ans). Et comme pour tous les produits Micro, une garanties de 10 ans de disponibilit\u00e9 de 100% des pi\u00e8ces d\u00e9tach\u00e9es !<\/p>\n<p><span class=\"JsGRdQ\">Le design, la hauteur et la taille de la selle ont \u00e9t\u00e9 \u00e9tudi\u00e9s pour permettre aux enfants de monter et descendre seuls avec plus de facilit\u00e9, ce qui renforce\u00a0<\/span><span class=\"JsGRdQ\">l\u2019apprentissage et leur autonomie<\/span><span class=\"JsGRdQ\">.<\/span><\/p>\n<p>&nbsp;<\/p>\n<p>&nbsp;<\/p>\n<p>En choisissant la Mini Micro 3en1 R\u00e9volution, vous offrez \u00e0 votre enfant une trottinette \u00e9volutive de qualit\u00e9 sup\u00e9rieure qui l&rsquo;accompagnera pendant plusieurs ann\u00e9es et l&rsquo;aidera \u00e0 d\u00e9velopper sa motricit\u00e9 et son \u00e9quilibre tout en s&rsquo;amusant. De plus, vous pouvez avoir l&rsquo;esprit tranquille en sachant que votre enfant roule en toute s\u00e9curit\u00e9 gr\u00e2ce aux fonctionnalit\u00e9s de s\u00e9curit\u00e9 de la Mini Micro 3en1 R\u00e9volution :<\/p>\n<p>\ud83d\udef4 <strong>Trois \u00e9tapes d&rsquo;utilisation :<\/strong> La Mini Micro 3en1 R\u00e9volution peut \u00eatre utilis\u00e9e en trois \u00e9tapes : la premi\u00e8re \u00e9tape est la trottinette en mode draisienne avec la barre de pouss\u00e9e ou en mode si\u00e8ge (les enfants poussent avec leurs pieds) pour les enfants de 12 \u00e0 18 mois, la deuxi\u00e8me \u00e9tape est la trottinette avec la premi\u00e8re barre de direction pour les enfants de 18 \u00e0 24 mois, et la troisi\u00e8me \u00e9tape est la trottinette avec la barre de direction ajustable pour les enfants de 2 \u00e0\u00a0 6 ans voir un peu plus.<\/p>\n<p>\ud83d\udef4 <strong>Guidon ajustable :<\/strong> Le guidon de la Mini Micro 3en1 R\u00e9volution est ajustable en hauteur pour s&rsquo;adapter \u00e0 la taille de l&rsquo;enfant et offrir une exp\u00e9rience de conduite confortable et s\u00fbre.<\/p>\n<p>\ud83d\udef4 <strong>Planche antid\u00e9rapante :<\/strong> La planche de la Mini Micro 3en1 R\u00e9volution est \u00e9quip\u00e9e d&rsquo;un rev\u00eatement antid\u00e9rapant pour offrir une meilleure adh\u00e9rence et une conduite plus s\u00fbre pour l&rsquo;enfant.<\/p>\n<p>\ud83d\udef4 <strong>Stabilit\u00e9<\/strong> : La Mini Micro 3en1 R\u00e9volution est con\u00e7ue pour offrir une grande stabilit\u00e9 gr\u00e2ce \u00e0 sa structure solide et \u00e0 sa base \u00e9largie, ce qui permet \u00e0 l&rsquo;enfant de rouler en toute s\u00e9curit\u00e9.<\/p>\n<p>\ud83d\udef4 <strong>Syst\u00e8me de direction s\u00e9curis\u00e9<\/strong> : La Mini Micro 3en1 R\u00e9volution est \u00e9quip\u00e9e d&rsquo;un syst\u00e8me de direction s\u00e9curis\u00e9 qui emp\u00eache la trottinette de basculer lorsque l&rsquo;enfant tourne.<\/p>\n<p>&nbsp;<\/p>\n<p><a href=\"https:\/\/www.micro-mobility.fr\/blog\/wp-content\/uploads\/2023\/03\/Presentation-Mini-3en1-Revolution-2-1.png\"><img decoding=\"async\" loading=\"lazy\" class=\"wp-image-3114 aligncenter\" src=\"https:\/\/www.micro-mobility.fr\/blog\/wp-content\/uploads\/2023\/03\/Presentation-Mini-3en1-Revolution-2-1.png\" alt=\"\" width=\"949\" height=\"534\" srcset=\"https:\/\/www.micro-mobility.fr\/blog\/wp-content\/uploads\/2023\/03\/Presentation-Mini-3en1-Revolution-2-1.png 1920w, https:\/\/www.micro-mobility.fr\/blog\/wp-content\/uploads\/2023\/03\/Presentation-Mini-3en1-Revolution-2-1-300x169.png 300w, https:\/\/www.micro-mobility.fr\/blog\/wp-content\/uploads\/2023\/03\/Presentation-Mini-3en1-Revolution-2-1-1024x576.png 1024w, https:\/\/www.micro-mobility.fr\/blog\/wp-content\/uploads\/2023\/03\/Presentation-Mini-3en1-Revolution-2-1-768x432.png 768w, https:\/\/www.micro-mobility.fr\/blog\/wp-content\/uploads\/2023\/03\/Presentation-Mini-3en1-Revolution-2-1-1536x864.png 1536w\" sizes=\"(max-width: 949px) 100vw, 949px\" \/><\/a><\/p>\n<p>&nbsp;<\/p>\n<h3>Mais alors, pourquoi cette trottinette \u00e9volutive est parfaite pour votre enfant ?<\/h3>\n<p>La Mini Micro 3en1 R\u00e9volution pr\u00e9sente de nombreux avantages pour les enfants comme pour leurs parents. Voici les principaux avantages de cette trottinette \u00e9volutive :<\/p>\n<p><a href=\"https:\/\/www.micro-mobility.fr\/blog\/wp-content\/uploads\/2023\/03\/Presentation-Mini-3en1-Revolution-2-e1680076872870.png\"><img decoding=\"async\" loading=\"lazy\" class=\"wp-image-3085 alignleft\" src=\"https:\/\/www.micro-mobility.fr\/blog\/wp-content\/uploads\/2023\/03\/Presentation-Mini-3en1-Revolution-2-e1680076872870.png\" alt=\"\" width=\"317\" height=\"249\" srcset=\"https:\/\/www.micro-mobility.fr\/blog\/wp-content\/uploads\/2023\/03\/Presentation-Mini-3en1-Revolution-2-e1680076872870.png 1267w, https:\/\/www.micro-mobility.fr\/blog\/wp-content\/uploads\/2023\/03\/Presentation-Mini-3en1-Revolution-2-e1680076872870-300x235.png 300w, https:\/\/www.micro-mobility.fr\/blog\/wp-content\/uploads\/2023\/03\/Presentation-Mini-3en1-Revolution-2-e1680076872870-1024x803.png 1024w, https:\/\/www.micro-mobility.fr\/blog\/wp-content\/uploads\/2023\/03\/Presentation-Mini-3en1-Revolution-2-e1680076872870-768x602.png 768w\" sizes=\"(max-width: 317px) 100vw, 317px\" \/><\/a><\/p>\n<p>&nbsp;<\/p>\n<p>\u2705 <strong>D\u00e9veloppement de la motricit\u00e9 et de l&rsquo;\u00e9quilibre :<\/strong> La Mini Micro 3en1 R\u00e9volution est con\u00e7ue pour aider les enfants \u00e0 d\u00e9velopper leur motricit\u00e9 et leur \u00e9quilibre. Les trois \u00e9tapes d&rsquo;utilisation permettent \u00e0 l&rsquo;enfant de s&rsquo;adapter progressivement \u00e0 la trottinette et de d\u00e9velopper sa confiance en lui.<\/p>\n<p>\u2705 <strong>Conduite en toute s\u00e9curit\u00e9 :<\/strong> La Mini Micro 3en1 R\u00e9volution est \u00e9quip\u00e9e de fonctionnalit\u00e9s de s\u00e9curit\u00e9 telles que la base \u00e9largie, le syst\u00e8me de direction s\u00e9curis\u00e9 et le rev\u00eatement antid\u00e9rapant de la planche, ce qui permet \u00e0 l&rsquo;enfant de rouler en toute s\u00e9curit\u00e9.<\/p>\n<p>\u2705 <strong>Durabilit\u00e9 et qualit\u00e9 :<\/strong> La Mini Micro 3en1 R\u00e9volution est d\u00e9sign\u00e9e en Suisse avec des mat\u00e9riaux de qualit\u00e9 sup\u00e9rieure pour offrir une trottinette \u00e9volutive durable et r\u00e9sistante qui peut \u00eatre transmise de g\u00e9n\u00e9ration en g\u00e9n\u00e9ration.<\/p>\n<p>&nbsp;<\/p>\n<p><a href=\"https:\/\/www.micro-mobility.fr\/blog\/wp-content\/uploads\/2023\/03\/2Grow-mint-normal.png\"><img decoding=\"async\" loading=\"lazy\" class=\"wp-image-3086 alignleft\" src=\"https:\/\/www.micro-mobility.fr\/blog\/wp-content\/uploads\/2023\/03\/2Grow-mint-normal.png\" alt=\"\" width=\"307\" height=\"230\" srcset=\"https:\/\/www.micro-mobility.fr\/blog\/wp-content\/uploads\/2023\/03\/2Grow-mint-normal.png 1623w, https:\/\/www.micro-mobility.fr\/blog\/wp-content\/uploads\/2023\/03\/2Grow-mint-normal-300x225.png 300w, https:\/\/www.micro-mobility.fr\/blog\/wp-content\/uploads\/2023\/03\/2Grow-mint-normal-1024x768.png 1024w, https:\/\/www.micro-mobility.fr\/blog\/wp-content\/uploads\/2023\/03\/2Grow-mint-normal-768x576.png 768w, https:\/\/www.micro-mobility.fr\/blog\/wp-content\/uploads\/2023\/03\/2Grow-mint-normal-1536x1152.png 1536w\" sizes=\"(max-width: 307px) 100vw, 307px\" \/><\/a><\/p>\n<p>&nbsp;<\/p>\n<p>Chez Micro Mobility, nous sommes convaincus que la <a href=\"https:\/\/www.micro-mobility.fr\/1908-mini-micro-3en1-revolution-bleu.html\">Mini Micro 3en1 R\u00e9volution<\/a> est la meilleure trottinette \u00e9volutive du march\u00e9, pour plusieurs raisons :<\/p>\n<ul>\n<li>Elle est con\u00e7ue pour \u00e9voluer avec l&rsquo;enfant, ce qui permet \u00e0 l&rsquo;enfant de profiter de la trottinette pendant plusieurs ann\u00e9es.<\/li>\n<li>Elle est \u00e9quip\u00e9e de fonctionnalit\u00e9s de s\u00e9curit\u00e9 pour offrir une exp\u00e9rience de conduite s\u00fbre et agr\u00e9able pour l&rsquo;enfant.<\/li>\n<li>Elle est fabriqu\u00e9e avec des mat\u00e9riaux de qualit\u00e9 sup\u00e9rieure, ce qui garantit une trottinette \u00e9volutive durable et r\u00e9sistante peut importe les trajets.<\/li>\n<\/ul>\n<p>&nbsp;<\/p>\n<p>&nbsp;<\/p>\n<h2>La nouveaut\u00e9 d\u00e8s le mois de Mai 2023<\/h2>\n<p>D\u00e8s le mois de Mai, la Mini Micro R\u00e9volution sera disponible en version <a href=\"https:\/\/www.micro-mobility.fr\/1937-mini-micro-3en1-revolution-magic-mint.html\">magique et lumineuse<\/a> ! \ud83d\udca1<\/p>\n<p>&nbsp;<\/p>\n<h4><strong><em>Mais qu&rsquo;est-ce que cela change ?<\/em><\/strong><\/h4>\n<p>Cette nouvelle version b\u00e9n\u00e9ficie de <strong>2 gros changements<\/strong> :<\/p>\n<p><a href=\"https:\/\/www.micro-mobility.fr\/blog\/wp-content\/uploads\/2023\/03\/mini-micro-deluxe-magic-aqua.jpg\"><img decoding=\"async\" loading=\"lazy\" class=\"wp-image-3096 alignleft\" src=\"https:\/\/www.micro-mobility.fr\/blog\/wp-content\/uploads\/2023\/03\/mini-micro-deluxe-magic-aqua.jpg\" alt=\"\" width=\"221\" height=\"294\" srcset=\"https:\/\/www.micro-mobility.fr\/blog\/wp-content\/uploads\/2023\/03\/mini-micro-deluxe-magic-aqua.jpg 800w, https:\/\/www.micro-mobility.fr\/blog\/wp-content\/uploads\/2023\/03\/mini-micro-deluxe-magic-aqua-225x300.jpg 225w, https:\/\/www.micro-mobility.fr\/blog\/wp-content\/uploads\/2023\/03\/mini-micro-deluxe-magic-aqua-768x1023.jpg 768w\" sizes=\"(max-width: 221px) 100vw, 221px\" \/><\/a>Le guidon lumineux ! En effet, d\u00e8s que votre enfant touche le guidon de la Mini Micro Deluxe Magique, le capteur de mouvement int\u00e9gr\u00e9 fait briller les lumi\u00e8res LED sur le guidon en alternant cinq couleurs diff\u00e9rentes.<\/p>\n<p>Celui-ci permettra non seulement d&rsquo;augmenter le plaisir de glisse de vos enfants et leurs imaginations, mais \u00e9galement leurs visibilit\u00e9s et leurs s\u00e9curit\u00e9s dans l&rsquo;obscurit\u00e9.<\/p>\n<p><a href=\"https:\/\/www.micro-mobility.fr\/blog\/wp-content\/uploads\/2023\/03\/gif-3.gif\"><img decoding=\"async\" loading=\"lazy\" class=\"wp-image-3097 alignleft\" src=\"https:\/\/www.micro-mobility.fr\/blog\/wp-content\/uploads\/2023\/03\/gif-3.gif\" alt=\"\" width=\"293\" height=\"165\" \/><\/a><\/p>\n<p>Les petits embouts lumineux sont en plastique souple et les piles n\u00e9cessaires\u00a0<strong>(2 piles AA non-fournies)<\/strong>\u00a0peuvent \u00eatre facilement remplac\u00e9es en d\u00e9vissant les lumi\u00e8res.<\/p>\n<p>&nbsp;<\/p>\n<p>&nbsp;<\/p>\n<p>&nbsp;<\/p>\n<p>&nbsp;<\/p>\n<p><a href=\"https:\/\/www.micro-mobility.fr\/blog\/wp-content\/uploads\/2023\/03\/gif-4.gif\"><img decoding=\"async\" loading=\"lazy\" class=\"wp-image-3098 alignleft\" src=\"https:\/\/www.micro-mobility.fr\/blog\/wp-content\/uploads\/2023\/03\/gif-4.gif\" alt=\"\" width=\"310\" height=\"174\" \/><\/a><\/p>\n<p>De plus,\u00a0<strong>les roues LED Moonwheels<\/strong>\u00a0avant s&rsquo;\u00e9clairent gr\u00e2ce \u00e0 l&rsquo;\u00e9nergie \u00e0 induction. L&rsquo;int\u00e9rieur de la roue est translucide ce qui permet de diffuser la lumi\u00e8re dans toute la roue. En plus d&rsquo;un effet plus fun pour les enfants, cela permet de renforcer la s\u00e9curit\u00e9 car une visibilit\u00e9 \u00e0 360\u00b0 ! Ainsi, lorsque votre enfant avance, les roues s\u2019illuminent. Cela garantit une longue dur\u00e9e de vie des roues et signifie qu\u2019il n\u2019est pas n\u00e9cessaire de remplacer les piles.<\/p>\n<p>Enfin\u00a0<strong>le plateau antid\u00e9rapant<\/strong>\u00a0b\u00e9n\u00e9ficie d&rsquo;une\u00a0<strong>double injection 3D<\/strong>\u00a0afin d&rsquo;avoir une surface emp\u00eachant le d\u00e9rapage gr\u00e2ce au relief et \u00e0 la texture sur le deck. Cela garantie une\u00a0meilleure adh\u00e9rence aux chaussures de l&rsquo;enfant, ce qui r\u00e9duit le risque de glissade et de chute.<\/p>\n<p>&nbsp;<\/p>\n<p>&nbsp;<\/p>\n<p>Chez Micro Mobility, nous sommes fiers de proposer des trottinettes de qualit\u00e9 sup\u00e9rieure pour enfants et adultes, con\u00e7ues pour offrir une exp\u00e9rience de conduite s\u00fbre, agr\u00e9able et durable. La Mini Micro 3en1 R\u00e9volution est l&rsquo;un de nos produits phares, consid\u00e9r\u00e9e comme la meilleure trottinette \u00e9volutive de notre marque.<\/p>\n<p>&nbsp;<\/p>\n<p>Avec ses trois \u00e9tapes d&rsquo;utilisation, son guidon ajustable, sa planche antid\u00e9rapante, sa stabilit\u00e9 et son syst\u00e8me de direction s\u00e9curis\u00e9, la Mini Micro 3en1 R\u00e9volution est une trottinette \u00e9volutive de qualit\u00e9 sup\u00e9rieure qui offre une exp\u00e9rience de conduite s\u00fbre et agr\u00e9able pour les enfants en bas \u00e2ge et les enfants en \u00e2ge pr\u00e9scolaire. En choisissant la Mini Micro 3en1 R\u00e9volution, vous offrez \u00e0 votre enfant une trottinette \u00e9volutive de qualit\u00e9 sup\u00e9rieure qui l&rsquo;accompagnera pendant plusieurs ann\u00e9es et l&rsquo;aidera \u00e0 d\u00e9velopper sa motricit\u00e9 et son \u00e9quilibre tout en s&rsquo;amusant.<\/p>\n<p>&nbsp;<\/p>\n<p>\u27a1\ufe0f Rendez-vous sur le site pour l&rsquo;acheter : <a href=\"https:\/\/www.micro-mobility.fr\/1910-mini-micro-3en1-revolution-rose.html\">https:\/\/www.micro-mobility.fr\/1910-mini-micro-3en1-revolution-rose.html<\/a><\/p>\n<p>\u27a1\ufe0f Ou pour la pr\u00e9-command\u00e9e en version magique et lumineuse : <a href=\"https:\/\/www.micro-mobility.fr\/1937-mini-micro-3en1-revolution-magic-mint.html\">https:\/\/www.micro-mobility.fr\/1937-mini-micro-3en1-revolution-magic-mint.html<\/a><\/p>\n<p>&nbsp;<\/p>\n<hr \/>\n<p><strong>Retrouvez-nous sur nos diff\u00e9rents r\u00e9seaux :<\/strong><\/p>\n<p>&nbsp;<\/p>\n<p><img decoding=\"async\" loading=\"lazy\" class=\"wp-image-1271 alignleft\" src=\"https:\/\/www.micro-mobility.fr\/blog\/wp-content\/uploads\/2018\/10\/instagram-logo-transparent-png-571.png\" sizes=\"(max-width: 53px) 100vw, 53px\" srcset=\"https:\/\/www.micro-mobility.fr\/blog\/wp-content\/uploads\/2018\/10\/instagram-logo-transparent-png-571.png 1000w, https:\/\/www.micro-mobility.fr\/blog\/wp-content\/uploads\/2018\/10\/instagram-logo-transparent-png-571-300x300.png 300w, https:\/\/www.micro-mobility.fr\/blog\/wp-content\/uploads\/2018\/10\/instagram-logo-transparent-png-571-150x150.png 150w, https:\/\/www.micro-mobility.fr\/blog\/wp-content\/uploads\/2018\/10\/instagram-logo-transparent-png-571-768x768.png 768w\" alt=\"\" width=\"53\" height=\"53\" \/>Suivez-nous sur notre compte Instagram pour retrouver nos aventures !<\/p>\n<p><a href=\"https:\/\/www.instagram.com\/micromobilityfrance\/?hl=fr\" target=\"_blank\" rel=\"noopener noreferrer\">@micromobilityfrance<\/a><\/p>\n<p>&nbsp;<\/p>\n<p><img decoding=\"async\" loading=\"lazy\" class=\"wp-image-3051 alignleft\" src=\"https:\/\/www.micro-mobility.fr\/blog\/wp-content\/uploads\/2023\/03\/logo-icone-tiktok-simbolo-1-300x300.png\" alt=\"\" width=\"58\" height=\"58\" srcset=\"https:\/\/www.micro-mobility.fr\/blog\/wp-content\/uploads\/2023\/03\/logo-icone-tiktok-simbolo-1-300x300.png 300w, https:\/\/www.micro-mobility.fr\/blog\/wp-content\/uploads\/2023\/03\/logo-icone-tiktok-simbolo-1-150x150.png 150w, https:\/\/www.micro-mobility.fr\/blog\/wp-content\/uploads\/2023\/03\/logo-icone-tiktok-simbolo-1.png 512w\" sizes=\"(max-width: 58px) 100vw, 58px\" \/>Suivez-nous sur notre compte TikTok pour suivre nos aventures !<\/p>\n<p><a href=\"https:\/\/www.tiktok.com\/@micromobilityfrance\" target=\"_blank\" rel=\"noopener\">@micromobilityfrance<\/a><\/p>\n<p>&nbsp;<\/p>\n<p><img decoding=\"async\" loading=\"lazy\" class=\"wp-image-1272 alignleft\" src=\"https:\/\/www.micro-mobility.fr\/blog\/wp-content\/uploads\/2018\/10\/584ac2d03ac3a570f94a666d.png\" sizes=\"(max-width: 50px) 100vw, 50px\" srcset=\"https:\/\/www.micro-mobility.fr\/blog\/wp-content\/uploads\/2018\/10\/584ac2d03ac3a570f94a666d.png 250w, https:\/\/www.micro-mobility.fr\/blog\/wp-content\/uploads\/2018\/10\/584ac2d03ac3a570f94a666d-150x150.png 150w\" alt=\"\" width=\"50\" height=\"50\" \/><\/p>\n<p>Retrouvez-nous sur notre page Facebook pour suivre nos aventures !<\/p>\n<p><a href=\"https:\/\/www.facebook.com\/MicroMobilityFrance\/\" target=\"_blank\" rel=\"noopener noreferrer\">Micro Mobility France<\/a><\/p>\n<p>&nbsp;<\/p>\n<p><img decoding=\"async\" loading=\"lazy\" class=\"alignleft wp-image-2115\" src=\"https:\/\/www.micro-mobility.fr\/blog\/wp-content\/uploads\/2018\/07\/linkedin-300x300.png\" sizes=\"(max-width: 50px) 100vw, 50px\" srcset=\"https:\/\/www.micro-mobility.fr\/blog\/wp-content\/uploads\/2018\/07\/linkedin-300x300.png 300w, https:\/\/www.micro-mobility.fr\/blog\/wp-content\/uploads\/2018\/07\/linkedin-150x150.png 150w, https:\/\/www.micro-mobility.fr\/blog\/wp-content\/uploads\/2018\/07\/linkedin.png 512w\" alt=\"\" width=\"50\" height=\"50\" \/>Rendez-vous \u00e9galement sur notre compte Linkedin pour suivre nos actualit\u00e9s !<\/p>\n<p><a href=\"https:\/\/www.linkedin.com\/company\/micro-mobility-france\/?viewAsMember=true\" target=\"_blank\" rel=\"nofollow noopener\">Micro Mobility France<\/a><\/p>\n<p>&nbsp;<\/p>\n<p><img decoding=\"async\" loading=\"lazy\" class=\"wp-image-1289 alignleft\" src=\"https:\/\/www.micro-mobility.fr\/blog\/wp-content\/uploads\/2020\/11\/580b57fcd9996e24bc43c545.png\" sizes=\"(max-width: 50px) 100vw, 50px\" srcset=\"https:\/\/www.micro-mobility.fr\/blog\/wp-content\/uploads\/2020\/11\/580b57fcd9996e24bc43c545.png 1024w, https:\/\/www.micro-mobility.fr\/blog\/wp-content\/uploads\/2020\/11\/580b57fcd9996e24bc43c545-300x211.png 300w, https:\/\/www.micro-mobility.fr\/blog\/wp-content\/uploads\/2020\/11\/580b57fcd9996e24bc43c545-768x541.png 768w\" alt=\"\" width=\"50\" height=\"35\" \/><\/p>\n<p>Pour voir nos tutoriels SAV et toutes nos vid\u00e9os autour de Micro, rendez-vous sur notre cha\u00eene YouTube !<\/p>\n<p><a href=\"https:\/\/www.youtube.com\/channel\/UCsLJ7ihEkJGE-pmGQDE1H7w\/featured?view_as=subscriber\" target=\"_blank\" rel=\"nofollow noopener noreferrer\">Micro Mobility France<\/a><\/p>\n<p>&nbsp;<\/p>\n","protected":false},"excerpt":{"rendered":"<p>Avec plus de 20 ans d&rsquo;exp\u00e9rience, d\u00e9couvrez la nouvelle trottinette Mini Micro 3en1 R\u00e9volution ! Modulable sans outils, ergonomique et \u00e9volutive jusqu&rsquo;\u00e0 6 ans et +,  elle sera bient\u00f4t disponible avec une nouvelle version lumineuse et magique ! Id\u00e9ale pour les parents comme pour les enfants !<\/p>\n","protected":false},"author":6,"featured_media":3054,"comment_status":"closed","ping_status":"open","sticky":false,"template":"","format":"standard","meta":[],"categories":[1,4,6],"tags":[],"aioseo_notices":[],"_links":{"self":[{"href":"https:\/\/www.micro-mobility.fr\/blog\/wp-json\/wp\/v2\/posts\/3049"}],"collection":[{"href":"https:\/\/www.micro-mobility.fr\/blog\/wp-json\/wp\/v2\/posts"}],"about":[{"href":"https:\/\/www.micro-mobility.fr\/blog\/wp-json\/wp\/v2\/types\/post"}],"author":[{"embeddable":true,"href":"https:\/\/www.micro-mobility.fr\/blog\/wp-json\/wp\/v2\/users\/6"}],"replies":[{"embeddable":true,"href":"https:\/\/www.micro-mobility.fr\/blog\/wp-json\/wp\/v2\/comments?post=3049"}],"version-history":[{"count":50,"href":"https:\/\/www.micro-mobility.fr\/blog\/wp-json\/wp\/v2\/posts\/3049\/revisions"}],"predecessor-version":[{"id":3420,"href":"https:\/\/www.micro-mobility.fr\/blog\/wp-json\/wp\/v2\/posts\/3049\/revisions\/3420"}],"wp:featuredmedia":[{"embeddable":true,"href":"https:\/\/www.micro-mobility.fr\/blog\/wp-json\/wp\/v2\/media\/3054"}],"wp:attachment":[{"href":"https:\/\/www.micro-mobility.fr\/blog\/wp-json\/wp\/v2\/media?parent=3049"}],"wp:term":[{"taxonomy":"category","embeddable":true,"href":"https:\/\/www.micro-mobility.fr\/blog\/wp-json\/wp\/v2\/categories?post=3049"},{"taxonomy":"post_tag","embeddable":true,"href":"https:\/\/www.micro-mobility.fr\/blog\/wp-json\/wp\/v2\/tags?post=3049"}],"curies":[{"name":"wp","href":"https:\/\/api.w.org\/{rel}","templated":true}]}}