{"id":311,"date":"2018-09-18T10:43:37","date_gmt":"2018-09-18T08:43:37","guid":{"rendered":"https:\/\/www.micro-mobility.fr\/blog\/?p=311"},"modified":"2020-09-11T10:04:54","modified_gmt":"2020-09-11T08:04:54","slug":"semaine-europeenne-de-la-mobilite-2018","status":"publish","type":"post","link":"https:\/\/www.micro-mobility.fr\/blog\/semaine-europeenne-de-la-mobilite-2018\/","title":{"rendered":"Semaine Europ\u00e9enne de la Mobilit\u00e9 2018"},"content":{"rendered":"<h2>Micro s\u2019engage | D\u00e9couvrez notre op\u00e9ration de Street Marketing \u00e0 Paris<\/h2>\n<p>Sensible \u00e0 l&rsquo;avenir des villes modernes et aux nombreux enjeux de mobilit\u00e9 actuels, Micro Mobility a toujours innov\u00e9 sans compter pour imaginer les d\u00e9placements de demain. Aujourd\u2019hui Micro Mobility inaugure la Semaine Europ\u00e9enne de la Mobilit\u00e9 avec le d\u00e9ploiement d&rsquo;une campagne de Street Marketing \u00e0 la sortie des 28 gares et m\u00e9tros parisiens les plus fr\u00e9quent\u00e9s.<\/p>\n<p>Sur une id\u00e9e originale de notre Agence RP 187 COM, la soci\u00e9t\u00e9 Clean Tag vient de r\u00e9aliser pour nous 229 tags trottinettes Micro \u00e9ph\u00e9m\u00e8res exposant les temps de trajet \u00e0 trottinette entre les diff\u00e9rents points n\u00e9vralgiques de la capitale. Notre objectif est de sensibiliser les parisiens aux nombreux avantages que peuvent apporter les solutions de transport alternatives, dont les trottinettes bien s\u00fbr\u00a0!!<\/p>\n<h2>Bon \u00e0 savoir<\/h2>\n<h3>En milieu urbain<\/h3>\n<ul>\n<li>Le temps de transport en commun moyen pour aller au travail est de 33 mn<\/li>\n<li>32 mn en moyenne de marche \u00e0 pied par jour<\/li>\n<li>71% des personnes travaillent \u00e0 &#8211; de 10 km de leur domicile<\/li>\n<li>Le temps perdu \u00e0 attendre les transports en commun en moyenne est de 22 mn\/jour, soit 81h\/an<\/li>\n<\/ul>\n<p>&nbsp;<\/p>\n<ul>\n<li>50% des citoyens recherchent le mode de transport le plus rapide.<\/li>\n<li>Vous allez 3 fois plus vite sur une trottinette \u00e9lectrique qu\u2019\u00e0 pied, et deux fois plus vite sur une trottinette classique.<\/li>\n<li>En dessous de 6 km, en milieu urbain, il n\u2019y a rien de plus rapide qu\u2019une trottinette \u00e9lectrique d\u2019un point A \u00e0 un point B\u00a0!<\/li>\n<\/ul>\n<h2><\/h2>\n<h2>Nos engagements au quotidien<\/h2>\n<p>Gagner du temps, \u00eatre libre, faciliter vos d\u00e9placements, d\u00e9sengorger les transports en commun, pouvoir \u00eatre flexible et autonome, adopter une mobilit\u00e9 douce et verte pour l&rsquo;environnement, augmenter son p\u00e9rim\u00e8tre de vie\u00a0: voici, chez Micro, ce qui nous anime quotidiennement\u00a0!<\/p>\n<p>Micro Mobility s&rsquo;engage dans le d\u00e9veloppement d&rsquo;une mobilit\u00e9 urbaine durable pour les citadins dans un futur proche en cr\u00e9ant des produits de qualit\u00e9 pour toute la famille. Micro Mobility a lanc\u00e9 la 1\u00e8re trottinette moderne du march\u00e9 il y a 20 ans et a construit son succ\u00e8s sur l&rsquo;innovation. Micro Mobility s&rsquo;impose aujourd\u2019hui comme un acteur majeur dans la recherche et l&rsquo;implantation de solutions pour r\u00e9volutionner le quotidien des citadins.<\/p>\n<p>La semaine de la mobilit\u00e9 a pour but de sensibiliser les citoyens \u00e0 l\u2019utilisation des transports alternatifs. Et vous\u00a0? Etes-vous pr\u00eat \u00e0 changer votre mode de d\u00e9placement\u00a0? Pendant 2 semaines, retrouvez les tags trottinettes Micro \u00e0 travers la capitale. Partagez vos trouvailles sur notre <a href=\"https:\/\/www.instagram.com\/micromobilityfrance\/\">Instagram<\/a>\u00a0!! D\u00e9couvrez la carte interactive avec les 229 tags. A vous de jouer\u00a0!<\/p>\n<p>&nbsp;<\/p>\n<h2 style=\"text-align: left;\">Cliquez sur la map interactive, d\u00e9couvrez les 229 tags !<\/h2>\n<figure id=\"attachment_313\" aria-describedby=\"caption-attachment-313\" style=\"width: 416px\" class=\"wp-caption alignleft\"><a href=\"https:\/\/www.google.com\/maps\/d\/edit?mid=1n50n4k9avf-cZvIoFb9olTd8M8eSLuJQ&amp;ll=48.85454390295356%2C2.3026824989365196&amp;z=12\"><img decoding=\"async\" loading=\"lazy\" class=\"wp-image-313\" src=\"https:\/\/www.micro-mobility.fr\/blog\/wp-content\/uploads\/2018\/09\/Map-interactive-Micro-Mobility-300x167.png\" alt=\"Retrouvez les 229 points ! \" width=\"416\" height=\"232\" srcset=\"https:\/\/www.micro-mobility.fr\/blog\/wp-content\/uploads\/2018\/09\/Map-interactive-Micro-Mobility-300x167.png 300w, https:\/\/www.micro-mobility.fr\/blog\/wp-content\/uploads\/2018\/09\/Map-interactive-Micro-Mobility.png 724w\" sizes=\"(max-width: 416px) 100vw, 416px\" \/><\/a><figcaption id=\"caption-attachment-313\" class=\"wp-caption-text\">Map interactive &#8211; Clean tags Micro Mobility<\/figcaption><\/figure>\n<h2><\/h2>\n<h2><\/h2>\n<h2><\/h2>\n<h2><\/h2>\n<h2><\/h2>\n<h2 style=\"text-align: left;\">Notre op\u00e9ration de Street Marketing \u00e0 Paris en images<\/h2>\n<figure id=\"attachment_323\" aria-describedby=\"caption-attachment-323\" style=\"width: 640px\" class=\"wp-caption alignleft\"><img decoding=\"async\" loading=\"lazy\" class=\"wp-image-323 size-large\" src=\"https:\/\/www.micro-mobility.fr\/blog\/wp-content\/uploads\/2018\/09\/IMG_8342-1024x683.jpg\" alt=\"\" width=\"640\" height=\"427\" srcset=\"https:\/\/www.micro-mobility.fr\/blog\/wp-content\/uploads\/2018\/09\/IMG_8342-1024x683.jpg 1024w, https:\/\/www.micro-mobility.fr\/blog\/wp-content\/uploads\/2018\/09\/IMG_8342-300x200.jpg 300w, https:\/\/www.micro-mobility.fr\/blog\/wp-content\/uploads\/2018\/09\/IMG_8342-768x512.jpg 768w\" sizes=\"(max-width: 640px) 100vw, 640px\" \/><figcaption id=\"caption-attachment-323\" class=\"wp-caption-text\">Clean Tag Micro Mobility &#8211; Nation<\/figcaption><\/figure>\n<figure id=\"attachment_324\" aria-describedby=\"caption-attachment-324\" style=\"width: 640px\" class=\"wp-caption alignleft\"><img decoding=\"async\" loading=\"lazy\" class=\"wp-image-324 size-large\" src=\"https:\/\/www.micro-mobility.fr\/blog\/wp-content\/uploads\/2018\/09\/IMG_8351-1024x683.jpg\" alt=\"\" width=\"640\" height=\"427\" srcset=\"https:\/\/www.micro-mobility.fr\/blog\/wp-content\/uploads\/2018\/09\/IMG_8351-1024x683.jpg 1024w, https:\/\/www.micro-mobility.fr\/blog\/wp-content\/uploads\/2018\/09\/IMG_8351-300x200.jpg 300w, https:\/\/www.micro-mobility.fr\/blog\/wp-content\/uploads\/2018\/09\/IMG_8351-768x512.jpg 768w\" sizes=\"(max-width: 640px) 100vw, 640px\" \/><figcaption id=\"caption-attachment-324\" class=\"wp-caption-text\">Clean Tag Micro Mobility &#8211; Gare de l&rsquo;est<\/figcaption><\/figure>\n<figure id=\"attachment_325\" aria-describedby=\"caption-attachment-325\" style=\"width: 640px\" class=\"wp-caption alignleft\"><img decoding=\"async\" loading=\"lazy\" class=\"wp-image-325 size-large\" src=\"https:\/\/www.micro-mobility.fr\/blog\/wp-content\/uploads\/2018\/09\/IMG_8347-1024x683.jpg\" alt=\"\" width=\"640\" height=\"427\" srcset=\"https:\/\/www.micro-mobility.fr\/blog\/wp-content\/uploads\/2018\/09\/IMG_8347-1024x683.jpg 1024w, https:\/\/www.micro-mobility.fr\/blog\/wp-content\/uploads\/2018\/09\/IMG_8347-300x200.jpg 300w, https:\/\/www.micro-mobility.fr\/blog\/wp-content\/uploads\/2018\/09\/IMG_8347-768x512.jpg 768w\" sizes=\"(max-width: 640px) 100vw, 640px\" \/><figcaption id=\"caption-attachment-325\" class=\"wp-caption-text\">Clean Tag Micro Mobility &#8211; M\u00e9tro parisien<\/figcaption><\/figure>\n<p>&nbsp;<\/p>\n<p>&nbsp;<\/p>\n<h2><\/h2>\n<h2><\/h2>\n<h2><\/h2>\n<h2><\/h2>\n<h2><\/h2>\n<h2><\/h2>\n<h2><\/h2>\n<h2><\/h2>\n<h2><\/h2>\n<h2><\/h2>\n<h2><\/h2>\n<h2><\/h2>\n<h2><\/h2>\n<h2><\/h2>\n<h2><\/h2>\n<h2><\/h2>\n<h2><\/h2>\n<h2><\/h2>\n<h2><\/h2>\n<h2><\/h2>\n<h2><\/h2>\n<h2><\/h2>\n<h2><\/h2>\n<h2><\/h2>\n<h2>Carte M\u00e9tro Parisien par Micro Mobility<\/h2>\n<p style=\"text-align: left;\">En parall\u00e8le Micro Mobility a imagin\u00e9 la premi\u00e8re carte de m\u00e9tro parisien qui r\u00e9pertorie le temps de trajet \u00e0 trottinette (classique ou \u00e9lectrique) entre chaque station ! A t\u00e9l\u00e9charger &amp; \u00e0 conserver !<\/p>\n<p style=\"text-align: left;\">A savoir : vous allez trois fois plus vite avec une trottinette \u00e9lectrique qu&rsquo;\u00e0 pied !<\/p>\n<p style=\"text-align: left;\">Gagner du temps &#8211; \u00catre libre &amp; autonome &#8211; \u00c9tendre son territoire de vie &#8211; \u00catre Green : adoptez la trottinette attitude<\/p>\n<p><img decoding=\"async\" loading=\"lazy\" class=\"wp-image-328 alignleft\" src=\"https:\/\/www.micro-mobility.fr\/blog\/wp-content\/uploads\/2018\/09\/Carte-de-me\u0301tro-parisien-trottinettes-Micro-.png\" alt=\"Gagner du temps, \u00eatre libre, \u00eatre libre, \u00eatre autonome, \" width=\"641\" height=\"344\" srcset=\"https:\/\/www.micro-mobility.fr\/blog\/wp-content\/uploads\/2018\/09\/Carte-de-me\u0301tro-parisien-trottinettes-Micro-.png 598w, https:\/\/www.micro-mobility.fr\/blog\/wp-content\/uploads\/2018\/09\/Carte-de-me\u0301tro-parisien-trottinettes-Micro--300x161.png 300w\" sizes=\"(max-width: 641px) 100vw, 641px\" \/><\/p>\n<p>&nbsp;<\/p>\n<p>&nbsp;<\/p>\n<p>&nbsp;<\/p>\n<p>&nbsp;<\/p>\n<p>&nbsp;<\/p>\n<p>&nbsp;<\/p>\n<p>&nbsp;<\/p>\n<p>&nbsp;<\/p>\n<p>&nbsp;<\/p>\n<p>&nbsp;<\/p>\n<p>&nbsp;<\/p>\n<h2>Micro trottoir | que pensez-vous de la mobilit\u00e9 ?<\/h2>\n<p><a href=\"https:\/\/youtu.be\/yi7uPxPGPdU\" target=\"_blank\" rel=\"noopener noreferrer\"><img decoding=\"async\" loading=\"lazy\" class=\"Semaine europ\u00e9enne de la mobilit\u00e9 2018 alignleft wp-image-364 size-large\" title=\"Semaine europ\u00e9enne de la mobilit\u00e9 2018\" src=\"https:\/\/www.micro-mobility.fr\/blog\/wp-content\/uploads\/2018\/09\/video-1024x682.png\" alt=\"Semaine europ\u00e9enne de la mobilit\u00e9 2018\" width=\"1024\" height=\"682\" srcset=\"https:\/\/www.micro-mobility.fr\/blog\/wp-content\/uploads\/2018\/09\/video-1024x682.png 1024w, https:\/\/www.micro-mobility.fr\/blog\/wp-content\/uploads\/2018\/09\/video-300x200.png 300w, https:\/\/www.micro-mobility.fr\/blog\/wp-content\/uploads\/2018\/09\/video-768x512.png 768w, https:\/\/www.micro-mobility.fr\/blog\/wp-content\/uploads\/2018\/09\/video.png 1349w\" sizes=\"(max-width: 1024px) 100vw, 1024px\" \/><\/a><\/p>\n<p>&nbsp;<\/p>\n<p>&nbsp;<\/p>\n<p>&nbsp;<\/p>\n<p>&nbsp;<\/p>\n<p>&nbsp;<\/p>\n<p>&nbsp;<\/p>\n<p>&nbsp;<\/p>\n<p>&nbsp;<\/p>\n<p>&nbsp;<\/p>\n<p>&nbsp;<\/p>\n<p>&nbsp;<\/p>\n<p><a href=\"https:\/\/www.micro-mobility.fr\/289-toutes-les-trottinettes-adultes\" target=\"_blank\" rel=\"nofollow noopener noreferrer\"><strong>Cliquez-ici pour d\u00e9couvrir notre gamme de trottinettes<\/strong><\/a> et lancez-vous dans ce challenge avec nous ! Alors pr\u00eat ?<\/p>\n","protected":false},"excerpt":{"rendered":"<p>Semaine Europ\u00e9enne de la Mobilit\u00e9 2018<br \/>\nMicro s\u2019engage | D\u00e9couvrez notre op\u00e9ration de Street Marketing \u00e0 Paris<\/p>\n","protected":false},"author":6,"featured_media":354,"comment_status":"closed","ping_status":"open","sticky":false,"template":"","format":"standard","meta":[],"categories":[1,6],"tags":[78,79,13,39,76,77,9],"aioseo_notices":[],"_links":{"self":[{"href":"https:\/\/www.micro-mobility.fr\/blog\/wp-json\/wp\/v2\/posts\/311"}],"collection":[{"href":"https:\/\/www.micro-mobility.fr\/blog\/wp-json\/wp\/v2\/posts"}],"about":[{"href":"https:\/\/www.micro-mobility.fr\/blog\/wp-json\/wp\/v2\/types\/post"}],"author":[{"embeddable":true,"href":"https:\/\/www.micro-mobility.fr\/blog\/wp-json\/wp\/v2\/users\/6"}],"replies":[{"embeddable":true,"href":"https:\/\/www.micro-mobility.fr\/blog\/wp-json\/wp\/v2\/comments?post=311"}],"version-history":[{"count":46,"href":"https:\/\/www.micro-mobility.fr\/blog\/wp-json\/wp\/v2\/posts\/311\/revisions"}],"predecessor-version":[{"id":909,"href":"https:\/\/www.micro-mobility.fr\/blog\/wp-json\/wp\/v2\/posts\/311\/revisions\/909"}],"wp:featuredmedia":[{"embeddable":true,"href":"https:\/\/www.micro-mobility.fr\/blog\/wp-json\/wp\/v2\/media\/354"}],"wp:attachment":[{"href":"https:\/\/www.micro-mobility.fr\/blog\/wp-json\/wp\/v2\/media?parent=311"}],"wp:term":[{"taxonomy":"category","embeddable":true,"href":"https:\/\/www.micro-mobility.fr\/blog\/wp-json\/wp\/v2\/categories?post=311"},{"taxonomy":"post_tag","embeddable":true,"href":"https:\/\/www.micro-mobility.fr\/blog\/wp-json\/wp\/v2\/tags?post=311"}],"curies":[{"name":"wp","href":"https:\/\/api.w.org\/{rel}","templated":true}]}}