{"id":402,"date":"2018-10-05T15:11:45","date_gmt":"2018-10-05T13:11:45","guid":{"rendered":"https:\/\/www.micro-mobility.fr\/blog\/?p=402"},"modified":"2021-03-29T14:06:01","modified_gmt":"2021-03-29T12:06:01","slug":"zoom-sur-l-iconique-mini-micro-deluxe","status":"publish","type":"post","link":"https:\/\/www.micro-mobility.fr\/blog\/zoom-sur-l-iconique-mini-micro-deluxe\/","title":{"rendered":"Zoom sur notre iconique Mini Micro Deluxe"},"content":{"rendered":"<p>D\u00e9couvrez ou red\u00e9couvrez la premi\u00e8re trottinette 3 roues invent\u00e9e par Micro Mobility pour les enfants \u00e2g\u00e9s de 2 \u00e0 5 ans. Fabriqu\u00e9e avec des mat\u00e9riaux de qualit\u00e9 la Mini Micro Deluxe est id\u00e9ale pour les enfants qui font leurs premiers pas \u00e0 trottinette. Elle garantit une prise en main facile mais surtout du plaisir de glisse !<\/p>\n<h2>Comment est n\u00e9e la Mini Micro\u00a0?<\/h2>\n<p><img decoding=\"async\" loading=\"lazy\" class=\"alignleft wp-image-1268\" title=\"Photo Wim Ouboter - Fondateur des trottinettes Micro\" src=\"https:\/\/www.micro-mobility.fr\/blog\/wp-content\/uploads\/2018\/10\/Wim-Ouboter-with-first-Prototyp-1-scaled.jpg\" alt=\"Photo Wim Ouboter - Fondateur des trottinettes Micro\" width=\"291\" height=\"195\" srcset=\"https:\/\/www.micro-mobility.fr\/blog\/wp-content\/uploads\/2018\/10\/Wim-Ouboter-with-first-Prototyp-1-scaled.jpg 2560w, https:\/\/www.micro-mobility.fr\/blog\/wp-content\/uploads\/2018\/10\/Wim-Ouboter-with-first-Prototyp-1-300x201.jpg 300w, https:\/\/www.micro-mobility.fr\/blog\/wp-content\/uploads\/2018\/10\/Wim-Ouboter-with-first-Prototyp-1-1024x685.jpg 1024w, https:\/\/www.micro-mobility.fr\/blog\/wp-content\/uploads\/2018\/10\/Wim-Ouboter-with-first-Prototyp-1-768x514.jpg 768w, https:\/\/www.micro-mobility.fr\/blog\/wp-content\/uploads\/2018\/10\/Wim-Ouboter-with-first-Prototyp-1-1536x1028.jpg 1536w, https:\/\/www.micro-mobility.fr\/blog\/wp-content\/uploads\/2018\/10\/Wim-Ouboter-with-first-Prototyp-1-2048x1371.jpg 2048w\" sizes=\"(max-width: 291px) 100vw, 291px\" \/>Wim Ouboter, ancien banquier Suisse a r\u00e9invent\u00e9 et fabriqu\u00e9 en 1996 la premi\u00e8re trottinette moderne pliable en s\u2019inspirant des patinettes de son enfance. Devant l\u2019engouement des enfants et le succ\u00e8s de sa cr\u00e9ation, sa femme Janine insiste pour qu\u2019il d\u00e9veloppe cette invention. C\u2019est le d\u00e9but de la grande aventure des trottinettes Micro\u00a0!<\/p>\n<p>C\u2019est en 2001 que Wim Ouboter invente et commercialise la c\u00e9l\u00e8bre Mini Micro et son syst\u00e8me unique de navigation par transfert de poids. Cette trottinette Micro est la premi\u00e8re trottinette adapt\u00e9e aux jeunes enfants et con\u00e7ue pour une glisse en toute confiance. Ce syst\u00e8me de direction invent\u00e9 par Micro et brevet\u00e9 a \u00e9t\u00e9 de nombreuses fois copi\u00e9, mais jamais \u00e9gal\u00e9\u00a0!<\/p>\n<p>&nbsp;<\/p>\n<h2>Les nombreuses \u00e9volutions<\/h2>\n<p>Quelques ann\u00e9es apr\u00e8s son lancement, la Mini Micro \u00e9volue vers un mod\u00e8le Deluxe. En 2016, Micro Mobility sort un mod\u00e8le encore plus robuste et r\u00e9glable pour s\u2019adapter au mieux \u00e0 la taille de l\u2019enfant.<\/p>\n<h2>Le look change<\/h2>\n<p>Sur le mod\u00e8le Deluxe, la barre de la Mini Micro est anodis\u00e9e. La trottinette de votre enfant ne passera pas inaper\u00e7u\u00a0: les couleurs des poign\u00e9es, de la planche, du frein et de la barre sont coordonn\u00e9es\u00a0! Ce design rend la trottinette encore plus \u00e9l\u00e9gante. Pour satisfaire tous les go\u00fbts, la Mini Micro se d\u00e9cline en 8 coloris fun et acidul\u00e9s.<\/p>\n<h2>Une trottinette qui grandit avec l\u2019enfant<\/h2>\n<p>La trottinette Mini Micro Deluxe grandit d\u00e9sormais avec votre enfant. Le guidon s\u2019ajuste de 44 \u00e0 64 cm. La Mini Micro Deluxe deviendra vite un indispensable du quotidien. Les enfants de 2 \u00e0 5 ans ne pourront plus s\u2019en passer\u00a0!<\/p>\n<figure id=\"attachment_419\" aria-describedby=\"caption-attachment-419\" style=\"width: 851px\" class=\"wp-caption alignleft\"><img decoding=\"async\" loading=\"lazy\" class=\"wp-image-419\" title=\"Trottinettes Mini Micro Deluxe\" src=\"https:\/\/www.micro-mobility.fr\/blog\/wp-content\/uploads\/2018\/10\/Gamme-Mini-deluxe-2-Copie.jpg\" alt=\"Trottinettes Mini Micro Deluxe\" width=\"851\" height=\"567\" srcset=\"https:\/\/www.micro-mobility.fr\/blog\/wp-content\/uploads\/2018\/10\/Gamme-Mini-deluxe-2-Copie.jpg 5472w, https:\/\/www.micro-mobility.fr\/blog\/wp-content\/uploads\/2018\/10\/Gamme-Mini-deluxe-2-Copie-300x200.jpg 300w, https:\/\/www.micro-mobility.fr\/blog\/wp-content\/uploads\/2018\/10\/Gamme-Mini-deluxe-2-Copie-768x512.jpg 768w, https:\/\/www.micro-mobility.fr\/blog\/wp-content\/uploads\/2018\/10\/Gamme-Mini-deluxe-2-Copie-1024x683.jpg 1024w\" sizes=\"(max-width: 851px) 100vw, 851px\" \/><figcaption id=\"caption-attachment-419\" class=\"wp-caption-text\">Gamme Mini Micro Deluxe : la c\u00e9l\u00e8bre trottinette 3 roues pour les enfants de 2 \u00e0 5 ans.<\/figcaption><\/figure>\n<h2><\/h2>\n<h2><\/h2>\n<h2><\/h2>\n<h2><\/h2>\n<h2><\/h2>\n<h2><\/h2>\n<h2><\/h2>\n<h2><\/h2>\n<h2><\/h2>\n<h2><\/h2>\n<h2><\/h2>\n<h2>Une trottinette plus robuste et plus s\u00e9curis\u00e9e<\/h2>\n<p>Cette trottinette est con\u00e7ue avec des mat\u00e9riaux de qualit\u00e9 pour vous offrir une produit durable et robuste. Le grip a \u00e9t\u00e9 retravaill\u00e9 afin d\u2019offrir une adh\u00e9rence suppl\u00e9mentaire, ce qui conf\u00e8re au pilote une prise en main plus simple. La planche a \u00e9galement \u00e9t\u00e9 renforc\u00e9e. Deux bandes r\u00e9fl\u00e9chissantes sont pr\u00e9sentes \u00e0 l\u2019arri\u00e8re de la planche, cela permet \u00e0 votre bambin d\u2019\u00eatre visible en toutes circonstances.<\/p>\n<h2>Comment fonctionne le syst\u00e8me de navigation par transfert de poids\u00a0?<\/h2>\n<p>La trottinette Mini Micro est \u00e9quip\u00e9e de deux roues \u00e0 l\u2019avant et d\u2019une roue \u00e0 l\u2019arri\u00e8re pour offrir plus de stabilit\u00e9 \u00e0 ses jeunes utilisateurs. Elle se dirige gr\u00e2ce \u00e0 un syst\u00e8me de transfert de poids unique invent\u00e9 par Micro Mobility. Ce syst\u00e8me brevet\u00e9 a \u00e9t\u00e9 con\u00e7u pour \u00eatre le plus intuitif possible. Pour se diriger l\u2019enfant doit se pencher \u00e0 droite ou \u00e0 gauche. Son poids fera incliner les roues de la trottinette et permettra \u00e0 celle-ci de tourner. Ce syst\u00e8me de navigation est hyper intuitif\u00a0; votre enfant saura tr\u00e8s vite se servir de sa Mini Micro\u00a0!<\/p>\n<p>D\u00e9couvrez la <a href=\"https:\/\/youtu.be\/Pu_ZVWli7_Y\">Mini Micro en vid\u00e9o <\/a>!<\/p>\n<h2>La Mini Micro se transporte partout\u00a0!<\/h2>\n<p>On ne le dit pas assez mais vous pouvez d\u00e9tacher facilement le guidon de la Mini Micro Deluxe \u00e0 l\u2019aide du petit bouton rouge situ\u00e9 sous la planche. Cela vous permet de dissocier la trottinette en deux parties (guidon et planche). Compacte, vous n\u2019aurez pas de mal \u00e0 emporter la trottinette avec vous en vacances\u00a0!<\/p>\n<figure id=\"attachment_408\" aria-describedby=\"caption-attachment-408\" style=\"width: 710px\" class=\"wp-caption aligncenter\"><img decoding=\"async\" loading=\"lazy\" class=\"wp-image-408 \" src=\"https:\/\/www.micro-mobility.fr\/blog\/wp-content\/uploads\/2018\/10\/MICRO_ACCESSORIES_DEEP_SHOOT_78-of-79-e1538743663488.jpg\" alt=\"\" width=\"710\" height=\"474\" srcset=\"https:\/\/www.micro-mobility.fr\/blog\/wp-content\/uploads\/2018\/10\/MICRO_ACCESSORIES_DEEP_SHOOT_78-of-79-e1538743663488.jpg 7360w, https:\/\/www.micro-mobility.fr\/blog\/wp-content\/uploads\/2018\/10\/MICRO_ACCESSORIES_DEEP_SHOOT_78-of-79-e1538743663488-300x200.jpg 300w, https:\/\/www.micro-mobility.fr\/blog\/wp-content\/uploads\/2018\/10\/MICRO_ACCESSORIES_DEEP_SHOOT_78-of-79-e1538743663488-768x513.jpg 768w, https:\/\/www.micro-mobility.fr\/blog\/wp-content\/uploads\/2018\/10\/MICRO_ACCESSORIES_DEEP_SHOOT_78-of-79-e1538743663488-1024x683.jpg 1024w\" sizes=\"(max-width: 710px) 100vw, 710px\" \/><figcaption id=\"caption-attachment-408\" class=\"wp-caption-text\">La gamme Mini Micro Deluxe<\/figcaption><\/figure>\n<h2>L\u2019accessoire qui fait la diff\u00e9rence<\/h2>\n<p><img decoding=\"async\" loading=\"lazy\" class=\"wp-image-1270 alignleft\" src=\"https:\/\/www.micro-mobility.fr\/blog\/wp-content\/uploads\/2018\/10\/scoot-n-pull-rose-1.jpg\" alt=\"\" width=\"155\" height=\"207\" srcset=\"https:\/\/www.micro-mobility.fr\/blog\/wp-content\/uploads\/2018\/10\/scoot-n-pull-rose-1.jpg 800w, https:\/\/www.micro-mobility.fr\/blog\/wp-content\/uploads\/2018\/10\/scoot-n-pull-rose-1-225x300.jpg 225w, https:\/\/www.micro-mobility.fr\/blog\/wp-content\/uploads\/2018\/10\/scoot-n-pull-rose-1-768x1023.jpg 768w\" sizes=\"(max-width: 155px) 100vw, 155px\" \/>Connaissez-vous le <a href=\"https:\/\/www.micro-mobility.fr\/580-scoot-n-pull-bleu.html\">Scoot\u2019n\u2019pull\u00a0?<\/a> Cet accessoire Micro ing\u00e9nieux deviendra vite un indispensable pour les parents et leurs enfants. 1 accessoire simple, 2 utilisations.<\/p>\n<p>Si votre enfant est fatigu\u00e9, il vous permettra de le tirer facilement sur sa trottinette trois roues. D\u2019autre part, vous pourrez avec le scoot\u2019n pull transporter la trottinette Mini Micro Deluxe sur votre \u00e9paule.<\/p>\n<h2><\/h2>\n<h2><\/h2>\n<h2>La Mini Micro, une trottinette r\u00e9compens\u00e9e\u00a0!<\/h2>\n<p>Depuis sa sortie sur le march\u00e9 et sans discontinuer, la Mini Micro collectionne les r\u00e9compenses et les labels, qui font de cette trottinette 3 roues un indispensable de l\u2019\u00e9quipement des enfants. Les laur\u00e9ats des labels ci-dessus sont majoritairement attribu\u00e9s par des jurys de parents et d\u2019enfants testeurs, ce qui leur donne toute leur valeur.<\/p>\n<ul>\n<li>Oppenhein toy portfolio \u2013 Best toy award \u2013 Gold seal<\/li>\n<li>Spiel gut<\/li>\n<li>Little London Awards 2016 \u2013 Winner best children\u2019s toy<\/li>\n<li>LPB \u2013 Loved by parents &#8211; Winner<\/li>\n<\/ul>\n<p>&nbsp;<\/p>\n<h2>On ne change pas une Micro, on la r\u00e9pare\u00a0!<\/h2>\n<p>La Mini Micro Deluxe est couverte par une garantie de quatre ans contre tous d\u00e9fauts de fabrication et de mat\u00e9riaux. Les pi\u00e8ces d\u2019usures de cette trottinette comme les roues, poign\u00e9es et visseries sont garantis trois mois.<\/p>\n<p>La diff\u00e9rence chez Micro\u00a0: On ne change pas une Micro, on la r\u00e9pare\u00a0! Vous retrouverez sur notre site internet dans l\u2019onglet \u00ab\u00a0pi\u00e8ces d\u00e9tach\u00e9es\u00a0\u00bb un large choix de pi\u00e8ces d\u00e9tach\u00e9es qui vous permettront de r\u00e9parer votre produit si une pi\u00e8ce casse ou s\u2019use.<\/p>\n<p>Pour toute r\u00e9clamation concernant votre garantie vous pouvez nous envoyer un mail \u00e0\u00a0\u00a0<a href=\"mailto:contact@micro-mobility.fr\">contact@micro-mobility.fr<\/a>\u00a0accompagn\u00e9 d&rsquo;une explication de votre probl\u00e8me, de votre facture d\u2019achat et de photos.<\/p>\n<p>&nbsp;<\/p>\n<h2>Micro Mobility, une marque fi\u00e8re de ses produits<\/h2>\n<p>Il existe mille et une raisons qui font que l\u2019on ne se passe plus d\u2019une trottinette Micro une fois qu\u2019on l\u2019a essay\u00e9e, mais c\u2019est principalement le c\u0153ur que Micro met \u00e0 fabriquer des produits robustes pens\u00e9s pour le quotidien de tous, qui rend la marque si fi\u00e8re de ses trottinettes. Nous sommes fiers de partager chaque jour le quotidien de millions de famille\u00a0!<\/p>\n<p><iframe loading=\"lazy\" title=\"Trottinettes Mini Micro Deluxe by Ian Powell\" width=\"640\" height=\"360\" src=\"https:\/\/www.youtube.com\/embed\/kLy6cv2g7a8?feature=oembed\" frameborder=\"0\" allow=\"accelerometer; autoplay; clipboard-write; encrypted-media; gyroscope; picture-in-picture\" allowfullscreen><\/iframe><\/p>\n<p>&nbsp;<\/p>\n<p><strong><img decoding=\"async\" loading=\"lazy\" class=\"alignleft wp-image-1271 \" src=\"https:\/\/www.micro-mobility.fr\/blog\/wp-content\/uploads\/2018\/10\/instagram-logo-transparent-png-571.png\" alt=\"\" width=\"56\" height=\"56\" srcset=\"https:\/\/www.micro-mobility.fr\/blog\/wp-content\/uploads\/2018\/10\/instagram-logo-transparent-png-571.png 1000w, https:\/\/www.micro-mobility.fr\/blog\/wp-content\/uploads\/2018\/10\/instagram-logo-transparent-png-571-300x300.png 300w, https:\/\/www.micro-mobility.fr\/blog\/wp-content\/uploads\/2018\/10\/instagram-logo-transparent-png-571-150x150.png 150w, https:\/\/www.micro-mobility.fr\/blog\/wp-content\/uploads\/2018\/10\/instagram-logo-transparent-png-571-768x768.png 768w\" sizes=\"(max-width: 56px) 100vw, 56px\" \/>Suivez-nous sur nos comptes Instagram pour retrouver nos aventures\u00a0!<\/strong><\/p>\n<p><a href=\"https:\/\/www.instagram.com\/micromobilityfrance\/?hl=fr\" target=\"_blank\" rel=\"nofollow noopener noreferrer\"><span style=\"color: #0000ff;\"><strong>@micromobilityfrance<\/strong><\/span><\/a><\/p>\n<p>&nbsp;<\/p>\n<p><img decoding=\"async\" loading=\"lazy\" class=\"wp-image-1272 alignleft\" src=\"https:\/\/www.micro-mobility.fr\/blog\/wp-content\/uploads\/2018\/10\/584ac2d03ac3a570f94a666d.png\" alt=\"\" width=\"54\" height=\"54\" srcset=\"https:\/\/www.micro-mobility.fr\/blog\/wp-content\/uploads\/2018\/10\/584ac2d03ac3a570f94a666d.png 250w, https:\/\/www.micro-mobility.fr\/blog\/wp-content\/uploads\/2018\/10\/584ac2d03ac3a570f94a666d-150x150.png 150w\" sizes=\"(max-width: 54px) 100vw, 54px\" \/><strong>Retrouvez-nous \u00e9galement sur notre page Facebook pour suivre nos actualit\u00e9s !<\/strong><\/p>\n<p><a href=\"https:\/\/www.facebook.com\/MicroMobilityFrance\/\" target=\"_blank\" rel=\"nofollow noopener noreferrer\"><span style=\"color: #0000ff;\"><strong>Micro Mobility France<\/strong><\/span><\/a><\/p>\n<p>&nbsp;<\/p>\n","protected":false},"excerpt":{"rendered":"<p>D\u00e9couvrez ou red\u00e9couvrez la c\u00e9l\u00e8bre trottinette Mini Micro. Invent\u00e9e par Wim Ouboter, le fondateur de Micro Mobility en 2001, la trottinette Mini Micro n&rsquo;a jamais cess\u00e9 de se r\u00e9inventer :  souvent copi\u00e9e, jamais \u00e9gal\u00e9e ! <\/p>\n","protected":false},"author":6,"featured_media":417,"comment_status":"closed","ping_status":"open","sticky":false,"template":"","format":"standard","meta":[],"categories":[1,4,7],"tags":[83,82,80,81],"aioseo_notices":[],"_links":{"self":[{"href":"https:\/\/www.micro-mobility.fr\/blog\/wp-json\/wp\/v2\/posts\/402"}],"collection":[{"href":"https:\/\/www.micro-mobility.fr\/blog\/wp-json\/wp\/v2\/posts"}],"about":[{"href":"https:\/\/www.micro-mobility.fr\/blog\/wp-json\/wp\/v2\/types\/post"}],"author":[{"embeddable":true,"href":"https:\/\/www.micro-mobility.fr\/blog\/wp-json\/wp\/v2\/users\/6"}],"replies":[{"embeddable":true,"href":"https:\/\/www.micro-mobility.fr\/blog\/wp-json\/wp\/v2\/comments?post=402"}],"version-history":[{"count":27,"href":"https:\/\/www.micro-mobility.fr\/blog\/wp-json\/wp\/v2\/posts\/402\/revisions"}],"predecessor-version":[{"id":1107,"href":"https:\/\/www.micro-mobility.fr\/blog\/wp-json\/wp\/v2\/posts\/402\/revisions\/1107"}],"wp:featuredmedia":[{"embeddable":true,"href":"https:\/\/www.micro-mobility.fr\/blog\/wp-json\/wp\/v2\/media\/417"}],"wp:attachment":[{"href":"https:\/\/www.micro-mobility.fr\/blog\/wp-json\/wp\/v2\/media?parent=402"}],"wp:term":[{"taxonomy":"category","embeddable":true,"href":"https:\/\/www.micro-mobility.fr\/blog\/wp-json\/wp\/v2\/categories?post=402"},{"taxonomy":"post_tag","embeddable":true,"href":"https:\/\/www.micro-mobility.fr\/blog\/wp-json\/wp\/v2\/tags?post=402"}],"curies":[{"name":"wp","href":"https:\/\/api.w.org\/{rel}","templated":true}]}}