{"id":41,"date":"2017-12-11T15:27:01","date_gmt":"2017-12-11T14:27:01","guid":{"rendered":"https:\/\/www.micro-mobility.fr\/blog\/?p=41"},"modified":"2020-10-12T11:19:02","modified_gmt":"2020-10-12T09:19:02","slug":"draisienne-et-mini-micro","status":"publish","type":"post","link":"https:\/\/www.micro-mobility.fr\/blog\/draisienne-et-mini-micro\/","title":{"rendered":"Draisienne et Mini Micro"},"content":{"rendered":"<h2>Quelques mots sur la draisienne&#8230;<\/h2>\n<p>A partir de 2\/3 ans, diff\u00e9rents modes de d\u00e9placement s\u2019offrent \u00e0 nos juniors pour d\u00e9velopper leur motricit\u00e9 tout en s\u2019amusant.<br \/>\nDraisienne ou trottinette, le choix peut s\u2019av\u00e9rer d\u00e9licat entre ces deux produits !<\/p>\n<p>La draisienne, (qui tire son nom de son cr\u00e9ateur Karl Von Drais), invent\u00e9e un si\u00e8cle avant la trottinette, est consid\u00e9r\u00e9e comme l\u2019anc\u00eatre du v\u00e9lo. Un cadre, un guidon et deux roues, les pieds font le reste pour avancer (et freiner)\u00a0!<\/p>\n<p>Ce v\u00e9lo sans p\u00e9dale permet aux enfants d\u2019appr\u00e9hender la pratique du v\u00e9lo, sans les petites roues, gr\u00e2ce \u00e0 un important travail d\u2019\u00e9quilibre.<\/p>\n<p><img decoding=\"async\" loading=\"lazy\" class=\"aligncenter wp-image-1136 size-full\" title=\"Image draisienne Micro G-Bike enfants \" src=\"https:\/\/www.micro-mobility.fr\/blog\/wp-content\/uploads\/2017\/12\/large-Mixed-G-Bike-Chopper-Deluxe-Carver-Helmet.jpg\" alt=\"Image draisienne Micro G-Bike enfants \" width=\"1600\" height=\"1068\" srcset=\"https:\/\/www.micro-mobility.fr\/blog\/wp-content\/uploads\/2017\/12\/large-Mixed-G-Bike-Chopper-Deluxe-Carver-Helmet.jpg 1600w, https:\/\/www.micro-mobility.fr\/blog\/wp-content\/uploads\/2017\/12\/large-Mixed-G-Bike-Chopper-Deluxe-Carver-Helmet-300x200.jpg 300w, https:\/\/www.micro-mobility.fr\/blog\/wp-content\/uploads\/2017\/12\/large-Mixed-G-Bike-Chopper-Deluxe-Carver-Helmet-1024x684.jpg 1024w, https:\/\/www.micro-mobility.fr\/blog\/wp-content\/uploads\/2017\/12\/large-Mixed-G-Bike-Chopper-Deluxe-Carver-Helmet-768x513.jpg 768w, https:\/\/www.micro-mobility.fr\/blog\/wp-content\/uploads\/2017\/12\/large-Mixed-G-Bike-Chopper-Deluxe-Carver-Helmet-1536x1025.jpg 1536w\" sizes=\"(max-width: 1600px) 100vw, 1600px\" \/><\/p>\n<p>La draisienne <a href=\"https:\/\/www.micro-mobility.fr\/1351-g-bike-deluxe-aqua.html\" target=\"_blank\" rel=\"nofollow noopener noreferrer\"><span style=\"color: #3366ff;\"><strong>G-Bike<\/strong><\/span><\/a> de Micro est en aluminium, soit en moyenne deux fois moins lourde que d\u2019autres mod\u00e8les pr\u00e9sents sur le march\u00e9. Un avantage pour l\u2019enfant qui se fatiguera moins lors des man\u0153uvres et pour les parents lorsqu\u2019ils devront la porter\u00a0\ud83d\ude09<\/p>\n<p>Accessible \u00e0 partir de 2 ans, la draisienne apporte \u00e0 l\u2019enfant les pr\u00e9requis n\u00e9cessaires avant de passer au v\u00e9lo. Son guidon inclinable et son si\u00e8ge ajustable permettent en moyenne une utilisation jusqu\u2019\u00e0 l\u2019\u00e2ge de 5 ans.<\/p>\n<p>Mais dans cet univers de mobilit\u00e9 ludique, la trottinette a \u00e9galement une place de choix\u00a0!<\/p>\n<p><img decoding=\"async\" loading=\"lazy\" class=\"aligncenter wp-image-39 \" title=\"Image Mini Micro Jaune \" src=\"https:\/\/www.micro-mobility.fr\/blog\/wp-content\/uploads\/2017\/12\/billet4-2.jpg\" alt=\"Image Mini Micro Jaune \" width=\"861\" height=\"573\" srcset=\"https:\/\/www.micro-mobility.fr\/blog\/wp-content\/uploads\/2017\/12\/billet4-2.jpg 800w, https:\/\/www.micro-mobility.fr\/blog\/wp-content\/uploads\/2017\/12\/billet4-2-300x200.jpg 300w, https:\/\/www.micro-mobility.fr\/blog\/wp-content\/uploads\/2017\/12\/billet4-2-768x512.jpg 768w\" sizes=\"(max-width: 861px) 100vw, 861px\" \/><\/p>\n<p>&nbsp;<\/p>\n<p>Souvent \u00e0 3 roues pour les plus jeunes, comme la trottinette Mini Micro accessible d\u00e8s 2 ans,\u00a0 cet engin se dirige d\u2019une part avec la barre de direction, mais \u00e9galement avec le poids du corps.<\/p>\n<p>Un travail de motricit\u00e9 soutenu par les deux roues avant pour la stabilit\u00e9 et un frein arri\u00e8re facile d\u2019acc\u00e8s qui permet \u00e0 l\u2019enfant de d\u00e9velopper sa coordination physique.<\/p>\n<p>Incontournables aujourd\u2019hui, la draisienne et la trottinette offrent \u00e0 l\u2019enfant de multiples possibilit\u00e9s qui sont toutes les deux b\u00e9n\u00e9fiques et m\u00eame compl\u00e9mentaires pour lui !<\/p>\n<p>Quelque soit le choix final en tout cas, une chose ne doit pas \u00eatre oubli\u00e9e : le port du casque pour une pratique en toute s\u00e9curit\u00e9 ! Et pour bien le choisir, d\u00e9couvrez tous nos conseils en cliquant ici : <a href=\"https:\/\/www.micro-mobility.fr\/blog\/comment-bien-choisir-son-casque-micro\/\" target=\"_blank\" rel=\"nofollow noopener noreferrer\"><span style=\"color: #ff00ff;\"><em><strong>Comment bien choisir son casque Micro ?<\/strong><\/em><\/span><\/a><\/p>\n","protected":false},"excerpt":{"rendered":"<p>Enfants : draisienne ou trottinette ? <\/p>\n","protected":false},"author":1,"featured_media":38,"comment_status":"open","ping_status":"open","sticky":false,"template":"","format":"standard","meta":[],"categories":[4,5],"tags":[11,12,10,9],"aioseo_notices":[],"_links":{"self":[{"href":"https:\/\/www.micro-mobility.fr\/blog\/wp-json\/wp\/v2\/posts\/41"}],"collection":[{"href":"https:\/\/www.micro-mobility.fr\/blog\/wp-json\/wp\/v2\/posts"}],"about":[{"href":"https:\/\/www.micro-mobility.fr\/blog\/wp-json\/wp\/v2\/types\/post"}],"author":[{"embeddable":true,"href":"https:\/\/www.micro-mobility.fr\/blog\/wp-json\/wp\/v2\/users\/1"}],"replies":[{"embeddable":true,"href":"https:\/\/www.micro-mobility.fr\/blog\/wp-json\/wp\/v2\/comments?post=41"}],"version-history":[{"count":9,"href":"https:\/\/www.micro-mobility.fr\/blog\/wp-json\/wp\/v2\/posts\/41\/revisions"}],"predecessor-version":[{"id":1137,"href":"https:\/\/www.micro-mobility.fr\/blog\/wp-json\/wp\/v2\/posts\/41\/revisions\/1137"}],"wp:featuredmedia":[{"embeddable":true,"href":"https:\/\/www.micro-mobility.fr\/blog\/wp-json\/wp\/v2\/media\/38"}],"wp:attachment":[{"href":"https:\/\/www.micro-mobility.fr\/blog\/wp-json\/wp\/v2\/media?parent=41"}],"wp:term":[{"taxonomy":"category","embeddable":true,"href":"https:\/\/www.micro-mobility.fr\/blog\/wp-json\/wp\/v2\/categories?post=41"},{"taxonomy":"post_tag","embeddable":true,"href":"https:\/\/www.micro-mobility.fr\/blog\/wp-json\/wp\/v2\/tags?post=41"}],"curies":[{"name":"wp","href":"https:\/\/api.w.org\/{rel}","templated":true}]}}