{"id":4281,"date":"2025-05-28T11:41:58","date_gmt":"2025-05-28T09:41:58","guid":{"rendered":"https:\/\/www.micro-mobility.fr\/blog\/?p=4281"},"modified":"2025-06-19T10:17:12","modified_gmt":"2025-06-19T08:17:12","slug":"forfait-mobilite-durable-trottinette","status":"publish","type":"post","link":"https:\/\/www.micro-mobility.fr\/blog\/forfait-mobilite-durable-trottinette\/","title":{"rendered":"Forfait Mobilit\u00e9 Durable Trottinette : Guide Complet"},"content":{"rendered":"<p id=\"isPasted\">Le forfait mobilit\u00e9s durables (FMD) repr\u00e9sente une avanc\u00e9e majeure dans la transition \u00e9cologique des d\u00e9placements domicile-travail. Cette dispo<span class=\"fr-marker\" data-id=\"0\" data-type=\"false\">\u200b<\/span><span class=\"fr-marker\" data-id=\"0\" data-type=\"true\">\u200b<\/span>sition fiscale avantageuse permet aux agents et salari\u00e9s d&rsquo;obtenir un remboursement partiel de leurs frais de transport alternatif, incluant l&rsquo;utilisation de trottinettes \u00e9lectriques et m\u00e9caniques en location ou \u00e0 l&rsquo;achat. <strong>Entr\u00e9e en vigueur depuis janvier 2020, cette mesure encourage l&rsquo;adoption de modes de transport respectueux de l&rsquo;environnement tout en offrant une exon\u00e9ration d&rsquo;imp\u00f4t significative.<\/strong><\/p>\n<p>&nbsp;<\/p>\n<p><img decoding=\"async\" class=\"aligncenter\" src=\"https:\/\/bynder-public-eu-central-1.s3.amazonaws.com\/media\/96C7CD8D-78A0-4448-BDB09C00F246419A\/BC871882-954B-4778-85FE90935E3221D6\/webimage-1040EB1D-C749-4844-AB50140FE29D9AC3.png\" alt=\"Micro Classic Neochrome\" \/><\/p>\n<p>&nbsp;<\/p>\n<p>&nbsp;<\/p>\n\n<p>&nbsp;<\/p>\n<h2>Qu&rsquo;est-ce que le forfait mobilit\u00e9 durable pour trottinette ?<\/h2>\n<h3>D\u00e9finition du FMD et moyens de transport \u00e9ligibles<\/h3>\n<p><strong>Le forfait mobilit\u00e9s durables constitue un dispositif d&rsquo;aide au transport alternatif mis en place par la loi d&rsquo;orientation des mobilit\u00e9s, d\u00e9fini dans le code du travail pour le secteur priv\u00e9.<\/strong> Ce m\u00e9canisme permet aux employeurs du secteur priv\u00e9 comme de la fonction publique territoriale de prendre en charge des frais de d\u00e9placement de leurs agents utilisant des modes de transport \u00e9cologique.<\/p>\n<p><strong>Les moyens de transport \u00e9ligibles incluent le v\u00e9lo personnel ou de fonction, qu&rsquo;il soit m\u00e9canique ou v\u00e9lo \u00e0 assistance \u00e9lectrique (VAE) avec p\u00e9dalage assist\u00e9, les engins de d\u00e9placement personnel motoris\u00e9 (EDPM), gyropode, monoroue, hoverboard, ainsi que la mobilit\u00e9 partag\u00e9e avec le covoiturage en tant que conducteur ou passager.<\/strong> Les titres de mobilit\u00e9 pour abonnements de transport en commun et services en libre service sont \u00e9galement concern\u00e9s.<\/p>\n<h3>La trottinette \u00e9lectrique et m\u00e9canique dans le dispositif<\/h3>\n<p><strong>Les trottinettes \u00e9lectriques, class\u00e9es comme engins de d\u00e9placement personnel motoris\u00e9, occupent une place de choix dans le dispositif du forfait mobilit\u00e9s durables.<\/strong> Ces v\u00e9hicules \u00e9lectriques l\u00e9gers r\u00e9pondent aux crit\u00e8res d&rsquo;\u00e9ligibilit\u00e9 d\u00e9finis par la r\u00e9glementation, qu&rsquo;ils fonctionnent avec une batterie rechargeable ou un syst\u00e8me hybride.<\/p>\n<p><strong>Les trottinettes m\u00e9caniques entrent dans la cat\u00e9gorie des cycles et b\u00e9n\u00e9ficient \u00e9galement du FMD.<\/strong> Ces \u00e9quipements pr\u00e9sentent l&rsquo;avantage d&rsquo;\u00eatre exempts d&rsquo;\u00e9missions polluantes tout en favorisant l&rsquo;activit\u00e9 physique, sans n\u00e9cessiter de recharge \u00e9lectrique. Les <a href=\"https:\/\/www.micro-mobility.fr\/104-trottinettes-adultes\">trottinettes adultes \u00e9ligibles forfait mobilit\u00e9 durable<\/a> offrent une alternative \u00e9cologique performante pour les trajets professionnels quotidiens. Par exemple, un trajet de 5 kilom\u00e8tres peut \u00eatre r\u00e9alis\u00e9 en moins d&rsquo;une heure avec une trottinette \u00e9lectrique en ville.<\/p>\n<p>&nbsp;<\/p>\n<div style=\"max-width: 800px; margin: 20px auto; font-family: Arial, sans-serif;\">\n<p><!-- Titre principal --><\/p>\n<div style=\"background: linear-gradient(135deg, #667eea 0%, #764ba2 100%); color: white; padding: 25px; border-radius: 15px 15px 0 0; text-align: center;\">\n<h2 style=\"margin: 0; font-size: 24px;\">\ud83d\udcb0 Forfait Mobilit\u00e9 Durable 2025 : Vos \u00c9conomies<\/h2>\n<p style=\"margin: 10px 0 0 0; opacity: 0.9;\">D\u00e9couvrez combien vous pouvez \u00e9conomiser avec une trottinette \u00e9ligible<\/p>\n<\/div>\n<p><!-- Explication du forfait mobilit\u00e9 durable --><\/p>\n<div style=\"background: white; padding: 25px; border: 2px solid #e9ecef;\">\n<h3 style=\"margin: 0 0 20px 0; color: #333; text-align: center;\">\ud83e\udd14 Comment fonctionne le Forfait Mobilit\u00e9 Durable ?<\/h3>\n<div style=\"background: #f8f9ff; padding: 20px; border-radius: 10px; margin-bottom: 25px; border-left: 4px solid #667eea;\">\n<p style=\"margin: 0; font-size: 16px; line-height: 1.6; color: #333;\"><strong>Le forfait mobilit\u00e9 durable est une aide financi\u00e8re<\/strong> que votre employeur peut vous verser si vous utilisez une trottinette, un v\u00e9lo ou tout autre transport \u00e9cologique pour aller au travail. <strong>Cette aide est totalement exon\u00e9r\u00e9e d&rsquo;imp\u00f4ts et de cotisations sociales<\/strong> &#8211; c&rsquo;est de l&rsquo;argent en plus sur votre fiche de paie !<\/p>\n<\/div>\n<p><!-- Deux colonnes simplifi\u00e9es --><\/p>\n<div style=\"display: flex; flex-wrap: wrap; gap: 20px; margin-bottom: 25px; justify-content: space-between;\">\n<p><!-- Secteur Priv\u00e9 --><\/p>\n<div style=\"background: #e8f5e8; padding: 20px; border-radius: 10px; border: 2px solid #28a745; flex: 1; min-width: 280px; max-width: 48%;\">\n<h4 style=\"margin: 0 0 15px 0; color: #28a745; text-align: center;\">\ud83c\udfe2 Secteur Priv\u00e9 (Entreprises)<\/h4>\n<div style=\"background: white; padding: 15px; border-radius: 8px; margin-bottom: 15px; text-align: center;\">\n<div style=\"font-size: 28px; font-weight: bold; color: #28a745; margin-bottom: 5px;\">600\u20ac<\/div>\n<div style=\"font-size: 14px; color: #666;\">Maximum par an<\/div>\n<\/div>\n<div style=\"font-size: 14px; line-height: 1.5; color: #333;\"><strong>Conditions :<\/strong><br \/>\n\u2022 Utiliser une trottinette pour aller au travail<br \/>\n\u2022 Votre employeur doit mettre en place le dispositif<br \/>\n\u2022 Peut aller jusqu&rsquo;\u00e0 900\u20ac si vous avez aussi un abonnement transport en commun<\/div>\n<\/div>\n<p><!-- Secteur Public --><\/p>\n<div style=\"background: #fff3e0; padding: 20px; border-radius: 10px; border: 2px solid #ff9800; flex: 1; min-width: 280px; max-width: 48%;\">\n<h4 style=\"margin: 0 0 15px 0; color: #ff9800; text-align: center;\">\ud83c\udfdb\ufe0f Secteur Public (Fonctionnaires)<\/h4>\n<div style=\"background: white; padding: 15px; border-radius: 8px; margin-bottom: 15px; text-align: center;\">\n<div style=\"font-size: 28px; font-weight: bold; color: #ff9800; margin-bottom: 5px;\">100\u20ac \u00e0 300\u20ac<\/div>\n<div style=\"font-size: 14px; color: #666;\">Selon votre usage<\/div>\n<\/div>\n<div style=\"font-size: 14px; line-height: 1.5; color: #333;\"><strong>Bar\u00e8me selon les jours :<\/strong><br \/>\n\u2022 30 \u00e0 59 jours par an \u2192 100\u20ac<br \/>\n\u2022 60 \u00e0 99 jours par an \u2192 200\u20ac<br \/>\n\u2022 100 jours et plus \u2192 300\u20ac<\/div>\n<\/div>\n<\/div>\n<p><!-- Avantage fiscal expliqu\u00e9 --><\/p>\n<div style=\"background: #d4edda; border: 2px solid #28a745; border-radius: 10px; padding: 20px; text-align: center;\">\n<h4 style=\"margin: 0 0 10px 0; color: #155724;\">\ud83d\udcb0 L&rsquo;Avantage Fiscal : Pourquoi c&rsquo;est Int\u00e9ressant ?<\/h4>\n<p style=\"margin: 0; font-size: 16px; line-height: 1.6; color: #155724;\"><strong>Le forfait mobilit\u00e9 durable n&rsquo;est pas imposable !<\/strong> Contrairement \u00e0 votre salaire, cette aide n&rsquo;est pas soumise \u00e0 l&rsquo;imp\u00f4t sur le revenu ni aux cotisations sociales. C&rsquo;est donc un gain net de pouvoir d&rsquo;achat qui peut repr\u00e9senter <strong>jusqu&rsquo;\u00e0 200\u20ac d&rsquo;\u00e9conomie fiscale suppl\u00e9mentaire<\/strong> selon votre tranche d&rsquo;imposition.<\/p>\n<\/div>\n<\/div>\n<p><!-- Exemples concrets --><\/p>\n<div style=\"background: #f8f9ff; padding: 25px; border: 2px solid #e9ecef; border-top: none;\">\n<h3 style=\"margin: 0 0 20px 0; color: #333; text-align: center;\">\ud83d\udcca Exemples Concrets d&rsquo;\u00c9conomies<\/h3>\n<div style=\"display: flex; gap: 20px; flex-wrap: wrap; justify-content: center;\">\n<p><!-- Exemple 1 --><\/p>\n<div style=\"background: white; padding: 20px; border-radius: 10px; border: 2px solid #28a745; min-width: 220px; text-align: center;\">\n<h4 style=\"margin: 0 0 10px 0; color: #28a745;\">\ud83d\udc54 Salari\u00e9 Priv\u00e9<\/h4>\n<div style=\"font-size: 14px; color: #666; margin-bottom: 15px;\">Salaire 35k\u20ac, 120 jours\/an<\/div>\n<div style=\"font-size: 24px; font-weight: bold; color: #333; margin-bottom: 5px;\">600\u20ac<\/div>\n<div style=\"font-size: 12px; color: #666;\">Forfait annuel<\/div>\n<div style=\"font-size: 16px; font-weight: bold; color: #dc3545; margin-top: 10px;\">+ 180\u20ac \u00e9conomie fiscale<\/div>\n<div style=\"background: #28a745; color: white; padding: 8px; border-radius: 5px; margin-top: 10px; font-weight: bold;\">Total : 780\u20ac<\/div>\n<\/div>\n<p><!-- Exemple 2 --><\/p>\n<div style=\"background: white; padding: 20px; border-radius: 10px; border: 2px solid #667eea; min-width: 220px; text-align: center;\">\n<h4 style=\"margin: 0 0 10px 0; color: #667eea;\">\ud83c\udfdb\ufe0f Agent Public<\/h4>\n<div style=\"font-size: 14px; color: #666; margin-bottom: 15px;\">150 jours d&rsquo;utilisation\/an<\/div>\n<div style=\"font-size: 24px; font-weight: bold; color: #333; margin-bottom: 5px;\">300\u20ac<\/div>\n<div style=\"font-size: 12px; color: #666;\">Forfait annuel<\/div>\n<div style=\"font-size: 16px; font-weight: bold; color: #dc3545; margin-top: 10px;\">+ 0\u20ac \u00e9conomie fiscale<\/div>\n<div style=\"background: #667eea; color: white; padding: 8px; border-radius: 5px; margin-top: 10px; font-weight: bold;\">Total : 300\u20ac<\/div>\n<\/div>\n<p><!-- Exemple 3 --><\/p>\n<div style=\"background: white; padding: 20px; border-radius: 10px; border: 2px solid #fd7e14; min-width: 220px; text-align: center;\">\n<h4 style=\"margin: 0 0 10px 0; color: #fd7e14;\">\ud83d\ude8a Salari\u00e9 + Transport<\/h4>\n<div style=\"font-size: 14px; color: #666; margin-bottom: 15px;\">Avec abonnement 75\u20ac\/mois<\/div>\n<div style=\"font-size: 24px; font-weight: bold; color: #333; margin-bottom: 5px;\">450\u20ac<\/div>\n<div style=\"font-size: 12px; color: #666;\">Forfait restant<\/div>\n<div style=\"font-size: 16px; font-weight: bold; color: #dc3545; margin-top: 10px;\">+ 135\u20ac \u00e9conomie fiscale<\/div>\n<div style=\"background: #fd7e14; color: white; padding: 8px; border-radius: 5px; margin-top: 10px; font-weight: bold;\">Total : 585\u20ac<\/div>\n<\/div>\n<\/div>\n<\/div>\n<p><!-- Comparaison des co\u00fbts --><\/p>\n<div style=\"background: white; padding: 25px; border: 2px solid #e9ecef; border-top: none;\">\n<h3 style=\"margin: 0 0 20px 0; color: #333; text-align: center;\">\ud83d\ude97 Comparaison Co\u00fbt Annuel des Transports<\/h3>\n<div style=\"display: flex; flex-wrap: wrap; gap: 15px; margin-bottom: 20px; justify-content: center;\">\n<div style=\"text-align: center; padding: 15px; background: #fff3cd; border: 2px solid #ffeaa7; border-radius: 8px; flex: 1; min-width: 180px; max-width: 220px;\">\n<div style=\"font-size: 32px; margin-bottom: 10px;\">\ud83d\ude97<\/div>\n<div style=\"font-weight: bold; color: #333;\">Voiture<\/div>\n<div style=\"font-size: 20px; font-weight: bold; color: #e17055; margin-top: 5px;\">2400\u20ac\/an<\/div>\n<div style=\"font-size: 12px; color: #666;\">Essence + parking + entretien<\/div>\n<\/div>\n<div style=\"text-align: center; padding: 15px; background: #e3f2fd; border: 2px solid #90caf9; border-radius: 8px; flex: 1; min-width: 180px; max-width: 220px;\">\n<div style=\"font-size: 32px; margin-bottom: 10px;\">\ud83d\ude8a<\/div>\n<div style=\"font-weight: bold; color: #333;\">Transport Public<\/div>\n<div style=\"font-size: 20px; font-weight: bold; color: #42a5f5; margin-top: 5px;\">900\u20ac\/an<\/div>\n<div style=\"font-size: 12px; color: #666;\">Abonnement Navigo<\/div>\n<\/div>\n<div style=\"text-align: center; padding: 15px; background: #e8f5e8; border: 2px solid #81c784; border-radius: 8px; flex: 1; min-width: 180px; max-width: 220px;\">\n<div style=\"font-size: 32px; margin-bottom: 10px;\">\ud83d\udef4<\/div>\n<div style=\"font-weight: bold; color: #333;\">Trottinette + FMD<\/div>\n<div style=\"font-size: 20px; font-weight: bold; color: #4caf50; margin-top: 5px;\">120\u20ac\/an<\/div>\n<div style=\"font-size: 12px; color: #666;\">Co\u00fbt r\u00e9el apr\u00e8s forfait<\/div>\n<\/div>\n<\/div>\n<div style=\"background: #d4edda; border: 2px solid #28a745; border-radius: 8px; padding: 15px; text-align: center;\">\n<div style=\"font-size: 18px; font-weight: bold; color: #155724; margin-bottom: 5px;\">\ud83d\udca1 \u00c9conomie Annuelle vs Voiture<\/div>\n<div style=\"font-size: 28px; font-weight: bold; color: #28a745;\">2280\u20ac<\/div>\n<div style=\"font-size: 14px; color: #155724;\">Soit 190\u20ac \u00e9conomis\u00e9s chaque mois !<\/div>\n<\/div>\n<\/div>\n<p><!-- Call to action Micro Mobility --><\/p>\n<div style=\"background: linear-gradient(135deg, #28a745, #20c997); color: white; padding: 25px; border-radius: 0 0 15px 15px; text-align: center;\">\n<h3 style=\"margin: 0 0 10px 0; font-size: 20px;\">\ud83c\udfc6 Trottinettes Micro Mobility &#8211; \u00c9ligibles FMD<\/h3>\n<p style=\"margin: 0 0 15px 0; opacity: 0.9;\">Durables, r\u00e9parables et 100% \u00e9ligibles au forfait mobilit\u00e9 durable<\/p>\n<div style=\"display: flex; gap: 15px; justify-content: center; flex-wrap: wrap;\"><a style=\"display: inline-block; background: white; color: #28a745; padding: 12px 20px; text-decoration: none; border-radius: 25px; font-weight: bold; transition: all 0.3s ease;\" href=\"https:\/\/www.micro-mobility.fr\/104-trottinettes-adultes\"><br \/>\n\ud83d\udef4 Trottinettes Adultes<br \/>\n<\/a><br \/>\n<a style=\"display: inline-block; background: white; color: #28a745; padding: 12px 20px; text-decoration: none; border-radius: 25px; font-weight: bold; transition: all 0.3s ease;\" href=\"https:\/\/www.micro-mobility.fr\/425-trottinettes-pliables\"><br \/>\n\ud83d\udce6 Trottinettes Pliables<br \/>\n<\/a><\/div>\n<\/div>\n<\/div>\n<h2>Montants et conditions du forfait mobilit\u00e9 durable trottinette<\/h2>\n<h3>Plafonds de remboursement 2024<\/h3>\n<p><strong>Pour l&rsquo;ann\u00e9e 2024, le montant du forfait s&rsquo;\u00e9tablit \u00e0 800 euros maximum dans le secteur priv\u00e9, soit environ 67 euros vers\u00e9 par mois pour un salari\u00e9 \u00e0 temps plein.<\/strong> Cette somme repr\u00e9sente un montant substantiel capable de couvrir une part significative des frais li\u00e9s \u00e0 l&rsquo;achat, \u00e0 l&rsquo;entretien ou \u00e0 la location d&rsquo;\u00e9quipements de mobilit\u00e9 durable, y compris les co\u00fbts de recharge pour les mod\u00e8les \u00e9lectriques.<\/p>\n<p><strong>Dans la fonction publique territoriale et le secteur public, le plafond peut atteindre des montants similaires, sous r\u00e9serve de d\u00e9lib\u00e9ration de l&rsquo;autorit\u00e9 territoriale comp\u00e9tente ou de d\u00e9cision de l&rsquo;administration concern\u00e9e.<\/strong> Cette flexibilit\u00e9 permet d&rsquo;adapter le dispositif aux sp\u00e9cificit\u00e9s de chaque \u00e9tablissement public, qu&rsquo;il s&rsquo;agisse d&rsquo;une mairie, d&rsquo;un conseil d\u00e9partemental ou d&rsquo;un service d\u00e9concentr\u00e9 de l&rsquo;\u00c9tat.<\/p>\n<p><strong>Le versement du forfait peut s&rsquo;effectuer selon diff\u00e9rentes modalit\u00e9s temporelles : paiement mensuel, trimestriel ou annuel.<\/strong> Cette souplesse facilite la mise en \u0153uvre pratique du dispositif au sein des organisations de toutes tailles, permettant \u00e0 chaque employeur de choisir la fr\u00e9quence la mieux adapt\u00e9e \u00e0 sa gestion administrative.<\/p>\n<h3>Conditions d&rsquo;\u00e9ligibilit\u00e9 des agents et salari\u00e9s<\/h3>\n<p><strong>Pour b\u00e9n\u00e9ficier du forfait mobilit\u00e9s durables pour trottinette, les salari\u00e9s et agents doivent utiliser effectivement une trottinette pour les trajets domicile-travail, usage document\u00e9 dans le cadre d&rsquo;une demande de forfait formelle.<\/strong> Le nombre de jours d&rsquo;utilisation minimum varie selon les entreprises, certaines organisations appliquant un seuil de 100 jours par an pour d\u00e9clencher le versement.<\/p>\n<p><strong>Les salari\u00e9s en temps partiel peuvent \u00e9galement pr\u00e9tendre au forfait, avec un montant proratis\u00e9 selon leur dur\u00e9e de travail.<\/strong> Le dispositif reste accessible quel que soit le statut contractuel et est cumulable avec d&rsquo;autres aides au transport existantes.<\/p>\n<h3>Justificatifs requis pour les trajets en trottinette<\/h3>\n<p><strong>La constitution du dossier de demande n\u00e9cessite la fourniture de justificatifs d&rsquo;utilisation sp\u00e9cifiques attestant de l&rsquo;usage r\u00e9el d&rsquo;une trottinette pour les d\u00e9placements professionnels.<\/strong> L&rsquo;attestation sur l&rsquo;honneur constitue g\u00e9n\u00e9ralement la pi\u00e8ce ma\u00eetresse du dossier, dans laquelle le salari\u00e9 doit d\u00e9clarer l&rsquo;utilisation effective d&rsquo;une trottinette de mani\u00e8re r\u00e9guli\u00e8re.<\/p>\n<p><strong>Pour les trottinettes \u00e9lectriques, gyropodes, monoroues ou hoverboards, les justificatifs peuvent inclure la facture d&rsquo;achat de l&rsquo;\u00e9quipement, les contrats de location ou d&rsquo;abonnement \u00e0 des services en libre service, ainsi que les factures d&rsquo;entretien.<\/strong> Ces documents permettent de tracer pr\u00e9cis\u00e9ment les d\u00e9penses li\u00e9es \u00e0 l&rsquo;usage professionnel de l&rsquo;engin de d\u00e9placement personnel.<\/p>\n<p>L&#8217;employeur peut demander des justificatifs compl\u00e9mentaires pour v\u00e9rifier la coh\u00e9rence entre le domicile d\u00e9clar\u00e9, le lieu de travail et l&rsquo;usage d\u00e9clar\u00e9. Cette v\u00e9rification permet de concentrer l&rsquo;aide sur les usages effectifs des modes de transport durables tout en respectant les conditions d&rsquo;utilisation d\u00e9finies par l&rsquo;entreprise ou l&rsquo;administration.<\/p>\n<h2>Comment b\u00e9n\u00e9ficier du FMD pour vos d\u00e9placements en trottinette ?<\/h2>\n<h3>Mise en place par l&#8217;employeur<\/h3>\n<p><strong>La mise en \u0153uvre du forfait mobilit\u00e9s durables n\u00e9cessite une initiative de l&#8217;employeur via un accord collectif ou une d\u00e9cision unilat\u00e9rale.<\/strong> L&rsquo;accord collectif associe les repr\u00e9sentants du personnel \u00e0 la d\u00e9finition des modalit\u00e9s, tandis que la d\u00e9cision unilat\u00e9rale offre plus de rapidit\u00e9, particuli\u00e8rement pour les petites entreprises ou \u00e9tablissements publics.<\/p>\n<p><strong>L&#8217;employeur doit d\u00e9finir pr\u00e9cis\u00e9ment les crit\u00e8res d&rsquo;attribution et justificatifs exig\u00e9s pour garantir une application \u00e9quitable, qu&rsquo;il s&rsquo;agisse d&rsquo;agents de la fonction publique territoriale ou de salari\u00e9s du secteur priv\u00e9.<\/strong><\/p>\n<p><img decoding=\"async\" class=\"aligncenter\" src=\"https:\/\/bynder-public-eu-central-1.s3.amazonaws.com\/media\/96C7CD8D-78A0-4448-BDB09C00F246419A\/1EFFE7ED-F1BB-425F-8F7CDCB71A93D4FF\/webimage-E5829CCB-0378-41C3-86318C7AF622D928.png\" alt=\"Micro Navigator\" \/><\/p>\n<h3>D\u00e9marches pour l&rsquo;utilisateur de trottinette<\/h3>\n<p><strong>Le process de demande d\u00e9bute par une d\u00e9claration formelle du salari\u00e9 aupr\u00e8s de son employeur, accompagn\u00e9e des justificatifs requis relatifs au versement du forfait.<\/strong> Cette d\u00e9marche administrative reste volontaire et n&rsquo;engage que les salari\u00e9s souhaitant b\u00e9n\u00e9ficier effectivement du dispositif pour leurs d\u00e9placements en trottinette, scooter \u00e9lectrique ou autre EDPM.<\/p>\n<p><strong>La constitution du dossier inclut l&rsquo;attestation sur l&rsquo;honneur d&rsquo;utilisation d&rsquo;une trottinette pour les trajets domicile-travail, accompagn\u00e9e des justificatifs de propri\u00e9t\u00e9 ou d&rsquo;usage de l&rsquo;\u00e9quipement.<\/strong> Les frais d&rsquo;entretien, d&rsquo;assurance et d&rsquo;\u00e9quipements de s\u00e9curit\u00e9 peuvent \u00e9galement entrer dans le p\u00e9rim\u00e8tre de la prise en charge des frais, sous forme de remboursement ou de paiement direct.<\/p>\n<p>Le suivi administratif du forfait n\u00e9cessite g\u00e9n\u00e9ralement une d\u00e9claration p\u00e9riodique d&rsquo;usage, permettant \u00e0 l&#8217;employeur de v\u00e9rifier le maintien des conditions. L&#8217;employeur peut mettre en \u0153uvre des outils num\u00e9riques simplifi\u00e9s pour faciliter ces d\u00e9clarations et optimiser le traitement des demandes, notamment pour fournir les attestations requises.<\/p>\n<h3>Cumul possible avec d&rsquo;autres aides transport<\/h3>\n<p><strong>Le forfait mobilit\u00e9s durables pr\u00e9sente l&rsquo;avantage d&rsquo;\u00eatre cumulable avec d&rsquo;autres aides au transport, dans certaines limites r\u00e9glementaires d\u00e9finies par la loi.<\/strong> La combinaison avec la prise en charge obligatoire des abonnements de transport en commun reste possible, permettant aux salari\u00e9s d&rsquo;optimiser leurs d\u00e9placements multimodaux selon leurs besoins.<\/p>\n<p><strong>L&rsquo;indemnit\u00e9 kilom\u00e9trique v\u00e9lo (IKV) peut \u00e9galement coexister avec le forfait trottinette, sous r\u00e9serve que les usages correspondent \u00e0 des trajets distincts ou \u00e0 des modalit\u00e9s diff\u00e9rentes.<\/strong> Cette flexibilit\u00e9 permet aux salari\u00e9s de b\u00e9n\u00e9ficier pleinement des dispositifs incitatifs pour encourager les d\u00e9placements \u00e9cologiques, qu&rsquo;ils soient conducteurs ou passagers de v\u00e9hicules partag\u00e9s. Les <a href=\"https:\/\/www.micro-mobility.fr\/425-trottinettes-pliables\">trottinettes pliables pour transport multimodal<\/a> facilitent grandement cette approche combin\u00e9e des transports.<\/p>\n<p>Certaines collectivit\u00e9s locales proposent des aides compl\u00e9mentaires pour l&rsquo;achat d&rsquo;\u00e9quipements de mobilit\u00e9 durable, dispositifs qui peuvent se combiner avec le forfait d&rsquo;entreprise. Cette approche territoriale coordonn\u00e9e amplifie l&rsquo;impact des politiques publiques de d\u00e9veloppement durable et facilite l&rsquo;acc\u00e8s aux solutions de transport alternatives.<\/p>\n<p>&nbsp;<\/p>\n<p><img decoding=\"async\" class=\"aligncenter\" src=\"https:\/\/bynder-public-eu-central-1.s3.amazonaws.com\/media\/96C7CD8D-78A0-4448-BDB09C00F246419A\/5EAECF05-AFF3-4FE8-87402BB881B0F8B8\/webimage-8EA1995B-769C-4852-BDEAE13633E327A5.png\" alt=\"Micro Sprite LED Pearl Blue Purple\" \/><\/p>\n<p>&nbsp;<\/p>\n<h2>Optimisation fiscale et sociale du forfait mobilit\u00e9 durable<\/h2>\n<h3>Exon\u00e9rations de charges sociales et fiscales<\/h3>\n<p><strong>Le forfait mobilit\u00e9s durables b\u00e9n\u00e9ficie d&rsquo;un r\u00e9gime fiscal et social privil\u00e9gi\u00e9 qui en fait un outil d&rsquo;optimisation attractif sans impact sur le revenu imposable.<\/strong> L&rsquo;aide est exon\u00e9r\u00e9e de cotisations sociales int\u00e9gralement jusqu&rsquo;au plafond l\u00e9gal annuel, r\u00e9duisant significativement le co\u00fbt global pour l&rsquo;entreprise ou l&rsquo;\u00e9tablissement public.<\/p>\n<p><strong>Pour les salari\u00e9s et agents, le forfait \u00e9chappe \u00e9galement \u00e0 l&rsquo;imp\u00f4t sur le revenu dans la limite du plafond r\u00e9glementaire, constituant ainsi un compl\u00e9ment de r\u00e9mun\u00e9ration net avantageux.<\/strong> Cette exon\u00e9ration d&rsquo;imp\u00f4t repr\u00e9sente un gain de pouvoir d&rsquo;achat substantiel, d&rsquo;autant plus appr\u00e9ciable que les frais de transport constituent une charge incompressible du budget familial.<\/p>\n<p>Le cumul des exon\u00e9rations g\u00e9n\u00e8re un effet de levier significatif sur le co\u00fbt r\u00e9el des \u00e9quipements pour les b\u00e9n\u00e9ficiaires. Un forfait de 800 euros repr\u00e9sente ainsi une \u00e9conomie nette \u00e9quivalente pour le salari\u00e9, sans impact sur sa tranche marginale d&rsquo;imposition, expliquant le succ\u00e8s croissant du dispositif aupr\u00e8s des entreprises soucieuses d&rsquo;optimiser la r\u00e9mun\u00e9ration.<\/p>\n<h3>Avantages pour l&rsquo;entreprise et l&rsquo;\u00e9tablissement<\/h3>\n<p>Au-del\u00e0 des b\u00e9n\u00e9fices directs pour les salari\u00e9s, le forfait procure de nombreux avantages strat\u00e9giques aux entreprises b\u00e9n\u00e9ficiant de ce dispositif. L&rsquo;am\u00e9lioration de l&rsquo;attractivit\u00e9 employeur constitue l&rsquo;un des b\u00e9n\u00e9fices les plus imm\u00e9diats, particuli\u00e8rement appr\u00e9ciable dans un contexte de tension sur le march\u00e9 de l&#8217;emploi.<\/p>\n<p>La r\u00e9duction des besoins en stationnement repr\u00e9sente un avantage \u00e9conomique tangible pour les entreprises disposant de places limit\u00e9es en ville. L&rsquo;encouragement \u00e0 utiliser des <a href=\"https:\/\/www.micro-mobility.fr\/423-trottinettes-urbaines\">solutions de mobilit\u00e9 urbaine \u00e9cologique<\/a> lib\u00e8re de l&rsquo;espace au profit d&rsquo;autres usages et peut diff\u00e9rer des investissements immobiliers co\u00fbteux, tout en \u00e9vitant les probl\u00e8mes d&rsquo;amende li\u00e9s au stationnement ill\u00e9gal.<\/p>\n<p>Sur le plan de la communication, la mise en place du forfait renforce l&rsquo;image de marque employeur responsable et contribue positivement aux \u00e9valuations extra-financi\u00e8res. Cette d\u00e9marche volontaire s&rsquo;inscrit dans les crit\u00e8res ESG de plus en plus scrut\u00e9s par les parties prenantes, t\u00e9moignant de l&rsquo;engagement de l&rsquo;organisation dans le d\u00e9veloppement durable.<\/p>\n<h2>Trottinettes \u00e9ligibles et r\u00e9glementation<\/h2>\n<h3>Crit\u00e8res techniques des EDPM<\/h3>\n<p><strong>Les trottinettes \u00e9lectriques \u00e9ligibles doivent respecter les sp\u00e9cifications d\u00e9finies par le code de la route pour les engins de d\u00e9placement personnel motoris\u00e9.<\/strong> La vitesse maximale autoris\u00e9e de 25 km\/h constitue le crit\u00e8re principal, garantissant la s\u00e9curit\u00e9 des utilisateurs et la compatibilit\u00e9 avec les infrastructures urbaines existantes.<\/p>\n<p><strong>La puissance motrice limit\u00e9e et l&rsquo;alimentation exclusivement par batterie rechargeable caract\u00e9risent les \u00e9quipements \u00e9ligibles au forfait.<\/strong> Ces sp\u00e9cifications visent \u00e0 distinguer clairement les EDPM des v\u00e9hicules motoris\u00e9s traditionnels et \u00e0 confirmer leur vocation de mobilit\u00e9 douce urbaine, qu&rsquo;il s&rsquo;agisse de trottinettes, gyropodes, monoroues ou hoverboards.<\/p>\n<p>L&rsquo;homologation et la conformit\u00e9 aux normes europ\u00e9ennes de s\u00e9curit\u00e9 constituent des pr\u00e9requis indispensables pour l&rsquo;\u00e9ligibilit\u00e9. La certification CE garantit le respect des exigences en mati\u00e8re de s\u00e9curit\u00e9 \u00e9lectrique et de performance des syst\u00e8mes de freinage, prot\u00e9geant les utilisateurs tout en assurant la p\u00e9rennit\u00e9 de l&rsquo;investissement r\u00e9alis\u00e9. Des mod\u00e8les comme la <a href=\"https:\/\/www.micro-mobility.fr\/14-trottinette-adulte-micro-white.html\">trottinette l\u00e9g\u00e8re pour d\u00e9placements professionnels<\/a> ou la <a href=\"https:\/\/www.micro-mobility.fr\/148-trottinette-adulte-micro-speed-black.html\">trottinette haute performance mobilit\u00e9 durable<\/a> r\u00e9pondent parfaitement \u00e0 ces crit\u00e8res d&rsquo;excellence.<\/p>\n<p>&nbsp;<\/p>\n<p><img decoding=\"async\" class=\"aligncenter\" src=\"https:\/\/bynder-public-eu-central-1.s3.amazonaws.com\/media\/96C7CD8D-78A0-4448-BDB09C00F246419A\/70CC0370-DD22-40E7-9641FFC2214FF413\/webimage-0D7068D9-3463-4F51-9707DB6F5CD1056D.png\" alt=\"Micro Speed Deluxe Mixed\" \/><\/p>\n<p>&nbsp;<\/p>\n<h3>Accessoires et \u00e9quipements de s\u00e9curit\u00e9<\/h3>\n<p>Le p\u00e9rim\u00e8tre du forfait peut s&rsquo;\u00e9tendre aux accessoires indispensables \u00e0 l&rsquo;usage s\u00e9curis\u00e9 des trottinettes, dans le cadre de la prise en charge des frais d&rsquo;\u00e9quipement. Les <a href=\"https:\/\/www.micro-mobility.fr\/123-casques-protection\">\u00e9quipements de protection trottinette entreprise<\/a> comme les casques, protections et dispositifs d&rsquo;\u00e9clairage constituent des investissements \u00e9ligibles qui renforcent la s\u00e9curit\u00e9 des d\u00e9placements professionnels et contribuent \u00e0 pr\u00e9venir les accidents.<\/p>\n<p>L&rsquo;\u00e9clairage et la visibilit\u00e9 repr\u00e9sentent des aspects cruciaux pour les trajets domicile-travail, particuli\u00e8rement en p\u00e9riode hivernale ou pour les horaires d\u00e9cal\u00e9s. Les <a href=\"https:\/\/www.micro-mobility.fr\/125-lumieres-visibilite\">accessoires de s\u00e9curit\u00e9 pour d\u00e9placements professionnels<\/a> am\u00e9liorent significativement la s\u00e9curit\u00e9 des utilisateurs tout en respectant les obligations r\u00e9glementaires de circulation urbaine.<\/p>\n<h2>Questions fr\u00e9quentes sur le FMD trottinette<\/h2>\n<h3>Usage professionnel et personnel<\/h3>\n<p><strong>La distinction entre usage professionnel et personnel constitue l&rsquo;une des questions les plus fr\u00e9quentes relatives au versement du FMD. Le dispositif couvre exclusivement les trajets domicile-travail, excluant les d\u00e9placements de loisir.<\/strong> Cette limitation vise \u00e0 concentrer l&rsquo;aide publique sur les d\u00e9placements directement li\u00e9s \u00e0 l&rsquo;activit\u00e9 professionnelle.<\/p>\n<p><strong>L&rsquo;usage mixte d&rsquo;une trottinette reste admissible, sous r\u00e9serve que le b\u00e9n\u00e9ficiaire puisse justifier une utilisation r\u00e9guli\u00e8re pour ses trajets professionnels.<\/strong> La part des d\u00e9placements domicile-travail dans l&rsquo;usage total doit demeurer significative pour justifier l&rsquo;attribution du forfait, qu&rsquo;il s&rsquo;agisse d&rsquo;un cycle traditionnel ou d&rsquo;un EDPM.<\/p>\n<p>Les d\u00e9placements professionnels au cours de la journ\u00e9e de travail peuvent \u00e9galement ouvrir droit au forfait selon l&rsquo;interpr\u00e9tation retenue par l&#8217;employeur. Cette extension permet de maximiser l&rsquo;impact \u00e9cologique en encourageant l&rsquo;abandon de la voiture personnelle pour l&rsquo;ensemble des d\u00e9placements professionnels r\u00e9alis\u00e9s en ville.<\/p>\n<h3>Modalit\u00e9s de versement et fr\u00e9quence<\/h3>\n<p><strong>Les modalit\u00e9s de versement du forfait offrent une flexibilit\u00e9 aux employeurs. Le versement mensuel constitue la modalit\u00e9 la plus courante, permettant un \u00e9talement r\u00e9gulier et facilitant le suivi budg\u00e9taire.<\/strong> Le versement trimestriel convient aux entreprises pr\u00e9f\u00e9rant regrouper les traitements administratifs, n\u00e9cessitant une tr\u00e9sorerie suffisante pour avancer les frais de location ou de recharge.<\/p>\n<p><strong>Le versement annuel correspond aux pratiques pour les avantages sociaux, particuli\u00e8rement pour couvrir l&rsquo;amortissement d&rsquo;\u00e9quipements acquis en d\u00e9but d&rsquo;ann\u00e9e sous forme de paiement unique.<\/strong><\/p>\n<h3>Changement d&rsquo;entreprise et continuit\u00e9<\/h3>\n<p><strong>Le changement d&rsquo;entreprise soul\u00e8ve des questions concernant la continuit\u00e9 du b\u00e9n\u00e9fice du forfait mobilit\u00e9s durables. Le dispositif \u00e9tant li\u00e9 \u00e0 l&#8217;employeur, la cessation du contrat de travail entra\u00eene automatiquement l&rsquo;arr\u00eat du versement du forfait mobilit\u00e9s, sans possibilit\u00e9 de transfert vers le nouvel employeur.<\/strong> <strong>La n\u00e9gociation avec le nouvel employeur constitue la voie principale pour maintenir le b\u00e9n\u00e9fice, en d\u00e9montrant l&rsquo;usage effectif d&rsquo;une trottinette pour les futurs trajets.<\/strong><\/p>\n<h2>Impact sur le secteur public et priv\u00e9<\/h2>\n<h3>Application dans l&rsquo;administration publique<\/h3>\n<p>Dans le secteur public, la mise en \u0153uvre du forfait mobilit\u00e9s durables n\u00e9cessite une d\u00e9lib\u00e9ration de l&rsquo;autorit\u00e9 comp\u00e9tente, suivant la forme administrative appropri\u00e9e. Les collectivit\u00e9s territoriales et administrations d&rsquo;\u00c9tat disposent d&rsquo;une autonomie dans la fixation du montant allou\u00e9, dans la limite du plafond l\u00e9gal d\u00e9fini par d\u00e9cret, permettant une adaptation aux sp\u00e9cificit\u00e9s g\u00e9ographiques et budg\u00e9taires de chaque service public.<\/p>\n<p>Le forfait mobilit\u00e9s durables pour trottinette repr\u00e9sente une opportunit\u00e9 remarquable pour transformer durablement les habitudes de d\u00e9placement professionnel. Ce dispositif gouvernemental accompagne efficacement la transition \u00e9cologique en rendant accessible et attractive l&rsquo;adoption de solutions de mobilit\u00e9 urbaine respectueuses de l&rsquo;environnement, positionnant la trottinette comme un v\u00e9ritable outil de transformation des d\u00e9placements quotidiens vers plus de durabilit\u00e9, tout en offrant un avantage fiscal significatif aux utilisateurs soucieux de r\u00e9duire leur impact environnemental et leur budget transport.<\/p>\n","protected":false},"excerpt":{"rendered":"<p>Le forfait mobilit\u00e9s durables (FMD) repr\u00e9sente une avanc\u00e9e majeure dans la transition \u00e9cologique des d\u00e9placements domicile-travail. Cette dispo\u200b\u200bsition fiscale avantageuse permet aux agents et salari\u00e9s d&rsquo;obtenir un remboursement partiel de leurs frais de transport alternatif, incluant l&rsquo;utilisation de trottinettes \u00e9lectriques et m\u00e9caniques en location ou \u00e0 l&rsquo;achat. Entr\u00e9e en vigueur depuis janvier 2020, cette mesure [&hellip;]<\/p>\n","protected":false},"author":6,"featured_media":4282,"comment_status":"closed","ping_status":"open","sticky":false,"template":"","format":"standard","meta":[],"categories":[1],"tags":[],"aioseo_notices":[],"_links":{"self":[{"href":"https:\/\/www.micro-mobility.fr\/blog\/wp-json\/wp\/v2\/posts\/4281"}],"collection":[{"href":"https:\/\/www.micro-mobility.fr\/blog\/wp-json\/wp\/v2\/posts"}],"about":[{"href":"https:\/\/www.micro-mobility.fr\/blog\/wp-json\/wp\/v2\/types\/post"}],"author":[{"embeddable":true,"href":"https:\/\/www.micro-mobility.fr\/blog\/wp-json\/wp\/v2\/users\/6"}],"replies":[{"embeddable":true,"href":"https:\/\/www.micro-mobility.fr\/blog\/wp-json\/wp\/v2\/comments?post=4281"}],"version-history":[{"count":16,"href":"https:\/\/www.micro-mobility.fr\/blog\/wp-json\/wp\/v2\/posts\/4281\/revisions"}],"predecessor-version":[{"id":4320,"href":"https:\/\/www.micro-mobility.fr\/blog\/wp-json\/wp\/v2\/posts\/4281\/revisions\/4320"}],"wp:featuredmedia":[{"embeddable":true,"href":"https:\/\/www.micro-mobility.fr\/blog\/wp-json\/wp\/v2\/media\/4282"}],"wp:attachment":[{"href":"https:\/\/www.micro-mobility.fr\/blog\/wp-json\/wp\/v2\/media?parent=4281"}],"wp:term":[{"taxonomy":"category","embeddable":true,"href":"https:\/\/www.micro-mobility.fr\/blog\/wp-json\/wp\/v2\/categories?post=4281"},{"taxonomy":"post_tag","embeddable":true,"href":"https:\/\/www.micro-mobility.fr\/blog\/wp-json\/wp\/v2\/tags?post=4281"}],"curies":[{"name":"wp","href":"https:\/\/api.w.org\/{rel}","templated":true}]}}