{"id":439,"date":"2018-10-24T20:10:32","date_gmt":"2018-10-24T18:10:32","guid":{"rendered":"https:\/\/www.micro-mobility.fr\/blog\/?p=439"},"modified":"2021-05-26T10:19:15","modified_gmt":"2021-05-26T08:19:15","slug":"reglementation-trottinettes-electriques","status":"publish","type":"post","link":"https:\/\/www.micro-mobility.fr\/blog\/reglementation-trottinettes-electriques\/","title":{"rendered":"R\u00e9glementation des EDP"},"content":{"rendered":"<p>L\u2019utilisation des trottinettes \u00e9lectriques est en plein essor dans les grandes villes, notamment avec l\u2019arriv\u00e9e des trottinettes en libre partage un peu partout. Dans notre article du mois d\u2019avril intitul\u00e9\u00a0 <em>\u201c<a href=\"https:\/\/www.micro-mobility.fr\/blog\/deplacements-trottinette-reglementation\/\">Les d\u00e9placements urbains \u00e0 trottinette sont-ils soumis \u00e0 une r\u00e9glementation <\/a><\/em>?\u201d le cadre de l\u2019utilisation des trottinettes \u00e9tait encore flou.<\/p>\n<p>Aujourd\u2019hui, l\u2019actualit\u00e9 concernant la circulation des engins de d\u00e9placement personnel (EDP) \u00e9volue\u00a0: faisons le point.<\/p>\n<h2>R\u00e9glementation des trottinettes \u00e9lectriques : \u00c9lisabeth Borne interdit la circulation sur les trottoirs<\/h2>\n<p><img decoding=\"async\" loading=\"lazy\" class=\"alignleft wp-image-1103\" title=\"Trottinette Micro Condor II X10 - Version 2020\" src=\"https:\/\/www.micro-mobility.fr\/blog\/wp-content\/uploads\/2018\/10\/large-Micro-X10.jpg\" alt=\"Trottinette Micro Condor II X10 - Version 2020\" width=\"705\" height=\"470\" srcset=\"https:\/\/www.micro-mobility.fr\/blog\/wp-content\/uploads\/2018\/10\/large-Micro-X10.jpg 1600w, https:\/\/www.micro-mobility.fr\/blog\/wp-content\/uploads\/2018\/10\/large-Micro-X10-300x200.jpg 300w, https:\/\/www.micro-mobility.fr\/blog\/wp-content\/uploads\/2018\/10\/large-Micro-X10-1024x683.jpg 1024w, https:\/\/www.micro-mobility.fr\/blog\/wp-content\/uploads\/2018\/10\/large-Micro-X10-768x512.jpg 768w, https:\/\/www.micro-mobility.fr\/blog\/wp-content\/uploads\/2018\/10\/large-Micro-X10-1536x1024.jpg 1536w\" sizes=\"(max-width: 705px) 100vw, 705px\" \/><\/p>\n<h3><\/h3>\n<h3><\/h3>\n<h3><\/h3>\n<h3><\/h3>\n<h3><\/h3>\n<h3><\/h3>\n<h3><\/h3>\n<h3><\/h3>\n<h3><\/h3>\n<h3><\/h3>\n<h3><\/h3>\n<p>Pour d\u00e9couvrir la Trottinette Micro Condor II X10 &#8211; Version 2020<a href=\"https:\/\/www.micro-mobility.fr\/1467-micro-condor-2.html\" target=\"_blank\" rel=\"nofollow noopener noreferrer\"><strong><span style=\"color: #0000ff;\"> \u2192 Cliquez-ici\u00a0 !<\/span><\/strong><\/a><\/p>\n<h3>La trottinette \u00e9lectrique bient\u00f4t dans le Code de la route<\/h3>\n<p>Vous attendiez depuis longtemps une r\u00e9glementation d\u00e9finissant des r\u00e8gles claires de circulation pour les engins \u00e0 deux roues motoris\u00e9s. Elisabeth Borne, Ministre des transports a annonc\u00e9 ce mardi 23 octobre \u00e0 l\u2019Assembl\u00e9e Nationale l&rsquo;interdiction de circulation des engins de d\u00e9placement personnel (EDP), notamment les trottinettes \u00e9lectriques sur les trottoirs.<\/p>\n<p>Une nouvelle cat\u00e9gorie de v\u00e9hicules va \u00eatre cr\u00e9\u00e9e dans le code de la route afin de r\u00e9glementer la circulation des engins de locomotion \u00e0 roues motoris\u00e9es.<\/p>\n<p>&nbsp;<\/p>\n<h3>Interdites sur les trottoirs<\/h3>\n<p>De plus en plus nombreuses en villes, certaines trottinettes sur le march\u00e9 peuvent rouler jusqu\u2019\u00e0 40 km\/h. Ces engins roulent de mani\u00e8re anarchique, aussi bien sur les trottoirs que sur la chauss\u00e9e.<\/p>\n<p>Cette future r\u00e9glementation interdira donc aux trottinettes \u00e9lectriques l\u2019utilisation des trottoirs. Leur espace de circulation privil\u00e9gi\u00e9 sont les pistes et bandes cyclables et dans le cas o\u00f9 il n\u2019y a pas d\u2019espace cyclable, la chauss\u00e9e. Concernant la vitesse de circulation, celle-ci est limit\u00e9e \u00e0 25 km\/h.<\/p>\n<h3>Concr\u00e8tement<\/h3>\n<p>Concr\u00e8tement si vous avez l\u2019habitude de vous d\u00e9placer \u00e0 trottinette \u00e9lectrique ou engins motoris\u00e9s plus largement, vous devez privil\u00e9gier l\u2019utilisation des pistes cyclables lorsqu\u2019il y en a. S\u2019il n\u2019y a pas ce type d\u2019am\u00e9nagements, vous pouvez emprunter les voies cyclables.<\/p>\n<p>Dans tous les cas, vous ne devez jamais d\u00e9passer la vitesse r\u00e9glementaire de 25 km\/h.<\/p>\n<h2>Vigilance et bon sens<\/h2>\n<p>En attendant une r\u00e9glementation d\u00e9finitive, il est important que vous, utilisateurs trottinettes \u00e9lectriques Micro, restiez vigilant lors de vos d\u00e9placements quotidiens.<\/p>\n<p>La loi pr\u00e9voit de toujours prot\u00e9ger le plus faible. Concernant les trottinettes \u00e9lectriques, elles pourront \u00eatre autoris\u00e9es \u00e0 se d\u00e9placer sur les trottoirs \u00e0 la seule condition de se d\u00e9placer sans d\u00e9passer la vitesse de la marche.<\/p>\n<p>Comme tout pi\u00e9ton, les trottinettes doivent suivre le code de la route, cela implique de respecter les feux tricolores et passages pi\u00e9tons.<\/p>\n<h2>\u00c9quipements obligatoires<\/h2>\n<p>Il n\u2019y a pas que les pi\u00e9tons qui risquent de se blesser \u00e0 cause des trottinettes, les utilisateurs de trottinettes doivent eux aussi penser \u00e0 se prot\u00e9ger. Pour cela il est vivement recommand\u00e9 d\u2019\u00e9quiper sa trottinette de lumi\u00e8re afin d\u2019\u00eatre visible m\u00eame lorsque les conditions de visibilit\u00e9 sont difficiles. Le gilet jaune est \u00e9galement un accessoire que nous recommandons afin de vous assurer d\u2019\u00eatre visible par les voitures. Le port du casque est lui aussi tr\u00e8s important pour prot\u00e9ger votre t\u00eate. Les risques de chutes et d\u2019accident sont aussi pr\u00e9sents lorsque l\u2019on se d\u00e9place \u00e0 trottinette.<\/p>\n<p>Nous vous tiendrons inform\u00e9 des actualit\u00e9s concernant cette loi dans de prochains articles. Cette loi d\u2019orientation sur les mobilit\u00e9s devrait \u00eatre vot\u00e9e au parlement d\u00e9but 2019. N\u2019h\u00e9sitez pas \u00e0 vous inscrire \u00e0 notre newsletter sur notre <a href=\"https:\/\/www.micro-mobility.fr\/\">site internet<\/a> pour recevoir toute l\u2019actualit\u00e9 Micro.<\/p>\n<p>&nbsp;<\/p>\n<p><img decoding=\"async\" loading=\"lazy\" class=\"alignnone wp-image-1102\" title=\"R\u00e9glementation des trottinettes \u00e9lectriques sur la route \" src=\"https:\/\/www.micro-mobility.fr\/blog\/wp-content\/uploads\/2018\/10\/Pages-3-sche\u0301ma.jpg\" alt=\"R\u00e9glementation des trottinettes \u00e9lectriques sur la route \" width=\"945\" height=\"1336\" srcset=\"https:\/\/www.micro-mobility.fr\/blog\/wp-content\/uploads\/2018\/10\/Pages-3-sche\u0301ma.jpg 1240w, https:\/\/www.micro-mobility.fr\/blog\/wp-content\/uploads\/2018\/10\/Pages-3-sche\u0301ma-212x300.jpg 212w, https:\/\/www.micro-mobility.fr\/blog\/wp-content\/uploads\/2018\/10\/Pages-3-sche\u0301ma-724x1024.jpg 724w, https:\/\/www.micro-mobility.fr\/blog\/wp-content\/uploads\/2018\/10\/Pages-3-sche\u0301ma-768x1086.jpg 768w, https:\/\/www.micro-mobility.fr\/blog\/wp-content\/uploads\/2018\/10\/Pages-3-sche\u0301ma-1087x1536.jpg 1087w\" sizes=\"(max-width: 945px) 100vw, 945px\" \/><\/p>\n","protected":false},"excerpt":{"rendered":"<p>L\u2019utilisation des trottinettes \u00e9lectriques est en plein essor dans les grandes villes, notamment avec l\u2019arriv\u00e9e des trottinettes en libre-service partage un peu partout. Dans notre article du mois d\u2019avril intitul\u00e9\u00a0 \u201cLes d\u00e9placements urbains \u00e0 trottinette sont-ils soumis \u00e0 une r\u00e9glementation ?\u201d le cadre de l\u2019utilisation des trottinettes \u00e9tait encore flou.<\/p>\n<p>Aujourd\u2019hui, l\u2019actualit\u00e9 concernant la circulation des engins de d\u00e9placement personnel (EDP) \u00e9volue\u00a0: faisons le point.<\/p>\n","protected":false},"author":6,"featured_media":443,"comment_status":"closed","ping_status":"open","sticky":false,"template":"","format":"standard","meta":[],"categories":[1,6,8],"tags":[87,86,85,10,43,84,88],"aioseo_notices":[],"_links":{"self":[{"href":"https:\/\/www.micro-mobility.fr\/blog\/wp-json\/wp\/v2\/posts\/439"}],"collection":[{"href":"https:\/\/www.micro-mobility.fr\/blog\/wp-json\/wp\/v2\/posts"}],"about":[{"href":"https:\/\/www.micro-mobility.fr\/blog\/wp-json\/wp\/v2\/types\/post"}],"author":[{"embeddable":true,"href":"https:\/\/www.micro-mobility.fr\/blog\/wp-json\/wp\/v2\/users\/6"}],"replies":[{"embeddable":true,"href":"https:\/\/www.micro-mobility.fr\/blog\/wp-json\/wp\/v2\/comments?post=439"}],"version-history":[{"count":13,"href":"https:\/\/www.micro-mobility.fr\/blog\/wp-json\/wp\/v2\/posts\/439\/revisions"}],"predecessor-version":[{"id":2090,"href":"https:\/\/www.micro-mobility.fr\/blog\/wp-json\/wp\/v2\/posts\/439\/revisions\/2090"}],"wp:featuredmedia":[{"embeddable":true,"href":"https:\/\/www.micro-mobility.fr\/blog\/wp-json\/wp\/v2\/media\/443"}],"wp:attachment":[{"href":"https:\/\/www.micro-mobility.fr\/blog\/wp-json\/wp\/v2\/media?parent=439"}],"wp:term":[{"taxonomy":"category","embeddable":true,"href":"https:\/\/www.micro-mobility.fr\/blog\/wp-json\/wp\/v2\/categories?post=439"},{"taxonomy":"post_tag","embeddable":true,"href":"https:\/\/www.micro-mobility.fr\/blog\/wp-json\/wp\/v2\/tags?post=439"}],"curies":[{"name":"wp","href":"https:\/\/api.w.org\/{rel}","templated":true}]}}