{"id":518,"date":"2021-05-25T16:49:00","date_gmt":"2021-05-25T14:49:00","guid":{"rendered":"https:\/\/www.micro-mobility.fr\/blog\/?p=518"},"modified":"2021-05-26T10:50:44","modified_gmt":"2021-05-26T08:50:44","slug":"comment-bien-choisir-son-casque-micro","status":"publish","type":"post","link":"https:\/\/www.micro-mobility.fr\/blog\/comment-bien-choisir-son-casque-micro\/","title":{"rendered":"Comment bien choisir son casque Micro ?"},"content":{"rendered":"<p><img decoding=\"async\" loading=\"lazy\" class=\"wp-image-2022 alignleft\" src=\"https:\/\/www.micro-mobility.fr\/blog\/wp-content\/uploads\/2019\/02\/homme-porter-casque-ceinture-securite-instruction-securite-equitation-motocyclette-dessin-anime-plat-illustration_201904-6-e1621950990584.png\" alt=\"\" width=\"207\" height=\"144\" srcset=\"https:\/\/www.micro-mobility.fr\/blog\/wp-content\/uploads\/2019\/02\/homme-porter-casque-ceinture-securite-instruction-securite-equitation-motocyclette-dessin-anime-plat-illustration_201904-6-e1621950990584.png 619w, https:\/\/www.micro-mobility.fr\/blog\/wp-content\/uploads\/2019\/02\/homme-porter-casque-ceinture-securite-instruction-securite-equitation-motocyclette-dessin-anime-plat-illustration_201904-6-e1621950990584-300x209.png 300w\" sizes=\"(max-width: 207px) 100vw, 207px\" \/><\/p>\n<p>Que vous soyez un enfant ou un adulte, il est primordial de porter un casque \u00e0 trottinette, d&rsquo;une part pour assurer votre s\u00e9curit\u00e9 face aux autres citadins et conducteurs mais aussi pour \u00e9viter le risque de blessures graves si chute il y a (on esp\u00e8re pas) !<\/p>\n<p>Mais alors, comment choisir le bon casque Micro adapt\u00e9 \u00e0 vous ?<\/p>\n<p>Micro vous explique tout dans cet article !<\/p>\n<p>&nbsp;<\/p>\n<h2><a href=\"https:\/\/www.micro-mobility.fr\/1271-casque-doodle-dots.html\" target=\"_blank\" rel=\"noopener\"><img decoding=\"async\" loading=\"lazy\" class=\"alignleft wp-image-2021\" title=\"Bien choisir son casque Micro\" src=\"https:\/\/www.micro-mobility.fr\/blog\/wp-content\/uploads\/2019\/02\/png-Micro-Helmet-Doodle-Dot.png\" alt=\"Bien choisir son casque Micro \" width=\"299\" height=\"299\" srcset=\"https:\/\/www.micro-mobility.fr\/blog\/wp-content\/uploads\/2019\/02\/png-Micro-Helmet-Doodle-Dot.png 2000w, https:\/\/www.micro-mobility.fr\/blog\/wp-content\/uploads\/2019\/02\/png-Micro-Helmet-Doodle-Dot-300x300.png 300w, https:\/\/www.micro-mobility.fr\/blog\/wp-content\/uploads\/2019\/02\/png-Micro-Helmet-Doodle-Dot-1024x1024.png 1024w, https:\/\/www.micro-mobility.fr\/blog\/wp-content\/uploads\/2019\/02\/png-Micro-Helmet-Doodle-Dot-150x150.png 150w, https:\/\/www.micro-mobility.fr\/blog\/wp-content\/uploads\/2019\/02\/png-Micro-Helmet-Doodle-Dot-768x768.png 768w, https:\/\/www.micro-mobility.fr\/blog\/wp-content\/uploads\/2019\/02\/png-Micro-Helmet-Doodle-Dot-1536x1536.png 1536w\" sizes=\"(max-width: 299px) 100vw, 299px\" \/><\/a>Pourquoi porter un casque ?<\/h2>\n<p>Les activit\u00e9s sportives de plein air comme la trottinette, le v\u00e9lo, le roller, l\u2019\u00e9quitation, le ski, etc&#8230;n\u00e9cessitent le port d\u2019un casque.<\/p>\n<p>Depuis le 22 mars 2018, <strong>le casque est devenu obligatoire pour les enfants de moins de 12 ans<\/strong> qui pratiquent le v\u00e9lo. Le port du casque n\u2019est pas obligatoire lorsque l&rsquo;on pratique la trottinette mais il est <span style=\"text-decoration: underline;\"><strong>fortement recommand\u00e9<\/strong><\/span> pour \u00e9viter les accidents et les risques de blessures graves.<\/p>\n<p>Micro-Mobility ne n\u00e9glige pas la s\u00e9curit\u00e9 et vous recommande fortement de vous \u00e9quiper et d\u2019\u00e9quiper vos enfants d&rsquo;un casque lors de leurs vir\u00e9es \u00e0 trottinette. Il est toujours tr\u00e8s important d\u2019adapter l\u2019\u00e9quipement \u00e0 l\u2019activit\u00e9 pratiqu\u00e9e !<\/p>\n<p>Parlons donc trottinette\u00a0! Micro vous accompagne et vous conseille pour bien choisir votre casque. Vous d\u00e9couvrirez ci-dessous les astuces pour trouver le casque adapt\u00e9 et les innovations 2019 en la mati\u00e8re.<\/p>\n<h2><\/h2>\n<h2><\/h2>\n<h2><\/h2>\n<h2><\/h2>\n<h2><\/h2>\n<h2><\/h2>\n<h2><\/h2>\n<h2>Le point important \u00e0 v\u00e9rifier : la norme CE<\/h2>\n<p>La premi\u00e8re chose tr\u00e8s importante \u00e0 v\u00e9rifier est la conformit\u00e9 du casque que vous souhaitez acheter : il faut en effet v\u00e9rifier si celui-ci est bien conforme \u00e0 la norme europ\u00e9enne <strong>EN1078 + A1 02\/2013<\/strong> en vigueur relative \u00ab<em>aux casques pour cyclistes et pour utilisateurs de planches \u00e0 roulettes et de patins \u00e0 roulettes\u00bb. <\/em><\/p>\n<p>Nous vous d\u00e9conseillons fortement d\u2019acheter un casque d\u2019occasion qui aurait pu \u00eatre endommag\u00e9\u00a0: celui-ci ne garantirait plus votre s\u00e9curit\u00e9 ou celle de votre enfant. Si votre casque a \u00e9t\u00e9 endommag\u00e9 ou ab\u00eem\u00e9, nous vous conseillons de ne plus l\u2019utiliser.<\/p>\n<p>Tous les casques Micro sont bien entendu conformes \u00e0 la norme<strong> EN1078 + A1 02\/2013 <\/strong>!<\/p>\n<h2><\/h2>\n<h2><\/h2>\n<h2><\/h2>\n<h2>Chacun son casque\u00a0!<\/h2>\n<p>Il est important que chaque membre de la famille poss\u00e8de son propre casque. Un casque trop lourd ou trop grand serait inadapt\u00e9 et ne prot\u00e9gerait pas votre t\u00eate ou celle de votre enfant.<\/p>\n<h2><\/h2>\n<h2><\/h2>\n<h2 style=\"text-align: left;\">Le poids du casque<\/h2>\n<p style=\"text-align: left;\">La coque PVC externe moul\u00e9e en un seul morceau am\u00e9liore la l\u00e9g\u00e8ret\u00e9 du casque tout en assurant une s\u00e9curit\u00e9 optimale. La l\u00e9g\u00e8ret\u00e9 est une donn\u00e9e importante. Les casques de la nouvelle gamme Micro sont encore plus l\u00e9gers que les versions pr\u00e9c\u00e9dentes.<\/p>\n<p style=\"text-align: left;\"><strong>Le poids des casques Micro :<\/strong><\/p>\n<ul style=\"text-align: left;\">\n<li>Poids des casques <span style=\"color: #000000;\"><strong>XS<\/strong>\u00a0: <strong>200 g<\/strong><\/span><\/li>\n<li><span style=\"color: #000000;\">Poids des casques <strong>S<\/strong> : <strong>250 g<\/strong><\/span><\/li>\n<li><span style=\"color: #000000;\">Poids des casques <strong>M<\/strong>\u00a0: <strong>310 g<\/strong><\/span><\/li>\n<\/ul>\n<h2><\/h2>\n<h2><\/h2>\n<p>&nbsp;<\/p>\n<h2>Le syst\u00e8me de ventilation<\/h2>\n<p>&nbsp;<\/p>\n<p><img decoding=\"async\" loading=\"lazy\" class=\"wp-image-2024 alignleft\" src=\"https:\/\/www.micro-mobility.fr\/blog\/wp-content\/uploads\/2019\/02\/png-Micro-Helmet-Black.png\" alt=\"\" width=\"158\" height=\"158\" srcset=\"https:\/\/www.micro-mobility.fr\/blog\/wp-content\/uploads\/2019\/02\/png-Micro-Helmet-Black.png 2000w, https:\/\/www.micro-mobility.fr\/blog\/wp-content\/uploads\/2019\/02\/png-Micro-Helmet-Black-300x300.png 300w, https:\/\/www.micro-mobility.fr\/blog\/wp-content\/uploads\/2019\/02\/png-Micro-Helmet-Black-1024x1024.png 1024w, https:\/\/www.micro-mobility.fr\/blog\/wp-content\/uploads\/2019\/02\/png-Micro-Helmet-Black-150x150.png 150w, https:\/\/www.micro-mobility.fr\/blog\/wp-content\/uploads\/2019\/02\/png-Micro-Helmet-Black-768x768.png 768w, https:\/\/www.micro-mobility.fr\/blog\/wp-content\/uploads\/2019\/02\/png-Micro-Helmet-Black-1536x1536.png 1536w\" sizes=\"(max-width: 158px) 100vw, 158px\" \/><\/p>\n<p style=\"text-align: left;\">Il faut concilier le design et le confort bien s\u00fbr ! Mais pour un plus grand confort, il est imp\u00e9ratif que le casque que vous choisissez soit \u00e9quip\u00e9 d\u2019un syst\u00e8me d\u2019a\u00e9ration. Les nouveaux casques Micro poss\u00e8dent entre 8 et 10 canaux d\u2019a\u00e9rations selon les mod\u00e8les : de ce fait, l\u2019air circule facilement et votre t\u00eate reste au frais ! De plus, la coque moul\u00e9e en ABS, garantit une s\u00e9curit\u00e9 optimale sans pour autant tenir chaud.<\/p>\n<p>&nbsp;<\/p>\n<p style=\"text-align: left;\">\u2795 <em><strong>Le plus :<\/strong> Le rembourrage int\u00e9rieur du casque est amovible et lavable \u00e0 la main.<\/em><\/p>\n<h2><\/h2>\n<h2><\/h2>\n<h2><\/h2>\n<h2><\/h2>\n<h2><\/h2>\n<h2>\u00a0 \u00a0 \u00a0 \u00a0 \u00a0 \u00a0 \u00a0 \u00a0 \u00a0 \u00a0 \u00a0 \u00a0 \u00a0 \u00a0 \u00a0 \u00a0 \u00a0 \u00a0 \u00a0 \u00a0 \u00a0 \u00a0 \u00a0 \u00a0 \u00a0 \u00a0 \u00a0 \u00a0 \u00a0 \u00a0 \u00a0 \u00a0 \u00a0 \u00a0 \u00a0 \u00a0 \u00a0 \u00a0 \u00a0 \u00a0 \u00a0 \u00a0 \u00a0 \u00a0 \u00a0 \u00a0 \u00a0 \u00a0 \u00a0 \u00a0 \u00a0 \u00a0 \u00a0 \u00a0 \u00a0 \u00a0 \u00a0 \u00a0 Choisir la bonne taille<\/h2>\n<p>Un casque ne doit \u00eatre ni trop petit ni trop grand. Pour trouver la bonne taille, utilisez un m\u00e8tre souple, type m\u00e8tre ruban et mesurez le tour de t\u00eate en veillant \u00e0 bien positionner le m\u00e8tre <strong>au milieu du front et au-dessus des oreilles<\/strong>. En fonction de la mesure, choisissez la taille ad\u00e9quate.<\/p>\n<p>Voici les diff\u00e9rentes tailles des casques Micro :<\/p>\n<p>&nbsp;<\/p>\n<hr \/>\n<p><img decoding=\"async\" loading=\"lazy\" class=\"wp-image-2025 aligncenter\" src=\"https:\/\/www.micro-mobility.fr\/blog\/wp-content\/uploads\/2019\/02\/logo-micro-2000x2000-1-e1621952384488-300x126.png\" alt=\"\" width=\"216\" height=\"91\" srcset=\"https:\/\/www.micro-mobility.fr\/blog\/wp-content\/uploads\/2019\/02\/logo-micro-2000x2000-1-e1621952384488-300x126.png 300w, https:\/\/www.micro-mobility.fr\/blog\/wp-content\/uploads\/2019\/02\/logo-micro-2000x2000-1-e1621952384488.png 444w\" sizes=\"(max-width: 216px) 100vw, 216px\" \/><\/p>\n<p><span style=\"text-decoration: underline;\"><span style=\"color: #00acee;\"><strong>Pour les casques Micro enfants<\/strong><\/span><\/span><\/p>\n<p>&nbsp;<\/p>\n<p><strong>Taille XS<\/strong>\u00a0: de 46 \u00e0 50 cm<\/p>\n<p><strong>Taille S<\/strong>\u00a0: de 48 \u00e0 53 cm<\/p>\n<p><strong>Taille M\u00a0<\/strong>: de 52 \u00e0 56 cm<\/p>\n<p>&nbsp;<\/p>\n<p><span style=\"text-decoration: underline;\"><span style=\"color: #00acee;\"><strong>Pour les casques Micro adultes<\/strong><\/span><\/span><\/p>\n<p>&nbsp;<\/p>\n<p><strong>Taille M\u00a0<\/strong>: de 54 \u00e0 58 cm<\/p>\n<p><strong>Taille L<\/strong>\u00a0: de 58 \u00e0 61 cm<\/p>\n<hr \/>\n<h2><\/h2>\n<h2><\/h2>\n<h2><\/h2>\n<h2>L\u2019ajustement de votre casque<\/h2>\n<p>&nbsp;<\/p>\n<p><img decoding=\"async\" loading=\"lazy\" class=\"wp-image-2026 alignleft\" src=\"https:\/\/www.micro-mobility.fr\/blog\/wp-content\/uploads\/2019\/02\/casque-micro-noir.jpg\" alt=\"\" width=\"311\" height=\"415\" srcset=\"https:\/\/www.micro-mobility.fr\/blog\/wp-content\/uploads\/2019\/02\/casque-micro-noir.jpg 800w, https:\/\/www.micro-mobility.fr\/blog\/wp-content\/uploads\/2019\/02\/casque-micro-noir-225x300.jpg 225w, https:\/\/www.micro-mobility.fr\/blog\/wp-content\/uploads\/2019\/02\/casque-micro-noir-768x1023.jpg 768w\" sizes=\"(max-width: 311px) 100vw, 311px\" \/>Afin que votre casque ou celui de votre enfant soit bien positionn\u00e9, il ne faudra jamais n\u00e9gliger l\u2019ajustement de celui-ci. Un casque ne doit ni tomber \u00e0 l\u2019avant, ni \u00e0 l\u2019arri\u00e8re.<\/p>\n<p>Pour r\u00e9gler votre casque, placez-le sur votre t\u00eate. Tournez la molette vers la droite jusqu\u2019\u00e0 fixer le serre-t\u00eate fermement mais confortablement. Si vous avez besoin de desserrer le serre-t\u00eate du casque, retirez le casque et tournez la molette sur la gauche.<\/p>\n<p>Le coussinet int\u00e9rieur doit \u00eatre positionner correctement le casque. Celui-ci est tenu par un Velcro int\u00e9rieur. Veillez que celui-ci soit correctement positionn\u00e9. Il est amovible et lavable.<\/p>\n<p>Les boucles de r\u00e9glages lat\u00e9rales doivent \u00eatre tendues de mani\u00e8re similaire. La sangle de r\u00e9glage doit s\u2019ajuster de sorte qu\u2019elle ne soit ni trop l\u00e2che, ni trop serr\u00e9e. Elle ne doit jamais passer au-dessus du menton par exemple. <strong>L&rsquo;innovation Micro<\/strong> : les sangles lat\u00e9rales sont \u00e9quip\u00e9es d&rsquo;un clip, ce qui facilite l&rsquo;ajustement.<\/p>\n<p>La fermeture de la boucle fonctionne de mani\u00e8re simple\u00a0: la plupart des sangles Micro ont une boucle magn\u00e9tique. Gr\u00e2ce \u00e0 celle-ci l\u2019ouverture et la fermeture du casque seront largement facilit\u00e9es. Une fois les sangles bien r\u00e9gl\u00e9es, l\u2019enfant sera aussi plus autonome pour installer seul son casque. La boucle magn\u00e9tique \u00e9vite les risques de pincements.<\/p>\n<p>Attention, l\u2019ajustement du casque est tr\u00e8s important. S\u2019il n\u2019est pas assez serr\u00e9, le casque sera inutile en cas de chute. Si le casque est trop serr\u00e9, cela risque d\u2019\u00eatre inconfortable et de vous blesser. Lorsque l\u2019on utilise sa trottinette, le casque doit toujours \u00eatre bien attach\u00e9.<\/p>\n<p>Votre enfant aura probablement besoin de votre aide lors des premiers ajustements de son casque\u00a0! A chaque utilisation, il est important de toujours v\u00e9rifier l\u2019ajustement de votre casque ou du casque de votre enfant.<\/p>\n<p>&nbsp;<\/p>\n<p><strong>Comment installer son casque ?\u00a0<\/strong><\/p>\n<p><img decoding=\"async\" loading=\"lazy\" class=\"wp-image-529\" title=\"Comment bien ajuster son casque - Micro \" src=\"https:\/\/www.micro-mobility.fr\/blog\/wp-content\/uploads\/2019\/02\/Comment-porter-son-casque-1024x592.jpg\" alt=\"Comment bien ajuster son casque - Micro \" width=\"687\" height=\"397\" srcset=\"https:\/\/www.micro-mobility.fr\/blog\/wp-content\/uploads\/2019\/02\/Comment-porter-son-casque-1024x592.jpg 1024w, https:\/\/www.micro-mobility.fr\/blog\/wp-content\/uploads\/2019\/02\/Comment-porter-son-casque-300x173.jpg 300w, https:\/\/www.micro-mobility.fr\/blog\/wp-content\/uploads\/2019\/02\/Comment-porter-son-casque-768x444.jpg 768w, https:\/\/www.micro-mobility.fr\/blog\/wp-content\/uploads\/2019\/02\/Comment-porter-son-casque.jpg 1392w\" sizes=\"(max-width: 687px) 100vw, 687px\" \/><\/p>\n<p>Parce que des images valent bien plus que des mots, Micro vous a pr\u00e9par\u00e9 une petite vid\u00e9o pour vous expliquer comment bien mettre et ajuster votre casque ou celui de votre enfant !<\/p>\n<p>&nbsp;<\/p>\n<div style=\"width: 640px;\" class=\"wp-video\"><!--[if lt IE 9]><script>document.createElement('video');<\/script><![endif]-->\n<video class=\"wp-video-shortcode\" id=\"video-518-1\" width=\"640\" height=\"360\" preload=\"metadata\" controls=\"controls\"><source type=\"video\/mp4\" src=\"https:\/\/www.micro-mobility.fr\/blog\/wp-content\/uploads\/2021\/05\/TUTO_CASQUE_FR_1_1-1.mp4?_=1\" \/><a href=\"https:\/\/www.micro-mobility.fr\/blog\/wp-content\/uploads\/2021\/05\/TUTO_CASQUE_FR_1_1-1.mp4\">https:\/\/www.micro-mobility.fr\/blog\/wp-content\/uploads\/2021\/05\/TUTO_CASQUE_FR_1_1-1.mp4<\/a><\/video><\/div>\n<h2><\/h2>\n<h2><\/h2>\n<p>&nbsp;<\/p>\n<h2>\u00a0 \u00a0 \u00a0 \u00a0 \u00a0 \u00a0 \u00a0 \u00a0 \u00a0 \u00a0 \u00a0 \u00a0 \u00a0 \u00a0 \u00a0 \u00a0 \u00a0 \u00a0 \u00a0 \u00a0 \u00a0 \u00a0 \u00a0 \u00a0 \u00a0 \u00a0 \u00a0 \u00a0 \u00a0 \u00a0 \u00a0 \u00a0 \u00a0 \u00a0 \u00a0 \u00a0 \u00a0 \u00a0 \u00a0 \u00a0 \u00a0 \u00a0 \u00a0 \u00a0 \u00a0 \u00a0 \u00a0 \u00a0 \u00a0 \u00a0 \u00a0 \u00a0 \u00a0 \u00a0 \u00a0 \u00a0 \u00a0 \u00a0 \u00a0 \u00a0 \u00a0 \u00a0 \u00a0 \u00a0 \u00a0 \u00a0 \u00a0 \u00a0 \u00a0 \u00a0 \u00a0 \u00a0 \u00a0 \u00a0 \u00a0 \u00a0 \u00a0 \u00a0 \u00a0 \u00a0 \u00a0 \u00a0 \u00a0Soyez visibles sur votre trottinette !<\/h2>\n<p>Les nouveaux casques Micro sont \u00e9quip\u00e9s d\u2019une lumi\u00e8re LED situ\u00e9e \u00e0 l\u2019arri\u00e8re sur la molette rouge de r\u00e9glage. Cette lumi\u00e8re vous permettra d\u2019\u00eatre visible en toutes circonstances. 3 modes sont disponibles\u00a0: 1 mode fixe et 2 modes clignotant. Pour passer d\u2019un mode \u00e0 l\u2019autre, il suffit d\u2019appuyer sur bouton rouge.<\/p>\n<p>&nbsp;<\/p>\n<h2>Remplacement de la pile de la lumi\u00e8re<\/h2>\n<p>&nbsp;<\/p>\n<p>La pile est une pile au Lithium CR1632 3V\u00a0: elle se change tr\u00e8s facilement. Il suffit de tourner le couvercle en plastique rouge de la lampe d\u2019environ 40\u00b0 afin de la retirer. Dans un second temps retirez le circuit imprim\u00e9 contenant la pile, retirez la pile et remplacez-la par une pile similaire. Refermez correctement. La pile est livr\u00e9e avec votre casque\u00a0!<\/p>\n<p>&nbsp;<\/p>\n<h2>L\u2019entretien de votre casque<\/h2>\n<p>Nettoyez votre casque Micro simplement avec de l\u2019eau et un savon doux. N\u2019utilisez jamais de produits corrosifs, hydrocarbures, produits m\u00e9nagers : ceux-ci pourraient rendre votre casque inefficace en cas d\u2019accident.<\/p>\n<p>Il est \u00e9galement tr\u00e8s important de ne jamais exposer votre casque pr\u00e8s d\u2019une source de chaleur sup\u00e9rieure \u00e0 65\u00b0 (dans un v\u00e9hicule par temps de canicule par exemple). Les casques endommag\u00e9s par la chaleur pr\u00e9senteront des zones gonfl\u00e9es et in\u00e9gales. Si c\u2019est le cas, le casque ne vous prot\u00e9gerait plus correctement\u00a0; il devra \u00eatre remplac\u00e9 rapidement.<\/p>\n<p>&nbsp;<\/p>\n<h2>Nos derni\u00e8res recommandations<\/h2>\n<p>&nbsp;<\/p>\n<p><img decoding=\"async\" loading=\"lazy\" class=\"wp-image-530 \" title=\"Les casques Micro\" src=\"https:\/\/www.micro-mobility.fr\/blog\/wp-content\/uploads\/2019\/02\/NL-Casques-Slide-2.jpg\" alt=\"Les casques Micro\" width=\"632\" height=\"355\" srcset=\"https:\/\/www.micro-mobility.fr\/blog\/wp-content\/uploads\/2019\/02\/NL-Casques-Slide-2.jpg 1366w, https:\/\/www.micro-mobility.fr\/blog\/wp-content\/uploads\/2019\/02\/NL-Casques-Slide-2-300x169.jpg 300w, https:\/\/www.micro-mobility.fr\/blog\/wp-content\/uploads\/2019\/02\/NL-Casques-Slide-2-768x432.jpg 768w, https:\/\/www.micro-mobility.fr\/blog\/wp-content\/uploads\/2019\/02\/NL-Casques-Slide-2-1024x576.jpg 1024w\" sizes=\"(max-width: 632px) 100vw, 632px\" \/><\/p>\n<p>&nbsp;<\/p>\n<p>Ce casque est con\u00e7u pour absorber l\u2019\u00e9nergie d\u2019un choc. Dans la mesure o\u00f9 le casque a subi une chute ou un accident &#8211; et m\u00eame si les dommages ne sont pas visibles &#8211; vous devez remplacer le casque imm\u00e9diatement. Malheureusement, certains accidents entrainent des blessures graves et aucun casque ne peut emp\u00eacher ceci\u00a0: agissez toujours prudemment, pensez \u00e0 votre s\u00e9curit\u00e9 et \u00e0 votre vie. Lisez bien la notice fournie avant la premi\u00e8re utilisation. Pour les enfants \u00e2g\u00e9s de moins d\u2019un an, v\u00e9rifiez toujours avec votre p\u00e9diatre la bonne ad\u00e9quation du port d\u2019un casque.<\/p>\n<p>Et surtout, habituez vos enfants \u00e0 porter un casque d\u00e8s qu\u2019ils commencent \u00e0 utiliser leur trottinette. Ne faites pas d\u2019exception\u00a0! Les bonnes habitudes se prennent tout-petits\u00a0!!<\/p>\n<p>&nbsp;<\/p>\n<p>Maintenant que vous savez tout sur les casques Micro, il est temps d&rsquo;aller d\u00e9couvrir <a href=\"https:\/\/www.micro-mobility.fr\/123-casques-pour-trottinettes\" target=\"_blank\" rel=\"nofollow noopener\"><strong>notre s\u00e9lection de casques<\/strong> <\/a>sur notre site !<\/p>\n<p>&nbsp;<\/p>\n<p><strong>Retrouvez-nous sur nos diff\u00e9rents r\u00e9seaux :<\/strong><\/p>\n<p>&nbsp;<\/p>\n<p><strong><img decoding=\"async\" loading=\"lazy\" class=\"wp-image-1271 alignleft\" src=\"https:\/\/www.micro-mobility.fr\/blog\/wp-content\/uploads\/2018\/10\/instagram-logo-transparent-png-571.png\" sizes=\"(max-width: 53px) 100vw, 53px\" srcset=\"https:\/\/www.micro-mobility.fr\/blog\/wp-content\/uploads\/2018\/10\/instagram-logo-transparent-png-571.png 1000w, https:\/\/www.micro-mobility.fr\/blog\/wp-content\/uploads\/2018\/10\/instagram-logo-transparent-png-571-300x300.png 300w, https:\/\/www.micro-mobility.fr\/blog\/wp-content\/uploads\/2018\/10\/instagram-logo-transparent-png-571-150x150.png 150w, https:\/\/www.micro-mobility.fr\/blog\/wp-content\/uploads\/2018\/10\/instagram-logo-transparent-png-571-768x768.png 768w\" alt=\"\" width=\"53\" height=\"53\" \/><\/strong>Suivez-nous sur notre compte Instagram pour retrouver nos aventures !<\/p>\n<p><a href=\"https:\/\/www.instagram.com\/micromobilityfrance\/?hl=fr\" target=\"_blank\" rel=\"noopener noreferrer\"><strong>@micromobilityfrance<\/strong><\/a><\/p>\n<p>&nbsp;<\/p>\n<p><strong><img decoding=\"async\" loading=\"lazy\" class=\"wp-image-1272 alignleft\" src=\"https:\/\/www.micro-mobility.fr\/blog\/wp-content\/uploads\/2018\/10\/584ac2d03ac3a570f94a666d.png\" sizes=\"(max-width: 50px) 100vw, 50px\" srcset=\"https:\/\/www.micro-mobility.fr\/blog\/wp-content\/uploads\/2018\/10\/584ac2d03ac3a570f94a666d.png 250w, https:\/\/www.micro-mobility.fr\/blog\/wp-content\/uploads\/2018\/10\/584ac2d03ac3a570f94a666d-150x150.png 150w\" alt=\"\" width=\"50\" height=\"50\" \/><\/strong>Retrouvez-nous \u00e9galement sur notre page Facebook pour suivre nos actualit\u00e9s !<\/p>\n<p><a href=\"https:\/\/www.facebook.com\/MicroMobilityFrance\/\" target=\"_blank\" rel=\"noopener noreferrer\"><strong>Micro Mobility France<\/strong><\/a><\/p>\n<p>&nbsp;<\/p>\n<p><img decoding=\"async\" loading=\"lazy\" class=\"wp-image-1289 alignleft\" src=\"https:\/\/www.micro-mobility.fr\/blog\/wp-content\/uploads\/2020\/11\/580b57fcd9996e24bc43c545.png\" sizes=\"(max-width: 50px) 100vw, 50px\" srcset=\"https:\/\/www.micro-mobility.fr\/blog\/wp-content\/uploads\/2020\/11\/580b57fcd9996e24bc43c545.png 1024w, https:\/\/www.micro-mobility.fr\/blog\/wp-content\/uploads\/2020\/11\/580b57fcd9996e24bc43c545-300x211.png 300w, https:\/\/www.micro-mobility.fr\/blog\/wp-content\/uploads\/2020\/11\/580b57fcd9996e24bc43c545-768x541.png 768w\" alt=\"\" width=\"50\" height=\"35\" \/><\/p>\n<p>Pour voir nos tutoriels SAV et toutes nos vid\u00e9os autour de Micro, rendez-vous sur notre cha\u00eene YouTube !<\/p>\n<p><a href=\"https:\/\/www.youtube.com\/channel\/UCsLJ7ihEkJGE-pmGQDE1H7w\/featured?view_as=subscriber\" target=\"_blank\" rel=\"nofollow noopener noreferrer\"><strong>Micro Mobility France<\/strong><\/a><\/p>\n","protected":false},"excerpt":{"rendered":"<p>De nombreuses activit\u00e9s de plein air n\u00e9cessitent le port d\u2019un casque. Chez Micro, on ne n\u00e9glige pas avec la s\u00e9curit\u00e9 ! On vous aide \u00e0 bien choisir votre casque ! <\/p>\n","protected":false},"author":6,"featured_media":2062,"comment_status":"closed","ping_status":"open","sticky":false,"template":"","format":"standard","meta":[],"categories":[1,6,5],"tags":[53,31,37,103,9],"aioseo_notices":[],"_links":{"self":[{"href":"https:\/\/www.micro-mobility.fr\/blog\/wp-json\/wp\/v2\/posts\/518"}],"collection":[{"href":"https:\/\/www.micro-mobility.fr\/blog\/wp-json\/wp\/v2\/posts"}],"about":[{"href":"https:\/\/www.micro-mobility.fr\/blog\/wp-json\/wp\/v2\/types\/post"}],"author":[{"embeddable":true,"href":"https:\/\/www.micro-mobility.fr\/blog\/wp-json\/wp\/v2\/users\/6"}],"replies":[{"embeddable":true,"href":"https:\/\/www.micro-mobility.fr\/blog\/wp-json\/wp\/v2\/comments?post=518"}],"version-history":[{"count":69,"href":"https:\/\/www.micro-mobility.fr\/blog\/wp-json\/wp\/v2\/posts\/518\/revisions"}],"predecessor-version":[{"id":2108,"href":"https:\/\/www.micro-mobility.fr\/blog\/wp-json\/wp\/v2\/posts\/518\/revisions\/2108"}],"wp:featuredmedia":[{"embeddable":true,"href":"https:\/\/www.micro-mobility.fr\/blog\/wp-json\/wp\/v2\/media\/2062"}],"wp:attachment":[{"href":"https:\/\/www.micro-mobility.fr\/blog\/wp-json\/wp\/v2\/media?parent=518"}],"wp:term":[{"taxonomy":"category","embeddable":true,"href":"https:\/\/www.micro-mobility.fr\/blog\/wp-json\/wp\/v2\/categories?post=518"},{"taxonomy":"post_tag","embeddable":true,"href":"https:\/\/www.micro-mobility.fr\/blog\/wp-json\/wp\/v2\/tags?post=518"}],"curies":[{"name":"wp","href":"https:\/\/api.w.org\/{rel}","templated":true}]}}