{"id":58,"date":"2018-03-01T15:29:48","date_gmt":"2018-03-01T14:29:48","guid":{"rendered":"https:\/\/www.micro-mobility.fr\/blog\/?p=58"},"modified":"2024-01-18T13:40:31","modified_gmt":"2024-01-18T12:40:31","slug":"comment-est-nee-la-trottinette","status":"publish","type":"post","link":"https:\/\/www.micro-mobility.fr\/blog\/comment-est-nee-la-trottinette\/","title":{"rendered":"Comment est n\u00e9e la trottinette ?"},"content":{"rendered":"<h2>L\u2019origine de la trottinette<\/h2>\n<p>La trottinette appel\u00e9e aussi \u00abpatinette\u00bb a \u00e9t\u00e9 cr\u00e9\u00e9e dans les ann\u00e9es 30. L\u2019origine du mot \u00abtrottinette\u00bb vient du terme \u00abtrottin\u00bb qui d\u00e9signait une employ\u00e9e de maison charg\u00e9e d\u2019aller faire des courses en ville. Pour ce faire, elle devait \u00abtrottiner\u00bb fr\u00e9quemment, c\u2019est-\u00e0-dire faire des petits pas press\u00e9s\u00a0!<\/p>\n<p><img decoding=\"async\" loading=\"lazy\" class=\"alignleft wp-image-1142\" title=\"Image premi\u00e8re trottinette en bois \" src=\"https:\/\/www.micro-mobility.fr\/blog\/wp-content\/uploads\/2018\/03\/88ae0cc0167ffe5e19919f018fb9def9e7782a55.jpg\" alt=\"Image premi\u00e8re trottinette en bois \" width=\"248\" height=\"248\" srcset=\"https:\/\/www.micro-mobility.fr\/blog\/wp-content\/uploads\/2018\/03\/88ae0cc0167ffe5e19919f018fb9def9e7782a55.jpg 1200w, https:\/\/www.micro-mobility.fr\/blog\/wp-content\/uploads\/2018\/03\/88ae0cc0167ffe5e19919f018fb9def9e7782a55-300x300.jpg 300w, https:\/\/www.micro-mobility.fr\/blog\/wp-content\/uploads\/2018\/03\/88ae0cc0167ffe5e19919f018fb9def9e7782a55-1024x1024.jpg 1024w, https:\/\/www.micro-mobility.fr\/blog\/wp-content\/uploads\/2018\/03\/88ae0cc0167ffe5e19919f018fb9def9e7782a55-150x150.jpg 150w, https:\/\/www.micro-mobility.fr\/blog\/wp-content\/uploads\/2018\/03\/88ae0cc0167ffe5e19919f018fb9def9e7782a55-768x768.jpg 768w\" sizes=\"(max-width: 248px) 100vw, 248px\" \/>Au d\u00e9part la trottinette \u00e9tait essentiellement un jouet fabriqu\u00e9 avec une planche en bois et poss\u00e9dait 3 roues, une \u00e0 l\u2019avant et deux \u00e0 l\u2019arri\u00e8re\u00a0; elle \u00e9tait con\u00e7ue pour des enfants issus de familles riches.<\/p>\n<p>\u00c0 partir des ann\u00e9es 50, la trottinette se d\u00e9mocratise et devient un moyen de locomotion mais est toujours utilis\u00e9e par les enfants. Elle est souvent \u00e9quip\u00e9e d\u2019une p\u00e9dale qui permet de faire tourner la roue arri\u00e8re lorsqu\u2019on appuie dessus \u00e0 plusieurs reprises. Ainsi, on pouvait rouler plus longtemps sans poser le pied par terre.<\/p>\n<p>Cependant, la trottinette tombe petit \u00e0 petit dans l\u2019oubli et perd de sa popularit\u00e9. Il faudra attendre quelques ann\u00e9es pour que la trottinette revienne au go\u00fbt du jour\u00a0!<\/p>\n<p>Pour conna\u00eetre d&rsquo;autres informations sur l&rsquo;histoire de la trottinette, cliquez sur le lien : <a href=\"https:\/\/fr.wikipedia.org\/wiki\/Trottinette\" target=\"_blank\" rel=\"nofollow noopener noreferrer\"><span style=\"color: #ff6600;\"><em><strong>L&rsquo;histoire de la trottinette<\/strong><\/em><\/span><\/a><\/p>\n<p>&nbsp;<\/p>\n<p>&nbsp;<\/p>\n<figure id=\"attachment_59\" aria-describedby=\"caption-attachment-59\" style=\"width: 188px\" class=\"wp-caption alignleft\"><img decoding=\"async\" loading=\"lazy\" class=\"wp-image-59 size-medium\" title=\"Image de la premi\u00e8re patinette, l'anc\u00eatre de la trottinette\" src=\"https:\/\/www.micro-mobility.fr\/blog\/wp-content\/uploads\/2018\/03\/Bild-2-188x300.jpg\" alt=\"Image de la premi\u00e8re patinette, l'anc\u00eatre de la trottinette\" width=\"188\" height=\"300\" srcset=\"https:\/\/www.micro-mobility.fr\/blog\/wp-content\/uploads\/2018\/03\/Bild-2-188x300.jpg 188w, https:\/\/www.micro-mobility.fr\/blog\/wp-content\/uploads\/2018\/03\/Bild-2-768x1228.jpg 768w, https:\/\/www.micro-mobility.fr\/blog\/wp-content\/uploads\/2018\/03\/Bild-2-640x1024.jpg 640w, https:\/\/www.micro-mobility.fr\/blog\/wp-content\/uploads\/2018\/03\/Bild-2.jpg 1451w\" sizes=\"(max-width: 188px) 100vw, 188px\" \/><figcaption id=\"caption-attachment-59\" class=\"wp-caption-text\"><em>Premi\u00e8re patinette, l&rsquo;anc\u00eatre de la trottinette<\/em><\/figcaption><\/figure>\n<h2>Et ensuite\u2026<\/h2>\n<h2>Voici la petite histoire qui nous rend si fiers\u00a0!<\/h2>\n<p>Ne pouvant garer ni voiture ni ve\u0301lo devant son restaurant pre\u0301fe\u0301re\u0301, <strong>Wim Ouboter<\/strong>, alors banquier en Suisse, prend une planche de skakeboard en bois et assemble dessus des roues et un manche. C\u2019est le d\u00e9clic \u2026 il r\u00e9invente et fabrique en 1996 sans le savoir la premi\u00e8re trottinette moderne pliable en s\u2019inspirant des patinettes de son enfance.<\/p>\n<p>Tous les mercredis, les enfants du quartier envahissent son garage pour essayer sa trottinette pliable. Devant l\u2019engouement des enfants et le succ\u00e8s de sa cr\u00e9ation, sa femme Janine, insiste pour qu\u2019il d\u00e9veloppe cette invention. Il rel\u00e8ve donc le d\u00e9fi et fonde Micro Mobility\u00a0Systems. C\u2019est le d\u00e9but de la grande aventure des trottinettes Micro\u00a0!<\/p>\n<figure id=\"attachment_60\" aria-describedby=\"caption-attachment-60\" style=\"width: 300px\" class=\"wp-caption alignnone\"><img decoding=\"async\" loading=\"lazy\" class=\"wp-image-60 size-medium\" title=\"Wim Ouboter et le premier prototype de trottinette\" src=\"https:\/\/www.micro-mobility.fr\/blog\/wp-content\/uploads\/2018\/03\/Wim-Ouboter-with-first-Prototyp-1-300x201.jpg\" alt=\"Wim Ouboter et le premier prototype de trottinette\" width=\"300\" height=\"201\" srcset=\"https:\/\/www.micro-mobility.fr\/blog\/wp-content\/uploads\/2018\/03\/Wim-Ouboter-with-first-Prototyp-1-300x201.jpg 300w, https:\/\/www.micro-mobility.fr\/blog\/wp-content\/uploads\/2018\/03\/Wim-Ouboter-with-first-Prototyp-1-768x514.jpg 768w, https:\/\/www.micro-mobility.fr\/blog\/wp-content\/uploads\/2018\/03\/Wim-Ouboter-with-first-Prototyp-1-1024x685.jpg 1024w\" sizes=\"(max-width: 300px) 100vw, 300px\" \/><figcaption id=\"caption-attachment-60\" class=\"wp-caption-text\"><em>Wim Ouboter et le premier prototype de trottinette<\/em><\/figcaption><\/figure>\n<p>Wim Ouboter lance alors la production de ses premi\u00e8res trottinettes et c\u2019est un v\u00e9ritable succ\u00e8s\u00a0: plus de 80 000 trottinettes sont produites chaque jour. Ce succ\u00e8s d\u00e9passe les attentes de Wim et Janine Ouboter\u00a0!<\/p>\n<p>L\u2019ann\u00e9e 2000 marque le boom du march\u00e9 de la trottinette\u00a0: dans le monde entier la presse s\u2019empare de cette fabuleuse r\u00e9ussite.<\/p>\n<p>Mais l\u2019in\u00e9vitable finit par arriver\u00a0: le march\u00e9 est petit \u00e0 petit inond\u00e9 de copies bon march\u00e9 de tr\u00e8s mauvaise qualit\u00e9 et finit par s\u2019effondrer.<\/p>\n<p>Micro traverse alors une p\u00e9riode difficile\u00a0: \u00e0 partir de ce moment, la production se limite \u00e0 30 trottinettes par jour.<\/p>\n<p>Wim Ouboter ne se laisse pas abattre\u00a0; grand visionnaire, il d\u00e9cide d\u2019aller de l\u2019avant et de se tourner vers l\u2019innovation afin de lutter contre les copies peu scrupuleuses.<\/p>\n<p>En 2005, il a redessin\u00e9 une gamme de produits qui correspond aux nouvelles normes de s\u00e9curit\u00e9. La seule r\u00e9ponse aux copies est de poursuivre sans cesse le d\u00e9veloppement et l\u2019innovation, et de faire prot\u00e9ger les nouveaut\u00e9s par des brevets, selon Wim Ouboter. Chaque ann\u00e9e, Micro pr\u00e9sente sur des salons une innovation majeure.<\/p>\n<p>Micro Mobility est l\u2019inventeur de la c\u00e9l\u00e8bre Mini Micro et son syst\u00e8me de navigation hyper intuitif brevet\u00e9, de la trottinette valise Micro Luggage (fruit d\u2019un partenariat avec Samsonite), de la trottinette \u00e9volutive pour les enfants, du Pedaflow (un mix de trottinette et de v\u00e9lo sans selle pour les sportifs) ou encore de la <a href=\"https:\/\/www.micro-mobility.fr\/116-trottinette-electrique\">trottinette \u00e9lectrique<\/a>\u2026<\/p>\n<p>Depuis ces derni\u00e8res ann\u00e9es, Micro Mobility collectionne les r\u00e9compenses. La trottinette Mini Micro 3en1, <a href=\"https:\/\/www.micro-mobility.fr\/103-trottinettes-des-1-an\">trottinette \u00e9volutive<\/a> qui s\u2019adapte \u00e0 la croissance de l\u2019enfant a re\u00e7u le Toy Award au salon International du jouet de Nuremberg en 2012. Wim Ouboter a \u00e9galement re\u00e7u le prix de l\u2019entrepreneur de l\u2019ann\u00e9e en 2015.<\/p>\n<figure id=\"attachment_61\" aria-describedby=\"caption-attachment-61\" style=\"width: 300px\" class=\"wp-caption alignnone\"><img decoding=\"async\" loading=\"lazy\" class=\"wp-image-61 size-medium\" title=\"Image de Wim Ouboter recevant le prix de l\u2019entrepreneur de l\u2019ann\u00e9e en 2015\" src=\"https:\/\/www.micro-mobility.fr\/blog\/wp-content\/uploads\/2018\/03\/Wim-Ouboter_EY-300x285.jpg\" alt=\"Image de Wim Ouboter recevant le prix de l\u2019entrepreneur de l\u2019ann\u00e9e en 2015\" width=\"300\" height=\"285\" srcset=\"https:\/\/www.micro-mobility.fr\/blog\/wp-content\/uploads\/2018\/03\/Wim-Ouboter_EY-300x285.jpg 300w, https:\/\/www.micro-mobility.fr\/blog\/wp-content\/uploads\/2018\/03\/Wim-Ouboter_EY.jpg 697w\" sizes=\"(max-width: 300px) 100vw, 300px\" \/><figcaption id=\"caption-attachment-61\" class=\"wp-caption-text\"><em> Wim Ouboter re\u00e7oit le prix de l\u2019entrepreneur de l\u2019ann\u00e9e en 2015 <\/em><\/figcaption><\/figure>\n<p>De l\u2019urbain press\u00e9 aux enfants \u00e0 partir de un an, les trottinettes Micro s\u2019adressent d\u00e9sormais \u00e0 toute la famille.<\/p>\n<p>Sensibles aux mutations des grandes agglom\u00e9rations, nous sommes fiers d\u2019\u0153uvrer en faveur des d\u00e9placements doux avec toujours les m\u00eames engagements\u00a0: la passion, l\u2019innovation, la durabilit\u00e9 et la qualit\u00e9.<\/p>\n<h2>Mais comment fonctionne cet objet non identifi\u00e9 ?<\/h2>\n<p><strong>\u00a0<\/strong>Pour faire avancer sa trottinette, il fallait se maintenir en \u00e9quilibre sur un pied puis donner des impulsions avec l\u2019autre pied. Le pied qui donne l\u2019impulsion sert aussi \u00e0 freiner. Le principe n\u2019a pas chang\u00e9 et on avance toujours de la m\u00eame mani\u00e8re sur sa trottinette\u00a0!<\/p>\n<h2>De simple jouet \u00e0 v\u00e9ritable mode de d\u00e9placement\u2026<\/h2>\n<p>Aujourd\u2019hui, la trottinette sert \u00e0 se promener, \u00e0 se d\u00e9placer, \u00e0 gagner du temps, \u00e0 faire du sport \u2026 chacun peut trouver de la satisfaction \u00e0 utiliser une trottinette au quotidien. La trottinette s\u2019adapte \u00e0 tous\u00a0! La trottinette est accessible et facile.<\/p>\n<p>De part son c\u00f4t\u00e9 compacte, pratique et pliable, la trottinette est une v\u00e9ritable alternative aux probl\u00e8mes de d\u00e9placement en milieu urbain.<\/p>\n<p>Sensible a\u0300 l\u2019avenir et aux enjeux des grandes des villes, Micro Mobility a anticip\u00e9 les tendances pour construire l\u2019avenir avec un seul objectif : faciliter et fluidifier la mobilit\u00e9\u0301 urbaine en offrant aux citadins la possibilit\u00e9 de se d\u00e9placer plus vite et plus loin avec un minimum de contraintes. C\u2019est l\u2019objectif de Micro, le seul inventeur de la trottinette moderne\u00a0!<\/p>\n<p>Pour conna\u00eetre l&rsquo;origine et l&rsquo;histoire du mot \u00ab\u00a0trottinette\u00a0\u00bb, consultez notre article : <a href=\"https:\/\/www.micro-mobility.fr\/blog\/comment-est-nee-la-trottinette\/\" target=\"_blank\" rel=\"nofollow noopener noreferrer\"><strong><em><span style=\"color: #0000ff;\">Comment est n\u00e9e la trottinette ?<\/span><\/em><\/strong><\/a><\/p>\n<p>Pour d\u00e9couvrir nos trottinettes, cliquez sur le lien juste ici : <a href=\"https:\/\/www.micro-mobility.fr\/\" target=\"_blank\" rel=\"nofollow noopener noreferrer\"><span style=\"color: #8004ba;\"><strong>www.micro-mobility.fr<\/strong><\/span><\/a><\/p>\n","protected":false},"excerpt":{"rendered":"<p>Devenu un v\u00e9ritable objet du quotidien, la trottinette r\u00e9volutionne nos d\u00e9placements et nos relations avec la mobilit\u00e9. Mais qui en est \u00e0 l&rsquo;origine ? Qui est son auteur et qu&rsquo;elle est son histoire ? Micro vous explique tout !<\/p>\n","protected":false},"author":6,"featured_media":60,"comment_status":"open","ping_status":"open","sticky":false,"template":"","format":"standard","meta":[],"categories":[6,7],"tags":[16,15,14,13],"aioseo_notices":[],"_links":{"self":[{"href":"https:\/\/www.micro-mobility.fr\/blog\/wp-json\/wp\/v2\/posts\/58"}],"collection":[{"href":"https:\/\/www.micro-mobility.fr\/blog\/wp-json\/wp\/v2\/posts"}],"about":[{"href":"https:\/\/www.micro-mobility.fr\/blog\/wp-json\/wp\/v2\/types\/post"}],"author":[{"embeddable":true,"href":"https:\/\/www.micro-mobility.fr\/blog\/wp-json\/wp\/v2\/users\/6"}],"replies":[{"embeddable":true,"href":"https:\/\/www.micro-mobility.fr\/blog\/wp-json\/wp\/v2\/comments?post=58"}],"version-history":[{"count":19,"href":"https:\/\/www.micro-mobility.fr\/blog\/wp-json\/wp\/v2\/posts\/58\/revisions"}],"predecessor-version":[{"id":3419,"href":"https:\/\/www.micro-mobility.fr\/blog\/wp-json\/wp\/v2\/posts\/58\/revisions\/3419"}],"wp:featuredmedia":[{"embeddable":true,"href":"https:\/\/www.micro-mobility.fr\/blog\/wp-json\/wp\/v2\/media\/60"}],"wp:attachment":[{"href":"https:\/\/www.micro-mobility.fr\/blog\/wp-json\/wp\/v2\/media?parent=58"}],"wp:term":[{"taxonomy":"category","embeddable":true,"href":"https:\/\/www.micro-mobility.fr\/blog\/wp-json\/wp\/v2\/categories?post=58"},{"taxonomy":"post_tag","embeddable":true,"href":"https:\/\/www.micro-mobility.fr\/blog\/wp-json\/wp\/v2\/tags?post=58"}],"curies":[{"name":"wp","href":"https:\/\/api.w.org\/{rel}","templated":true}]}}