{"id":71,"date":"2018-03-22T09:55:33","date_gmt":"2018-03-22T08:55:33","guid":{"rendered":"https:\/\/www.micro-mobility.fr\/blog\/?p=71"},"modified":"2020-10-12T16:48:22","modified_gmt":"2020-10-12T14:48:22","slug":"paques-2018-les-idees-micro","status":"publish","type":"post","link":"https:\/\/www.micro-mobility.fr\/blog\/paques-2018-les-idees-micro\/","title":{"rendered":"P\u00e2ques 2018, les id\u00e9es Micro !"},"content":{"rendered":"<h2>Le week-end de P\u00e2ques approche \u00e0 grands pas \u2026<\/h2>\n<p><span style=\"font-weight: 400;\">Et oui, P\u00e2ques approche \u00e0 grands pas ! Vos enfants sont probablement impatients de faire la traditionnelle chasse aux \u0153ufs et de partir \u00e0 la recherche des oeufs d\u00e9pos\u00e9s par les cloches. Cette ann\u00e9e, Micro vous lance un d\u00e9fi : pourquoi ne pas partir \u00e0 la chasse aux \u0153ufs \u00e0 trottinette ? <\/span><\/p>\n<p><img decoding=\"async\" loading=\"lazy\" class=\"alignnone wp-image-1145 size-full\" title=\"Image Trottinette Mini Micro Deluxe - P\u00e2ques \" src=\"https:\/\/www.micro-mobility.fr\/blog\/wp-content\/uploads\/2018\/03\/large-Mini-Micro-Deluxe-Pink.jpg\" alt=\"Image Trottinette Mini Micro Deluxe - P\u00e2ques \" width=\"1600\" height=\"1067\" srcset=\"https:\/\/www.micro-mobility.fr\/blog\/wp-content\/uploads\/2018\/03\/large-Mini-Micro-Deluxe-Pink.jpg 1600w, https:\/\/www.micro-mobility.fr\/blog\/wp-content\/uploads\/2018\/03\/large-Mini-Micro-Deluxe-Pink-300x200.jpg 300w, https:\/\/www.micro-mobility.fr\/blog\/wp-content\/uploads\/2018\/03\/large-Mini-Micro-Deluxe-Pink-1024x683.jpg 1024w, https:\/\/www.micro-mobility.fr\/blog\/wp-content\/uploads\/2018\/03\/large-Mini-Micro-Deluxe-Pink-768x512.jpg 768w, https:\/\/www.micro-mobility.fr\/blog\/wp-content\/uploads\/2018\/03\/large-Mini-Micro-Deluxe-Pink-1536x1024.jpg 1536w\" sizes=\"(max-width: 1600px) 100vw, 1600px\" \/><\/p>\n<h2>Quelques id\u00e9es de chasses aux \u0153ufs<\/h2>\n<p><span style=\"font-weight: 400;\">Si vous ne savez pas encore o\u00f9 organiser la chasse aux \u0153ufs pour vos enfants, de nombreux \u00e9v\u00e9nements sont organis\u00e9s dans diff\u00e9rentes villes. Nous vous donnons quelques id\u00e9es pour occuper vos enfants pour le week-end de P\u00e2ques. Voici un petit tour de France ! <\/span><\/p>\n<h3>Une chasse aux \u0153ufs \u00e0 Lyon, capitale de la gastronomie<\/h3>\n<p><span style=\"font-weight: 400;\">Pour les Lyonnais, un incroyable jeu de piste urbain et familiale est organis\u00e9 pour les enfants. Ce jeu de piste est organis\u00e9 autour d\u2019un personnage imaginaire : Jean-Michel Millefeuille, le c\u00e9l\u00e8bre chocolatier, a oubli\u00e9 la recette des \u0153ufs au chocolat de sa grand-m\u00e8re Ernestine. Vos enfants sont invit\u00e9s \u00e0 l&rsquo;aider \u00e0 retrouver les ingr\u00e9dients en r\u00e9solvant des \u00e9nigmes au sein de leur ville. Vous serez amen\u00e9 \u00e0 vous promener au Parc de la T\u00eate d&rsquo;Or, dans le Vieux-Lyon, au Domaine de Lacroix Laval, \u00e0 la Croix-Rousse ou dans le quartier d&rsquo;Ainay.<\/span><\/p>\n<p><span style=\"font-weight: 400;\">Quoi de mieux que d\u2019y aller avec votre trottinette Micro, pour aller encore plus vite et r\u00e9soudre l\u2019\u00e9nigme en premier ?<\/span><\/p>\n<h3><b>Une chasse aux \u0153ufs \u00e0 Paris avec vue imprenable<\/b><\/h3>\n<p><span style=\"font-weight: 400;\">De nombreuses chasses aux \u0153ufs sont organis\u00e9es dans Paris et sa banlieue. Si vous recherchez un endroit original pour divertir vos enfants, tout en profitant d\u2019une magnifique vue sur Paris, nous vous invitons \u00e0 faire P\u00e2ques sur le toit de la grande Arche \u00e0 La D\u00e9fense. <\/span><\/p>\n<p><span style=\"font-weight: 400;\">Votre apr\u00e8s-midi \u00e0 110 m\u00e8tres de hauteur avec vue sur Paris, sera ludique et originale, quoi de mieux pour plaire aux enfants ? Pour l\u2019occasion, la grande Arche se transforme en ferme g\u00e9ante. Les petits et les grands pourront nourrir des \u00e2nes, des chevreaux, des veaux, des lapins, des poussins\u2026 Pour mieux d\u00e9couvrir l\u2019univers de la ferme, des ateliers \u201cla laine dans tous ses \u00e9tats\u201d et \u2018lait au beurre\u201d sont propos\u00e9s. Et l&rsquo;\u00e9v\u00e9nement le plus attendu par vos enfants : une chasse aux \u0153ufs est organis\u00e9e ! Votre enfant devra trouver l\u2019\u0153uf dor\u00e9 pour gagner le gros lot ! <\/span><\/p>\n<h3><b>Une chasse aux \u0153ufs \u00e0 Marseille au soleil<\/b><\/h3>\n<p><span style=\"font-weight: 400;\">Si vous habitez Marseille, de nombreuses chasses aux \u0153ufs sont organis\u00e9es un peu partout dans Marseille et ses alentours. Nous vous donnons par exemple rendez-vous au centre de la Place Paul Ricard le lundi 2 avril \u00e0 14h pour r\u00e9cup\u00e9rer votre livret de jeux et participer \u00e0 la grande chasse aux \u0153ufs organis\u00e9e par citizenkids ! Cette chasse vous permettra de d\u00e9couvrir et red\u00e9couvrir le vieux Marseille en famille. <\/span><\/p>\n<h2>D&rsquo;autres id\u00e9es<\/h2>\n<p><span style=\"font-weight: 400;\">Il est difficile de faire le tour de la France : de nombreux sites r\u00e9pertorient les activit\u00e9s du week-end de P\u00e2ques\u2026 \u00e0 vous de trouver celle qui vous correspond le mieux pour passer un moment inoubliable en famille \u2026 et n\u2019oubliez pas les enfants : \u00e0 trottinette, on va beaucoup plus vite ! <\/span><\/p>\n<p><a href=\"https:\/\/www.citizenkid.com\/evenement\/chasse-aux-oeufs-de-paques-2018-lyon-a1058321\"><span style=\"font-weight: 400;\">ANIMATIONS \u00c0 LYON<\/span><\/a><\/p>\n<p><a href=\"https:\/\/www.parisinfo.com\/decouvrir-paris\/les-grands-rendez-vous\/paques-a-paris\/activites-pour-les-enfants\/chasses-aux-oeufs-et-animations-de-paques-a-paris-et-en-ile-de-france\"><span style=\"font-weight: 400;\">ANIMATIONS \u00c0 PARIS ET EN ILE DE FRANCE <\/span><\/a><\/p>\n<p><a href=\"https:\/\/www.vive-paques.com\/paques\/chasse-aux-oeufs-paques.htm\"><span style=\"font-weight: 400;\">ANIMATIONS EN FRANCE<\/span><\/a><\/p>\n<p>Nous vous avons pr\u00e9par\u00e9 un <strong>coloriage Micro<\/strong> \u00e0 l&rsquo;occasion de P\u00e2ques, t\u00e9l\u00e9chargez le en cliquant <a href=\"https:\/\/www.micro-mobility.fr\/blog\/wp-content\/uploads\/2018\/03\/Coloriage-Micro.pdf\">ici<\/a>.<\/p>\n<p><span style=\"font-weight: 400;\">N\u2019h\u00e9sitez pas \u00e0 partager vos chasses aux \u0153ufs avec vos enfants et leurs trottinettes Micro sur notre Instagram <a href=\"https:\/\/www.instagram.com\/micromobilityfrance\/?hl=fr\" target=\"_blank\" rel=\"nofollow noopener noreferrer\"><span style=\"color: #ff00ff;\"><em><strong>@micromobilityfrance<\/strong><\/em><\/span><\/a><\/span><\/p>\n<p>&nbsp;<\/p>\n","protected":false},"excerpt":{"rendered":"<p>Le week-end de P\u00e2ques approche \u00e0 grands pas&#8230; Micro vous donne quelques id\u00e9es d&rsquo;activit\u00e9s pour profiter en famille ou entre amis pendant ces quelques jours de repos au soleil ! Alors qu&rsquo;attendez-vous ? <\/p>\n","protected":false},"author":6,"featured_media":89,"comment_status":"closed","ping_status":"open","sticky":false,"template":"","format":"standard","meta":[],"categories":[6,7],"tags":[18,21,19,17,9,20],"aioseo_notices":[],"_links":{"self":[{"href":"https:\/\/www.micro-mobility.fr\/blog\/wp-json\/wp\/v2\/posts\/71"}],"collection":[{"href":"https:\/\/www.micro-mobility.fr\/blog\/wp-json\/wp\/v2\/posts"}],"about":[{"href":"https:\/\/www.micro-mobility.fr\/blog\/wp-json\/wp\/v2\/types\/post"}],"author":[{"embeddable":true,"href":"https:\/\/www.micro-mobility.fr\/blog\/wp-json\/wp\/v2\/users\/6"}],"replies":[{"embeddable":true,"href":"https:\/\/www.micro-mobility.fr\/blog\/wp-json\/wp\/v2\/comments?post=71"}],"version-history":[{"count":17,"href":"https:\/\/www.micro-mobility.fr\/blog\/wp-json\/wp\/v2\/posts\/71\/revisions"}],"predecessor-version":[{"id":1146,"href":"https:\/\/www.micro-mobility.fr\/blog\/wp-json\/wp\/v2\/posts\/71\/revisions\/1146"}],"wp:featuredmedia":[{"embeddable":true,"href":"https:\/\/www.micro-mobility.fr\/blog\/wp-json\/wp\/v2\/media\/89"}],"wp:attachment":[{"href":"https:\/\/www.micro-mobility.fr\/blog\/wp-json\/wp\/v2\/media?parent=71"}],"wp:term":[{"taxonomy":"category","embeddable":true,"href":"https:\/\/www.micro-mobility.fr\/blog\/wp-json\/wp\/v2\/categories?post=71"},{"taxonomy":"post_tag","embeddable":true,"href":"https:\/\/www.micro-mobility.fr\/blog\/wp-json\/wp\/v2\/tags?post=71"}],"curies":[{"name":"wp","href":"https:\/\/api.w.org\/{rel}","templated":true}]}}