{"id":753,"date":"2020-05-15T17:56:21","date_gmt":"2020-05-15T15:56:21","guid":{"rendered":"https:\/\/www.micro-mobility.fr\/blog\/?p=753"},"modified":"2020-09-15T12:28:22","modified_gmt":"2020-09-15T10:28:22","slug":"avantages-duvelo-aassistanceelectrique","status":"publish","type":"post","link":"https:\/\/www.micro-mobility.fr\/blog\/avantages-duvelo-aassistanceelectrique\/","title":{"rendered":"Les avantages du v\u00e9lo \u00e0 assistance \u00e9lectrique"},"content":{"rendered":"<p>Vous souhaitez gagner du temps\u00a0? Et si vous vous mettiez au v\u00e9lo \u00e9lectrique\u00a0? En 2020, Micro lance son premier v\u00e9lo \u00e9lectrique pliant, le <a href=\"https:\/\/www.micro-mobility.fr\/367-velo-electrique\">Micro E-BIKE 16.<\/a> On vous en dit plus sur les V\u00e9los \u00e0 Assistances \u00c9lectriques (VAE) et ses avantages .<\/p>\n<h2>Qu\u2019est- ce qu\u2019un v\u00e9lo \u00e0 assistance \u00e9lectrique\u00a0?<\/h2>\n<p>Un v\u00e9lo \u00e0 assistance \u00e9lectrique (VAE) est un v\u00e9lo sur lequel il faut bien entendu p\u00e9daler\u00a0! L\u2019assistance \u00e9lectrique accompagne le p\u00e9dalage et donne de la puissance \u00e0 l\u2019utilisateur afin de limiter les efforts. Le <a href=\"https:\/\/www.micro-mobility.fr\/367-velo-electrique\">Micro E-BIKE 16<\/a> a une vitesse maximale de 20km\/h. Il peut s\u2019utiliser comme un v\u00e9lo normal si vous n\u2019avez plus de batterie.<br \/>\nS&rsquo;adaptant \u00e0 diff\u00e9rents terrains, le VAE est tr\u00e8s appr\u00e9ci\u00e9 comme outil de transport quotidien. Il offre donc de tr\u00e8s nombreux avantages aux citadins qui souhaitent privil\u00e9gier un mode de vie plus green et plus \u00e9cologique.<\/p>\n<figure id=\"attachment_764\" aria-describedby=\"caption-attachment-764\" style=\"width: 225px\" class=\"wp-caption alignleft\"><a href=\"https:\/\/www.micro-mobility.fr\/1453-velo-electrique-micro-e-bike-16.html\" target=\"_blank\" rel=\"noopener noreferrer\"><img decoding=\"async\" loading=\"lazy\" class=\"V\u00e9lo \u00e9lectrique Micro E-Bike 16 wp-image-764 size-medium\" title=\"V\u00e9lo \u00e9lectrique Micro E-Bike 16\" src=\"https:\/\/www.micro-mobility.fr\/blog\/wp-content\/uploads\/2020\/05\/E-bike_2-225x300.jpg\" alt=\"V\u00e9lo \u00e0 assistance \u00e9lectrique Micro\" width=\"225\" height=\"300\" srcset=\"https:\/\/www.micro-mobility.fr\/blog\/wp-content\/uploads\/2020\/05\/E-bike_2-225x300.jpg 225w, https:\/\/www.micro-mobility.fr\/blog\/wp-content\/uploads\/2020\/05\/E-bike_2-768x1024.jpg 768w\" sizes=\"(max-width: 225px) 100vw, 225px\" \/><\/a><figcaption id=\"caption-attachment-764\" class=\"wp-caption-text\"><a href=\"https:\/\/www.micro-mobility.fr\/1453-velo-electrique-micro-e-bike-16.html\" target=\"_blank\" rel=\"noopener noreferrer\">V\u00e9lo pliant \u00e0 assistance \u00e9lectrique Micro E-bike 16<\/a><\/figcaption><\/figure>\n<p>&nbsp;<\/p>\n<h2><\/h2>\n<h2><\/h2>\n<h2><\/h2>\n<h2><\/h2>\n<h2><\/h2>\n<p>&nbsp;<\/p>\n<p>&nbsp;<\/p>\n<figure id=\"attachment_775\" aria-describedby=\"caption-attachment-775\" style=\"width: 241px\" class=\"wp-caption alignnone\"><a href=\"https:\/\/www.micro-mobility.fr\/blog\/wp-content\/uploads\/2020\/05\/ficheprduit-veloelectrique-01-A4.pdf\" target=\"_blank\" rel=\"noopener noreferrer\"><img decoding=\"async\" loading=\"lazy\" class=\"wp-image-775 size-medium\" src=\"https:\/\/www.micro-mobility.fr\/blog\/wp-content\/uploads\/2020\/05\/png-Micro-E-Bike-16\u201c-3-241x300.png\" alt=\"Avantages V\u00e9lo pliant \u00e9lectrique\" width=\"241\" height=\"300\" srcset=\"https:\/\/www.micro-mobility.fr\/blog\/wp-content\/uploads\/2020\/05\/png-Micro-E-Bike-16\u201c-3-241x300.png 241w, https:\/\/www.micro-mobility.fr\/blog\/wp-content\/uploads\/2020\/05\/png-Micro-E-Bike-16\u201c-3-768x956.png 768w, https:\/\/www.micro-mobility.fr\/blog\/wp-content\/uploads\/2020\/05\/png-Micro-E-Bike-16\u201c-3-823x1024.png 823w\" sizes=\"(max-width: 241px) 100vw, 241px\" \/><\/a><figcaption id=\"caption-attachment-775\" class=\"wp-caption-text\"><a href=\"https:\/\/www.micro-mobility.fr\/blog\/wp-content\/uploads\/2020\/05\/ficheprduit-veloelectrique-01-A4.pdf\" target=\"_blank\" rel=\"nofollow noopener noreferrer\">T\u00e9l\u00e9charger la fiche produit du V\u00e9lo Micro E-BIKE 16<\/a><\/figcaption><\/figure>\n<h2><\/h2>\n<h2>Compacit\u00e9 et praticit\u00e9<\/h2>\n<p>Le v\u00e9lo \u00e0 assistance \u00e9lectrique pliant de Micro a un encombrement minimum : il est adapt\u00e9 \u00e0 la ville mais aussi aux petits espaces. Le v\u00e9lo \u00e9lectrique <a href=\"https:\/\/www.micro-mobility.fr\/367-velo-electrique\">Micro E-BIKE 16<\/a> se plie en dix secondes. Sa compacit\u00e9 et son faible encombrement vous permettront de le ranger facilement partout m\u00eame dans un placard de votre appartement.<\/p>\n<p>Si vous combinez voiture et v\u00e9lo lors de vos trajets quotidiens, vous pourrez facilement l\u2019installer dans le coffre de votre voiture. Une fois pli\u00e9, le <a href=\"https:\/\/www.micro-mobility.fr\/367-velo-electrique\">Micro E-BIKE 16<\/a> se porte facilement.<\/p>\n<p>De plus ses dimensions r\u00e9duites vous permettront de l\u2019emmener dans le train, m\u00e9tro ou le bus. Une fois arriv\u00e9 sur votre lieu de travail, vous pourrez le ranger facilement sous votre bureau.<\/p>\n<h2>Robustesse, l\u00e9g\u00e8ret\u00e9 et confort maximum<\/h2>\n<p>Le <a href=\"https:\/\/www.micro-mobility.fr\/367-velo-electrique\">V\u00e9lo Micro E-BIKE 16<\/a> \u00e0 assistance \u00e9lectrique est aussi tr\u00e8s l\u00e9ger (14,5 kg), ce qui est un r\u00e9el avantage. Le cadre, la fourche, le guidon, le d\u00e9railleur, le tube de selle ainsi que les freins sont 100% aluminium. Mais le confort n\u2019est pas n\u00e9glig\u00e9 : sa selle et son guidon sont ajustables en hauteur. Ils s\u2019adaptent \u00e0 tous les citadins.<\/p>\n<h2>Performance et puissance<\/h2>\n<p>Le v\u00e9lo \u00e9lectrique urbain <a href=\"https:\/\/www.micro-mobility.fr\/367-velo-electrique\">Micro E-BIKE 16<\/a> offre un syst\u00e8me d\u2019assistance souple et progressif tout en restant puissant. Il vous permettra de franchir les mont\u00e9es du quotidien sans aucune difficult\u00e9. Le<a href=\"https:\/\/www.micro-mobility.fr\/367-velo-electrique\"> v\u00e9lo Micro E-BIKE 16\u00a0<\/a>\u00a0 est \u00e9quip\u00e9 d\u2019un moteur brushless de 24V-250W localis\u00e9 dans le c\u0153ur de la roue arri\u00e8re pour une meilleure maniabilit\u00e9 de la direction. Le syst\u00e8me de transmission est dot\u00e9 de 6 vitesses par poign\u00e9e tournante Shimano, ainsi que d\u2019un d\u00e9railleur 6 vitesses Shimano. (Plateau 48 dents). Ces petites roues (16 pouces) sont r\u00e9sistantes et l\u00e9g\u00e8res et rendent ce v\u00e9lo tr\u00e8s maniable dans les environnements citadins.<\/p>\n<h2>Avantages de la batterie amovible<\/h2>\n<p>Le v\u00e9lo Micro E-BIKE 16 a une batterie lithium amovible et aimant\u00e9e sur le guidon. Capacit\u00e9 : 21,6 V \/ 4 Ah. Le temps de charge est de 3h sur secteur (220 V). Le niveau de la batterie est indiqu\u00e9e par 5 LED.<br \/>\nVous pourrez le charger partout. La batterie vous servira aussi de power bank pour recharger votre smartphone.<\/p>\n<h2>S\u2019\u00e9quiper d\u2019un v\u00e9lo pliant \u00e0 assistance \u00e9lectrique<\/h2>\n<p>Les v\u00e9los pliants \u00e0 assistance \u00e9lectrique se d\u00e9mocratisent. De plus dans le cadre du plan v\u00e9lo lanc\u00e9 par le gouvernement, les grandes agglom\u00e9rations vont cr\u00e9er de tr\u00e8s nombreuses pistes cyclables. Les pouvoirs publics soutiennent le d\u00e9veloppement de ce nouveau mode de d\u00e9placement et facilitent l\u2019acc\u00e8s \u00e0 tous.<\/p>\n<p>Le bonus \u00e9cologique est une aide financi\u00e8re vers\u00e9e pour l&rsquo;achat d&rsquo;un v\u00e9lo \u00e0 assistance \u00e9lectrique. Elle varie en fonction des collectivit\u00e9s territoriales et des villes.<\/p>\n<figure id=\"attachment_763\" aria-describedby=\"caption-attachment-763\" style=\"width: 318px\" class=\"wp-caption alignnone\"><a href=\"https:\/\/www.micro-mobility.fr\/blog\/wp-content\/uploads\/2020\/05\/Subventions-VAE-France-2.pdf\"><img decoding=\"async\" loading=\"lazy\" class=\"wp-image-763\" src=\"https:\/\/www.micro-mobility.fr\/blog\/wp-content\/uploads\/2020\/05\/Bonus-e\u0301cologique-ve\u0301lo-300x154.jpg\" alt=\"Bonus \u00e9cologique\" width=\"318\" height=\"163\" srcset=\"https:\/\/www.micro-mobility.fr\/blog\/wp-content\/uploads\/2020\/05\/Bonus-e\u0301cologique-ve\u0301lo-300x154.jpg 300w, https:\/\/www.micro-mobility.fr\/blog\/wp-content\/uploads\/2020\/05\/Bonus-e\u0301cologique-ve\u0301lo.jpg 320w\" sizes=\"(max-width: 318px) 100vw, 318px\" \/><\/a><figcaption id=\"caption-attachment-763\" class=\"wp-caption-text\"><a href=\"https:\/\/www.micro-mobility.fr\/blog\/wp-content\/uploads\/2020\/05\/Subventions-VAE-France-2.pdf\" target=\"_blank\" rel=\"nofollow noopener noreferrer\">Les bonus \u00e9cologiques en fonction des d\u00e9partements.<\/a><\/figcaption><\/figure>\n<p>&nbsp;<\/p>\n<p>Vous \u00eates convaincus ?<\/p>\n<p>Retrouvez tous <a href=\"https:\/\/www.micro-mobility.fr\/292-tous-les-accessoires\" target=\"_blank\" rel=\"noopener noreferrer\">nos accessoires pour le V\u00e9lo \u00e0 Assistance \u00c9lectrique pliant Micro (Micro E-Bike 16)\u00a0<\/a> sur notre boutique en ligne !<\/p>\n<p>D\u00e9couvrez \u00e9galement toute notre gamme de <a href=\"https:\/\/www.micro-mobility.fr\/118-trottinettes-electriques\" target=\"_blank\" rel=\"nofollow noopener noreferrer\">trottinettes \u00e9lectriques<\/a> !<\/p>\n<p>&nbsp;<\/p>\n<p>Un doute, une question ? Contactez-nous : <strong><a class=\"base-blue-text\" href=\"mailto:sav@micro-mobility.fr\">contact@micro-mobility.fr<\/a>\u00a0<\/strong><\/p>\n<p>&nbsp;<\/p>\n<p>&nbsp;<\/p>\n<p>&nbsp;<\/p>\n","protected":false},"excerpt":{"rendered":"<p>Vous souhaitez un v\u00e9lo \u00e0 assistance \u00e9lectrique pour vous rendre au travail, vous avez envie de combiner plusieurs moyens de transports (voiture, m\u00e9tro, v\u00e9lo) tout en pratiquant une activit\u00e9 physique, le v\u00e9lo Micro E-Bike 16 est fait pour vous ! <\/p>\n","protected":false},"author":6,"featured_media":767,"comment_status":"closed","ping_status":"open","sticky":false,"template":"","format":"standard","meta":[],"categories":[1,6,8],"tags":[129,128,127],"aioseo_notices":[],"_links":{"self":[{"href":"https:\/\/www.micro-mobility.fr\/blog\/wp-json\/wp\/v2\/posts\/753"}],"collection":[{"href":"https:\/\/www.micro-mobility.fr\/blog\/wp-json\/wp\/v2\/posts"}],"about":[{"href":"https:\/\/www.micro-mobility.fr\/blog\/wp-json\/wp\/v2\/types\/post"}],"author":[{"embeddable":true,"href":"https:\/\/www.micro-mobility.fr\/blog\/wp-json\/wp\/v2\/users\/6"}],"replies":[{"embeddable":true,"href":"https:\/\/www.micro-mobility.fr\/blog\/wp-json\/wp\/v2\/comments?post=753"}],"version-history":[{"count":24,"href":"https:\/\/www.micro-mobility.fr\/blog\/wp-json\/wp\/v2\/posts\/753\/revisions"}],"predecessor-version":[{"id":928,"href":"https:\/\/www.micro-mobility.fr\/blog\/wp-json\/wp\/v2\/posts\/753\/revisions\/928"}],"wp:featuredmedia":[{"embeddable":true,"href":"https:\/\/www.micro-mobility.fr\/blog\/wp-json\/wp\/v2\/media\/767"}],"wp:attachment":[{"href":"https:\/\/www.micro-mobility.fr\/blog\/wp-json\/wp\/v2\/media?parent=753"}],"wp:term":[{"taxonomy":"category","embeddable":true,"href":"https:\/\/www.micro-mobility.fr\/blog\/wp-json\/wp\/v2\/categories?post=753"},{"taxonomy":"post_tag","embeddable":true,"href":"https:\/\/www.micro-mobility.fr\/blog\/wp-json\/wp\/v2\/tags?post=753"}],"curies":[{"name":"wp","href":"https:\/\/api.w.org\/{rel}","templated":true}]}}