{"id":910,"date":"2020-09-11T14:44:19","date_gmt":"2020-09-11T12:44:19","guid":{"rendered":"https:\/\/www.micro-mobility.fr\/blog\/?p=910"},"modified":"2021-05-26T09:35:17","modified_gmt":"2021-05-26T07:35:17","slug":"semaine-de-la-mobilite-du-16-au-22-septembre-2020","status":"publish","type":"post","link":"https:\/\/www.micro-mobility.fr\/blog\/semaine-de-la-mobilite-du-16-au-22-septembre-2020\/","title":{"rendered":"Semaine de la mobilit\u00e9 &#8211; Du 16 au 22 septembre 2020"},"content":{"rendered":"<p><img decoding=\"async\" loading=\"lazy\" class=\"aligncenter wp-image-925\" title=\"Challenge Mobilit\u00e9 Septembre 2020 Rh\u00f4ne-Alpes\" src=\"https:\/\/www.micro-mobility.fr\/blog\/wp-content\/uploads\/2020\/09\/autravail-1.png\" alt=\"Challenge Mobilit\u00e9 Septembre 2020 Rh\u00f4ne-Alpes\" width=\"496\" height=\"228\" srcset=\"https:\/\/www.micro-mobility.fr\/blog\/wp-content\/uploads\/2020\/09\/autravail-1.png 893w, https:\/\/www.micro-mobility.fr\/blog\/wp-content\/uploads\/2020\/09\/autravail-1-300x138.png 300w, https:\/\/www.micro-mobility.fr\/blog\/wp-content\/uploads\/2020\/09\/autravail-1-768x353.png 768w\" sizes=\"(max-width: 496px) 100vw, 496px\" \/><\/p>\n<p>&nbsp;<\/p>\n<h2>La semaine de la mobilit\u00e9, c&rsquo;est quoi ?<\/h2>\n<p>&nbsp;<\/p>\n<p><img decoding=\"async\" loading=\"lazy\" class=\"alignleft wp-image-934\" title=\"10\u00e8me \u00e9dition du Challenge Mobilit\u00e9 en Rh\u00f4ne-Alpes\" src=\"https:\/\/www.micro-mobility.fr\/blog\/wp-content\/uploads\/2020\/09\/visuel-2020-1.png\" alt=\"La semaine de la mobilit\u00e9 \u00e0 10ans en Auvergne Rh\u00f4ne-Alpes \" width=\"366\" height=\"243\" srcset=\"https:\/\/www.micro-mobility.fr\/blog\/wp-content\/uploads\/2020\/09\/visuel-2020-1.png 1214w, https:\/\/www.micro-mobility.fr\/blog\/wp-content\/uploads\/2020\/09\/visuel-2020-1-300x199.png 300w, https:\/\/www.micro-mobility.fr\/blog\/wp-content\/uploads\/2020\/09\/visuel-2020-1-1024x680.png 1024w, https:\/\/www.micro-mobility.fr\/blog\/wp-content\/uploads\/2020\/09\/visuel-2020-1-768x510.png 768w\" sizes=\"(max-width: 366px) 100vw, 366px\" \/><\/p>\n<p>\u00c0 l&rsquo;occasion de la 10\u00e8me \u00e9dition du Challenge Mobilit\u00e9, l\u2019Auvergne-Rh\u00f4ne-Alpes se mobilise du 16 au 22 septembre 2020 pour sensibiliser et adopter un raisonnement citoyen\u00a0 et \u00e9cologique en encourageant le transport automobile doux et alternatif (comme le v\u00e9lo, le covoiturage ou les transports en commun).<\/p>\n<p>Comme chaque ann\u00e9e, un th\u00e8me est impos\u00e9 pour les 12 d\u00e9partements de la R\u00e9gion. Cette ann\u00e9e le d\u00e9fi est organis\u00e9 sur le th\u00e8me<span style=\"color: #99cc00;\"><strong><span style=\"color: #339966;\"> \u201c Zero-emission mobility for all\u201d<\/span> <\/strong><\/span>(<span style=\"color: #333333;\">Mobilit\u00e9 z\u00e9ro \u00e9mission pour tous<\/span>) pour marquer les esprits et inciter aux changements de comportements afin de promouvoir la transformation \u00e9nerg\u00e9tique et \u00e9cologique.<\/p>\n<p>Face \u00e0 ces constats, le Challenge Mobilit\u00e9 se positionne comme un r\u00e9el outil de sensibilisation et d&rsquo;optimisation la mobilit\u00e9 telle que dans les entreprises,les \u00e9tablissements publics ou encore les associations&#8230; Le Challenge Mobilit\u00e9 donne donc\u00a0 l\u2019opportunit\u00e9 aux petits comme aux grands, d\u2019\u00eatre acteur de ce changement afin d\u2019am\u00e9liorer notre confort environnemental en repensant nos pratiques de d\u00e9placements.<\/p>\n<p>&nbsp;<\/p>\n<h2>Les chiffres cl\u00e9s en 2019<\/h2>\n<p>En 2019, la semaine europ\u00e9enne de la mobilit\u00e9 a comptabilis\u00e9 au niveau national, 2109 \u00e9tablissements soit 620 \u00e9tablissements de plus que l&rsquo;ann\u00e9e pr\u00e9c\u00e9dente, parcourant ainsi 960 000 kilom\u00e8tres avec un autre mode de transport que la voiture priv\u00e9e.<\/p>\n<p>Sur la m\u00eame ann\u00e9e, l&rsquo;Auvergne Rh\u00f4ne-Alpes a d\u00e9nombr\u00e9 pas moins <span style=\"color: #339966;\"><strong>71% de participation<\/strong><\/span> dans la r\u00e9gion et plus de :<\/p>\n<p><img decoding=\"async\" loading=\"lazy\" class=\"alignleft wp-image-926\" title=\"Logo de la R\u00e9gion Rh\u00f4ne-Alpes\" src=\"https:\/\/www.micro-mobility.fr\/blog\/wp-content\/uploads\/2020\/09\/logo-partenaire-2017-rvb-pastille-bleue-png.png\" alt=\"Logo de la R\u00e9gion Rh\u00f4ne-Alpes\" width=\"209\" height=\"104\" srcset=\"https:\/\/www.micro-mobility.fr\/blog\/wp-content\/uploads\/2020\/09\/logo-partenaire-2017-rvb-pastille-bleue-png.png 600w, https:\/\/www.micro-mobility.fr\/blog\/wp-content\/uploads\/2020\/09\/logo-partenaire-2017-rvb-pastille-bleue-png-300x150.png 300w\" sizes=\"(max-width: 209px) 100vw, 209px\" \/><\/p>\n<ul>\n<li>330 \u00e9tablissements de plus de 200 salari\u00e9s<\/li>\n<li>1200 entreprises priv\u00e9es<\/li>\n<li>Environ 300 collectivit\u00e9s<\/li>\n<li>350 \u00e9tablissements publics<\/li>\n<li>180 associations<\/li>\n<li>Une cinquantaine d&rsquo;\u00e9tablissements de l&rsquo;enseignement ou scolaires<\/li>\n<\/ul>\n<p>Pour retrouver l&rsquo;int\u00e9gralit\u00e9 des r\u00e9sultats du Challenge Mobilit\u00e9 en Auvergne Rh\u00f4ne-Alpes en 2019, <span style=\"color: #0096de;\"><strong><a style=\"color: #0096de;\" href=\"https:\/\/challengemobilite.auvergnerhonealpes.fr\/page\/resultats-editions-precedentes.html\" target=\"_blank\" rel=\"noopener noreferrer\">cliquez-ici<\/a> <\/strong><\/span><\/p>\n<p>Et pour d\u00e9couvrir les r\u00e9sultats de l&rsquo;enqu\u00eate de satisfaction aupr\u00e8s de salari\u00e9s,<strong><span style=\"color: #0096de;\"> <a style=\"color: #0096de;\" href=\"https:\/\/challengemobilite.auvergnerhonealpes.fr\/public\/outils\/enquete_participants.pdf\" target=\"_blank\" rel=\"noopener noreferrer\">c&rsquo;est ici !<\/a><\/span><\/strong><\/p>\n<p><em>(\u00c9tude r\u00e9alis\u00e9e par le site de la R\u00e9gion Auvergne Rh\u00f4ne-Alpes)<\/em><\/p>\n<p>&nbsp;<\/p>\n<h2>Les perspectives pour 2020<\/h2>\n<p>Cette ann\u00e9e, pour la semaine de la mobilit\u00e9 en Auvergne Rh\u00f4ne-Alpes, ce sont plus de 1933 \u00e9tablissements recens\u00e9s pour cet \u00e9v\u00e8nement annuel, ce qui \u00e9quivaut \u00e0 plus de 876293km (21.9 fois le tour du monde) en transports alternatifs et 8338 heures de bouchons \u00e9vit\u00e9s.<\/p>\n<p>Malgr\u00e9 le contexte actuel et les diff\u00e9rentes conditions climatiques, sociales et sanitaires dans le monde, nous pouvons tous agir pour promouvoir un environnement urbain neutre en carbone.<\/p>\n<p>Voici la carte recensant tous les \u00e9tablissements participants \u00e0 la semaine de la mobilit\u00e9 2020 en Auvergne Rh\u00f4ne-Alpes !<\/p>\n<p><a href=\"https:\/\/challengemobilite.auvergnerhonealpes.fr\/carte\/\" target=\"_blank\" rel=\"noopener noreferrer\"><span style=\"color: #3366ff;\"><strong><span style=\"color: #33cccc;\"><span style=\"color: #3366ff;\">Cliquez sur la carte pour trouver votre ville !<\/span><\/span><\/strong><\/span><\/a><\/p>\n<p>&nbsp;<\/p>\n<p><a href=\"https:\/\/challengemobilite.auvergnerhonealpes.fr\/carte\/\" target=\"_blank\" rel=\"noopener noreferrer\"><img decoding=\"async\" loading=\"lazy\" class=\"alignleft wp-image-939\" title=\"Carte interactive Semaine de la Mobilit\u00e9 2020 en Rh\u00f4ne-Alpes\" src=\"https:\/\/www.micro-mobility.fr\/blog\/wp-content\/uploads\/2020\/09\/carte-interactive-SEM.jpg\" alt=\"Carte interactive Semaine de la Mobilit\u00e9 2020 en Rh\u00f4ne-Alpes\" width=\"994\" height=\"559\" srcset=\"https:\/\/www.micro-mobility.fr\/blog\/wp-content\/uploads\/2020\/09\/carte-interactive-SEM.jpg 1920w, https:\/\/www.micro-mobility.fr\/blog\/wp-content\/uploads\/2020\/09\/carte-interactive-SEM-300x169.jpg 300w, https:\/\/www.micro-mobility.fr\/blog\/wp-content\/uploads\/2020\/09\/carte-interactive-SEM-1024x576.jpg 1024w, https:\/\/www.micro-mobility.fr\/blog\/wp-content\/uploads\/2020\/09\/carte-interactive-SEM-768x432.jpg 768w, https:\/\/www.micro-mobility.fr\/blog\/wp-content\/uploads\/2020\/09\/carte-interactive-SEM-1536x864.jpg 1536w\" sizes=\"(max-width: 994px) 100vw, 994px\" \/><\/a><\/p>\n<p>&nbsp;<\/p>\n<h2><\/h2>\n<h2><\/h2>\n<h2><\/h2>\n<h2><\/h2>\n<h2><\/h2>\n<h2><\/h2>\n<h2><\/h2>\n<h2><\/h2>\n<h2><\/h2>\n<h2><\/h2>\n<h2>Micro et la mobilit\u00e9<\/h2>\n<p>&nbsp;<\/p>\n<p><img decoding=\"async\" loading=\"lazy\" class=\"alignleft wp-image-973\" title=\"Micro-Mobility- Better Urban Lifestyle\" src=\"https:\/\/www.micro-mobility.fr\/blog\/wp-content\/uploads\/2020\/09\/large-Micro-Logo-Claim-Black.jpg\" alt=\"Micro-Mobility- Better Urban Lifestyle \" width=\"341\" height=\"133\" srcset=\"https:\/\/www.micro-mobility.fr\/blog\/wp-content\/uploads\/2020\/09\/large-Micro-Logo-Claim-Black.jpg 1600w, https:\/\/www.micro-mobility.fr\/blog\/wp-content\/uploads\/2020\/09\/large-Micro-Logo-Claim-Black-300x117.jpg 300w, https:\/\/www.micro-mobility.fr\/blog\/wp-content\/uploads\/2020\/09\/large-Micro-Logo-Claim-Black-1024x400.jpg 1024w, https:\/\/www.micro-mobility.fr\/blog\/wp-content\/uploads\/2020\/09\/large-Micro-Logo-Claim-Black-768x300.jpg 768w, https:\/\/www.micro-mobility.fr\/blog\/wp-content\/uploads\/2020\/09\/large-Micro-Logo-Claim-Black-1536x600.jpg 1536w\" sizes=\"(max-width: 341px) 100vw, 341px\" \/><\/p>\n<p>Engag\u00e9 depuis le d\u00e9but de sa cr\u00e9ation dans une d\u00e9marche de mobilit\u00e9 urbaine durable, Micro-Mobility souhaite faire perdurer cet engagement en cr\u00e9ant des produits innovants et de haute qualit\u00e9 pour toute la famille, afin de faciliter le quotidien des utilisateurs. Depuis le lancement de la premi\u00e8re trottinette moderne du march\u00e9 il y a maintenant 22 ans, Micro n&rsquo;a cess\u00e9 de construire son succ\u00e8s sur la nouveaut\u00e9 et l&rsquo;innovation.<\/p>\n<p>Aujourd&rsquo;hui, Micro-Mobility s&rsquo;impose comme un acteur majeur dans la recherche et l&rsquo;implantation de solutions pour r\u00e9volutionner le quotidien des citadins.<\/p>\n<p>Notre objectif est de sensibiliser les citadins aux nombreux avantages que peuvent apporter les solutions de transport alternatives, dont les trottinettes bien s\u00fbr !<\/p>\n<p>Cette ann\u00e9e, Micro vous montre quelle trottinette choisir pour que vous puissiez vous d\u00e9placer rapidement et facilement tout en donnant un coup de pouce \u00e0 l&rsquo;environnement !<\/p>\n<p>&nbsp;<\/p>\n<h3>Les trottinettes m\u00e9caniques<\/h3>\n<p>&nbsp;<\/p>\n<ul>\n<li>\n<h4>La Micro Flex<\/h4>\n<\/li>\n<\/ul>\n<p><img decoding=\"async\" loading=\"lazy\" class=\"alignleft wp-image-946\" title=\"Trottinette m\u00e9canique Micro Flex \" src=\"https:\/\/www.micro-mobility.fr\/blog\/wp-content\/uploads\/2020\/09\/png-Micro-Flex-Silver-e1600438425706.png\" alt=\"Trottinette m\u00e9canique Micro Flex \" width=\"151\" height=\"240\" srcset=\"https:\/\/www.micro-mobility.fr\/blog\/wp-content\/uploads\/2020\/09\/png-Micro-Flex-Silver-e1600438425706.png 3088w, https:\/\/www.micro-mobility.fr\/blog\/wp-content\/uploads\/2020\/09\/png-Micro-Flex-Silver-e1600438425706-189x300.png 189w, https:\/\/www.micro-mobility.fr\/blog\/wp-content\/uploads\/2020\/09\/png-Micro-Flex-Silver-e1600438425706-643x1024.png 643w, https:\/\/www.micro-mobility.fr\/blog\/wp-content\/uploads\/2020\/09\/png-Micro-Flex-Silver-e1600438425706-768x1222.png 768w, https:\/\/www.micro-mobility.fr\/blog\/wp-content\/uploads\/2020\/09\/png-Micro-Flex-Silver-e1600438425706-965x1536.png 965w, https:\/\/www.micro-mobility.fr\/blog\/wp-content\/uploads\/2020\/09\/png-Micro-Flex-Silver-e1600438425706-1287x2048.png 1287w\" sizes=\"(max-width: 151px) 100vw, 151px\" \/><\/p>\n<p>&nbsp;<\/p>\n<p>Si vous effectuez des d\u00e9placements urbains multimodaux, <span style=\"color: #339966;\"><strong>la Micro Flex<\/strong><\/span> est faite pour vous !<\/p>\n<p>Pliable, compacte et tr\u00e8s l\u00e9g\u00e8re la Micro Flex 145 mm se transporte facilement.<\/p>\n<p>De plus en ajoutant une lani\u00e8re de transport, vous pourrez porter sans aucune difficult\u00e9 cette trottinette adulte \u00e0 l\u2019\u00e9paule.<\/p>\n<p>&nbsp;<\/p>\n<p>&nbsp;<\/p>\n<p>&nbsp;<\/p>\n<p>&nbsp;<\/p>\n<p><img decoding=\"async\" loading=\"lazy\" class=\"alignleft wp-image-943\" title=\"Image de d\u00e9monstration trottinette m\u00e9canique Micro Flex \" src=\"https:\/\/www.micro-mobility.fr\/blog\/wp-content\/uploads\/2020\/09\/large-Micro-Flex-Silver.jpg\" alt=\"Image de d\u00e9monstration trottinette m\u00e9canique Micro Flex \" width=\"395\" height=\"263\" srcset=\"https:\/\/www.micro-mobility.fr\/blog\/wp-content\/uploads\/2020\/09\/large-Micro-Flex-Silver.jpg 1600w, https:\/\/www.micro-mobility.fr\/blog\/wp-content\/uploads\/2020\/09\/large-Micro-Flex-Silver-300x200.jpg 300w, https:\/\/www.micro-mobility.fr\/blog\/wp-content\/uploads\/2020\/09\/large-Micro-Flex-Silver-1024x684.jpg 1024w, https:\/\/www.micro-mobility.fr\/blog\/wp-content\/uploads\/2020\/09\/large-Micro-Flex-Silver-768x513.jpg 768w, https:\/\/www.micro-mobility.fr\/blog\/wp-content\/uploads\/2020\/09\/large-Micro-Flex-Silver-1536x1025.jpg 1536w\" sizes=\"(max-width: 395px) 100vw, 395px\" \/><\/p>\n<p>&nbsp;<\/p>\n<p><strong>Les plus :<\/strong><\/p>\n<p>\ud83d\udef4 Livr\u00e9e avec une lani\u00e8re de transport<\/p>\n<p>\ud83d\udef4 Fabriqu\u00e9e en bois et fibres de verre, elle est tr\u00e8s flexible, et permet d\u2019absorber les asp\u00e9rit\u00e9s du sol<\/p>\n<p>\ud83d\udef4 Barre de direction ajustable<\/p>\n<p>\ud83d\udef4 Poign\u00e9es en mousse rabattables<\/p>\n<p>&nbsp;<\/p>\n<p>&nbsp;<\/p>\n<p>Pour d\u00e9couvrir la Micro Flex, <a href=\"https:\/\/www.micro-mobility.fr\/38-micro-flex-alu.html\" target=\"_blank\" rel=\"noopener noreferrer\"><strong><span style=\"color: #3366ff;\">cliquez-ici !<\/span><\/strong><\/a><\/p>\n<p>&nbsp;<\/p>\n<ul>\n<li>\n<h4>La Micro\u00a0 Speed +<\/h4>\n<\/li>\n<\/ul>\n<p><img decoding=\"async\" loading=\"lazy\" class=\"alignleft wp-image-947\" title=\"Trottinette m\u00e9canique Micro Speed +\" src=\"https:\/\/www.micro-mobility.fr\/blog\/wp-content\/uploads\/2020\/09\/png-Micro-Speed-Aztec-Black1.png\" alt=\"Trottinette m\u00e9canique Micro Speed +\" width=\"193\" height=\"290\" \/><\/p>\n<p>&nbsp;<\/p>\n<p>Tout comme la Micro Flex,<span style=\"color: #339966;\"><strong> la Micro Speed +<\/strong><\/span> vous permet de r\u00e9aliser vos d\u00e9placements urbains multimodaux rapidement et facilement.<\/p>\n<p>Pliable, compacte et tr\u00e8s l\u00e9g\u00e8re, celle-ci est simple \u00e0 transporter notamment dans les transports en commun mais aussi \u00e0 porter sur l&rsquo;\u00e9paule gr\u00e2ce \u00e0 la lani\u00e8re fournie lors de la livraison, cette trottinette vous accompagnera pour la semaine de la mobilit\u00e9 !<\/p>\n<p>&nbsp;<\/p>\n<p>&nbsp;<\/p>\n<p>&nbsp;<\/p>\n<p>&nbsp;<\/p>\n<p>&nbsp;<\/p>\n<p><a href=\"https:\/\/www.micro-mobility.fr\/148-micro-speed-black.html\"><img decoding=\"async\" loading=\"lazy\" class=\"alignleft wp-image-949\" title=\"Image de d\u00e9monstration trottinette m\u00e9canique Micro Speed +\" src=\"https:\/\/www.micro-mobility.fr\/blog\/wp-content\/uploads\/2020\/09\/large-Speed-Mixed.jpg\" alt=\"Image de d\u00e9monstration trottinette m\u00e9canique Micro Speed +\" width=\"398\" height=\"265\" srcset=\"https:\/\/www.micro-mobility.fr\/blog\/wp-content\/uploads\/2020\/09\/large-Speed-Mixed.jpg 1600w, https:\/\/www.micro-mobility.fr\/blog\/wp-content\/uploads\/2020\/09\/large-Speed-Mixed-300x200.jpg 300w, https:\/\/www.micro-mobility.fr\/blog\/wp-content\/uploads\/2020\/09\/large-Speed-Mixed-1024x684.jpg 1024w, https:\/\/www.micro-mobility.fr\/blog\/wp-content\/uploads\/2020\/09\/large-Speed-Mixed-768x513.jpg 768w, https:\/\/www.micro-mobility.fr\/blog\/wp-content\/uploads\/2020\/09\/large-Speed-Mixed-1536x1025.jpg 1536w\" sizes=\"(max-width: 398px) 100vw, 398px\" \/><\/a><\/p>\n<p><strong>Les plus :<\/strong><\/p>\n<p>\ud83d\udef4 Roues de 145mm et dot\u00e9es d&rsquo;absorbeurs de chocs, ce qui permet une glisse confortable m\u00eame sur un bitume de mauvaise qualit\u00e9<\/p>\n<p>\ud83d\udef4 Barre de direction ajustable<\/p>\n<p>\ud83d\udef4 Poign\u00e9es en mousse rabattables<\/p>\n<p>\ud83d\udef4 Planche tr\u00e8s basse pour plus de confort et moins d&rsquo;effort<\/p>\n<p>&nbsp;<\/p>\n<p>&nbsp;<\/p>\n<p>Pour d\u00e9couvrir la Micro Speed +, <strong><a href=\"https:\/\/www.micro-mobility.fr\/148-micro-speed-black.html\" target=\"_blank\" rel=\"noopener noreferrer\">cliquez-ici !<\/a> <\/strong><\/p>\n<p>&nbsp;<\/p>\n<h3>Les trottinettes \u00e9lectriques<\/h3>\n<p>&nbsp;<\/p>\n<ul>\n<li>\n<h4>La trottinette \u00e9lectrique Micro Merlin<\/h4>\n<\/li>\n<\/ul>\n<p>&nbsp;<\/p>\n<p><img decoding=\"async\" loading=\"lazy\" class=\"alignleft wp-image-969\" title=\"Trottinette \u00e9lectrique Micro Merlin \" src=\"https:\/\/www.micro-mobility.fr\/blog\/wp-content\/uploads\/2020\/09\/png-Micro-Merlin-with-Handbrake.png\" alt=\"Trottinette \u00e9lectrique Micro Merlin \" width=\"192\" height=\"288\" srcset=\"https:\/\/www.micro-mobility.fr\/blog\/wp-content\/uploads\/2020\/09\/png-Micro-Merlin-with-Handbrake.png 4016w, https:\/\/www.micro-mobility.fr\/blog\/wp-content\/uploads\/2020\/09\/png-Micro-Merlin-with-Handbrake-200x300.png 200w, https:\/\/www.micro-mobility.fr\/blog\/wp-content\/uploads\/2020\/09\/png-Micro-Merlin-with-Handbrake-684x1024.png 684w, https:\/\/www.micro-mobility.fr\/blog\/wp-content\/uploads\/2020\/09\/png-Micro-Merlin-with-Handbrake-768x1150.png 768w, https:\/\/www.micro-mobility.fr\/blog\/wp-content\/uploads\/2020\/09\/png-Micro-Merlin-with-Handbrake-1025x1536.png 1025w, https:\/\/www.micro-mobility.fr\/blog\/wp-content\/uploads\/2020\/09\/png-Micro-Merlin-with-Handbrake-1367x2048.png 1367w\" sizes=\"(max-width: 192px) 100vw, 192px\" \/><\/p>\n<p>La trottinette \u00e9lectrique <strong><span style=\"color: #339966;\">Micro Merlin<\/span><\/strong> a \u00e9t\u00e9 con\u00e7ue pour les personnes qui souhaitent privil\u00e9gier le confort et la s\u00e9curit\u00e9 et effectuer de longues distances.<\/p>\n<p>La trottinette Micro Merlin est facile \u00e0 prendre en main ; elle s\u2019adapte aux utilisateurs novices comme aux plus exp\u00e9riment\u00e9s. Le principe de fonctionnement est simple : l\u2019acc\u00e9l\u00e9ration se fait \u00e0 l\u2019aide d&rsquo;une g\u00e2chette situ\u00e9e sur le guidon.<\/p>\n<p>La trottinette \u00e9lectrique Micro Merlin s\u2019adaptera \u00e0 toutes les situations du quotidien et sera id\u00e9ale si vous souhaitez effectuer de longs trajets domicile \/ bureau pour <span style=\"color: #339966;\"><strong>la Semaine de la Mobilit\u00e9 !<\/strong><\/span><\/p>\n<p>&nbsp;<\/p>\n<p>&nbsp;<\/p>\n<p>&nbsp;<\/p>\n<p>&nbsp;<\/p>\n<p><img decoding=\"async\" loading=\"lazy\" class=\"alignleft wp-image-970\" title=\"Image de d\u00e9monstration trottinette \u00e9lectrique Micro Merlin \" src=\"https:\/\/www.micro-mobility.fr\/blog\/wp-content\/uploads\/2020\/09\/large-Micro-Merlin-X4.jpg\" alt=\"Image de d\u00e9monstration trottinette \u00e9lectrique Micro Merlin \" width=\"221\" height=\"331\" srcset=\"https:\/\/www.micro-mobility.fr\/blog\/wp-content\/uploads\/2020\/09\/large-Micro-Merlin-X4.jpg 802w, https:\/\/www.micro-mobility.fr\/blog\/wp-content\/uploads\/2020\/09\/large-Micro-Merlin-X4-201x300.jpg 201w, https:\/\/www.micro-mobility.fr\/blog\/wp-content\/uploads\/2020\/09\/large-Micro-Merlin-X4-684x1024.jpg 684w, https:\/\/www.micro-mobility.fr\/blog\/wp-content\/uploads\/2020\/09\/large-Micro-Merlin-X4-768x1149.jpg 768w\" sizes=\"(max-width: 221px) 100vw, 221px\" \/><\/p>\n<p>&nbsp;<\/p>\n<p><strong>Les plus :<\/strong><\/p>\n<p>\ud83d\udef4 Pliable au pied et compacte pour la transporter o\u00f9 que vous soyez (mode trolley)<\/p>\n<p>\ud83d\udef4 4 modes diff\u00e9rents de conduite pour un confort maximal<\/p>\n<p>\ud83d\udef4 L&rsquo;\u00e9cran int\u00e9gr\u00e9 sur le guidon avec une option r\u00e9gulateur de vitesse, niveau de charge de la batterie, la vitesse \u00e0 laquelle vous roulez, la temp\u00e9rature ext\u00e9rieure et la distance actuelle parcourue<\/p>\n<p>\ud83d\udef4 Frein moteur sur le guidon et au pied<\/p>\n<p>&nbsp;<\/p>\n<p>&nbsp;<\/p>\n<p>&nbsp;<\/p>\n<p>&nbsp;<\/p>\n<p>Pour d\u00e9couvrir la trottinette \u00e9lectrique Micro Merlin, <strong><a href=\"https:\/\/www.micro-mobility.fr\/1241-trottinette-electrique-micro-merlin.html\" target=\"_blank\" rel=\"noopener noreferrer\">cliquez-ici !<\/a><\/strong><\/p>\n<p>&nbsp;<\/p>\n<ul>\n<li>\n<h4>La trottinette \u00e9lectrique Micro Explorer<\/h4>\n<\/li>\n<\/ul>\n<p><img decoding=\"async\" loading=\"lazy\" class=\"alignleft wp-image-978\" title=\"Trottinette \u00e9lectrique Micro Explorer \" src=\"https:\/\/www.micro-mobility.fr\/blog\/wp-content\/uploads\/2020\/09\/png-Micro-Explorer-Plaque-.png\" alt=\"Trottinette \u00e9lectrique Micro Explorer \" width=\"193\" height=\"290\" srcset=\"https:\/\/www.micro-mobility.fr\/blog\/wp-content\/uploads\/2020\/09\/png-Micro-Explorer-Plaque-.png 4160w, https:\/\/www.micro-mobility.fr\/blog\/wp-content\/uploads\/2020\/09\/png-Micro-Explorer-Plaque--200x300.png 200w, https:\/\/www.micro-mobility.fr\/blog\/wp-content\/uploads\/2020\/09\/png-Micro-Explorer-Plaque--683x1024.png 683w, https:\/\/www.micro-mobility.fr\/blog\/wp-content\/uploads\/2020\/09\/png-Micro-Explorer-Plaque--768x1152.png 768w, https:\/\/www.micro-mobility.fr\/blog\/wp-content\/uploads\/2020\/09\/png-Micro-Explorer-Plaque--1024x1536.png 1024w, https:\/\/www.micro-mobility.fr\/blog\/wp-content\/uploads\/2020\/09\/png-Micro-Explorer-Plaque--1365x2048.png 1365w\" sizes=\"(max-width: 193px) 100vw, 193px\" \/><\/p>\n<p>&nbsp;<\/p>\n<p>&nbsp;<\/p>\n<p>Derni\u00e8re-n\u00e9e dans la gamme des trottinettes \u00e9lectriques, la <span style=\"color: #339966;\"><strong>Micro Explorer<\/strong> <\/span>a \u00e9t\u00e9 pens\u00e9e avec une seule id\u00e9e en t\u00eate : la durabilit\u00e9.<\/p>\n<p>Ceci a \u00e9t\u00e9 rendu possible gr\u00e2ce aux 10 ans d\u2019exp\u00e9rience de Micro en la mati\u00e8re et gr\u00e2ce au choix des mat\u00e9riaux et composants de tr\u00e8s haute qualit\u00e9.<\/p>\n<p>La trottinette \u00e9lectrique Micro Explorer offre donc un confort in\u00e9gal\u00e9 gr\u00e2ce \u00e0 ses doubles suspensions r\u00e9glables avant et arri\u00e8re permettant d\u2019adapter le mode de conduite choisi \u00e0 toutes les surfaces.<\/p>\n<p>Le design \u00e9pur\u00e9 de la trottinette \u00e9lectrique Micro Explorer vous offrira une solution de mobilit\u00e9 d\u2019une \u00e9l\u00e9gante discr\u00e9tion pour <strong><span style=\"color: #339966;\">le Challenge Mobilit\u00e9 2020.<\/span><\/strong><\/p>\n<p>&nbsp;<\/p>\n<p>&nbsp;<\/p>\n<p><img decoding=\"async\" loading=\"lazy\" class=\"alignleft wp-image-977\" title=\"Image de d\u00e9monstration trottinette \u00e9lectrique Micro Explorer\" src=\"https:\/\/www.micro-mobility.fr\/blog\/wp-content\/uploads\/2020\/09\/large-Micro-Explorer.jpg\" alt=\"Image de d\u00e9monstration trottinette \u00e9lectrique Micro Explorer\" width=\"547\" height=\"365\" \/><\/p>\n<p><strong>Les plus :<\/strong><\/p>\n<p>\ud83d\udef4 Fiabilit\u00e9 et durabilit\u00e9<\/p>\n<p>\ud83d\udef4 Connect\u00e9e \u00e0 l\u2019App Micro Mobility (IOS ou Android)<\/p>\n<p>\ud83d\udef4 Pneus anti-crevaison<\/p>\n<p>\ud83d\udef4 4 modes de conduite diff\u00e9rents<\/p>\n<p>\ud83d\udef4 \u00c9cran design int\u00e9gr\u00e9 dans le guidon qui permet d\u2019allumer la trottinette, de choisir le mode de conduite et de faire fonctionner la lumi\u00e8re avant<\/p>\n<p style=\"text-align: left;\">\ud83d\udef4 Le guidon int\u00e8gre un frein type v\u00e9lo qui est \u00e0 la fois un frein m\u00e9canique (tambour) sur la roue arri\u00e8re et un frein moteur sur la roue avant<\/p>\n<p>&nbsp;<\/p>\n<p>Pour d\u00e9couvrir la trottinette \u00e9lectrique Micro Explorer, <strong><a href=\"https:\/\/www.micro-mobility.fr\/1465-trottinette-electrique-micro-explorer.html\" target=\"_blank\" rel=\"noopener noreferrer\">cliquez-ici !<\/a><\/strong><\/p>\n<p>&nbsp;<\/p>\n<p><img decoding=\"async\" loading=\"lazy\" class=\"wp-image-1043 aligncenter\" src=\"https:\/\/www.micro-mobility.fr\/blog\/wp-content\/uploads\/2020\/09\/Bon-a-savoir-article.jpg\" alt=\"\" width=\"544\" height=\"429\" srcset=\"https:\/\/www.micro-mobility.fr\/blog\/wp-content\/uploads\/2020\/09\/Bon-a-savoir-article.jpg 660w, https:\/\/www.micro-mobility.fr\/blog\/wp-content\/uploads\/2020\/09\/Bon-a-savoir-article-300x237.jpg 300w\" sizes=\"(max-width: 544px) 100vw, 544px\" \/><\/p>\n<p>&nbsp;<\/p>\n<p>Alors, \u00eates-vous pr\u00eat \u00e0 changer votre mode de d\u00e9placement pour la Semaine de la Mobilit\u00e9 avec Micro\u00a0 ?<\/p>\n<p>Retrouvez tous nos conseils pour bien choisir votre trottinette gr\u00e2ce \u00e0 notre article <a href=\"https:\/\/www.micro-mobility.fr\/blog\/trottinette-electrique-ou-mecanique\/\" target=\"_blank\" rel=\"noopener noreferrer\"><strong>\u00ab\u00a0\u00c9lectrique ou m\u00e9canique, faire le bon choix&#8230;\u00a0\u00bb<\/strong><\/a><\/p>\n<p>&nbsp;<\/p>\n<p><img decoding=\"async\" loading=\"lazy\" class=\"wp-image-990 alignleft\" src=\"https:\/\/www.micro-mobility.fr\/blog\/wp-content\/uploads\/2020\/09\/instagram-logo-transparent-png-571.png\" alt=\"\" width=\"37\" height=\"37\" srcset=\"https:\/\/www.micro-mobility.fr\/blog\/wp-content\/uploads\/2020\/09\/instagram-logo-transparent-png-571.png 1000w, https:\/\/www.micro-mobility.fr\/blog\/wp-content\/uploads\/2020\/09\/instagram-logo-transparent-png-571-300x300.png 300w, https:\/\/www.micro-mobility.fr\/blog\/wp-content\/uploads\/2020\/09\/instagram-logo-transparent-png-571-150x150.png 150w, https:\/\/www.micro-mobility.fr\/blog\/wp-content\/uploads\/2020\/09\/instagram-logo-transparent-png-571-768x768.png 768w\" sizes=\"(max-width: 37px) 100vw, 37px\" \/>Partagez-nous vos photos sur notre <span style=\"color: #000000;\"><span style=\"color: #339966;\"><a style=\"color: #339966;\" href=\"https:\/\/www.instagram.com\/micromobilityfrance\/?hl=fr\" target=\"_blank\" rel=\"noopener noreferrer\"><strong>Instagram \u00ab\u00a0micromobilityfrance\u00a0\u00bb <\/strong><\/a><\/span>avec le hashtag <span style=\"color: #339966;\"><strong>#SEM2020avecMicro<\/strong><\/span> et taguez-nous sur vos storys ! \u00c0 vous de jouer ! \ud83d\ude09<\/span><\/p>\n","protected":false},"excerpt":{"rendered":"<p>\u00c0 l&rsquo;occasion de la semaine de la mobilit\u00e9, du 16 au 22 septembre 2020, Micro vous aide \u00e0 adopter un mode de transport plus doux et alternatif !<\/p>\n","protected":false},"author":6,"featured_media":1000,"comment_status":"closed","ping_status":"open","sticky":false,"template":"","format":"standard","meta":[],"categories":[1,6],"tags":[130,134,39,76,135,133,105],"aioseo_notices":[],"_links":{"self":[{"href":"https:\/\/www.micro-mobility.fr\/blog\/wp-json\/wp\/v2\/posts\/910"}],"collection":[{"href":"https:\/\/www.micro-mobility.fr\/blog\/wp-json\/wp\/v2\/posts"}],"about":[{"href":"https:\/\/www.micro-mobility.fr\/blog\/wp-json\/wp\/v2\/types\/post"}],"author":[{"embeddable":true,"href":"https:\/\/www.micro-mobility.fr\/blog\/wp-json\/wp\/v2\/users\/6"}],"replies":[{"embeddable":true,"href":"https:\/\/www.micro-mobility.fr\/blog\/wp-json\/wp\/v2\/comments?post=910"}],"version-history":[{"count":95,"href":"https:\/\/www.micro-mobility.fr\/blog\/wp-json\/wp\/v2\/posts\/910\/revisions"}],"predecessor-version":[{"id":2068,"href":"https:\/\/www.micro-mobility.fr\/blog\/wp-json\/wp\/v2\/posts\/910\/revisions\/2068"}],"wp:featuredmedia":[{"embeddable":true,"href":"https:\/\/www.micro-mobility.fr\/blog\/wp-json\/wp\/v2\/media\/1000"}],"wp:attachment":[{"href":"https:\/\/www.micro-mobility.fr\/blog\/wp-json\/wp\/v2\/media?parent=910"}],"wp:term":[{"taxonomy":"category","embeddable":true,"href":"https:\/\/www.micro-mobility.fr\/blog\/wp-json\/wp\/v2\/categories?post=910"},{"taxonomy":"post_tag","embeddable":true,"href":"https:\/\/www.micro-mobility.fr\/blog\/wp-json\/wp\/v2\/tags?post=910"}],"curies":[{"name":"wp","href":"https:\/\/api.w.org\/{rel}","templated":true}]}}